{"id":66953,"date":"2025-10-22T08:51:08","date_gmt":"2025-10-22T08:51:08","guid":{"rendered":"https:\/\/www.europesays.com\/no\/66953\/"},"modified":"2025-10-22T08:51:08","modified_gmt":"2025-10-22T08:51:08","slug":"askoy-vann-og-avlop-stort-vannbrudd-pa-askoy","status":"publish","type":"post","link":"https:\/\/www.europesays.com\/no\/66953\/","title":{"rendered":"Ask\u00f8y, Vann og avl\u00f8p | Stort vannbrudd p\u00e5 Ask\u00f8y"},"content":{"rendered":"\n<p>Ask\u00f8y kommune meldte i 0630-tiden onsdag morgen at det er oppdaget et vannbrudd, som medf\u00f8rer at abonnenter til Ingersvann vannverk er uten vann.<\/p>\n<p><b>Vannledningsbruddet skal ha skjedd rundt klokken 0330 natt til onsdag, if\u00f8lge leder for vann og avl\u00f8p, Anton B\u00f8.<\/b><\/p>\n<p>\u2013 Vi har lokalisert bruddet til omr\u00e5det Nedre Strand i n\u00e6rheten av Kleppest\u00f8. Dette er sannsynligvis brudd p\u00e5 et gammelt vannr\u00f8r, sier B\u00f8.<\/p>\n<p>\u2013 Det er snakk om mange husstander, sier kommunens leder for kommunikasjon, Dag Folkestad, til BA.<\/p>\n<p>Folkestad sier at ber\u00f8rte abonnenter varslet om situasjonen.<\/p>\n<p>\u2013 Ganske mange har ringt inn til vann og avl\u00f8p da de fant ut at de manglet vann.<\/p>\n<p>Benytter vannvogner<\/p>\n<p><b>Klokken 0930 sendte Ask\u00f8y kommune ut f\u00f8lgende melding til ber\u00f8rte abonnenter:<\/b><\/p>\n<p>\u2013 Grunnet vannledningsbrudd p\u00e5 Nedre Strand er vannet til deres eiendom borte resten av dagen. Vannvogner blir plassert i omr\u00e5det. Oppfordrer alle fra Nedre Strand 25 og innover til \u00e5 finne alternativ parkering, da veien vil bli stengt.<\/p>\n<p>Kort tid senere sendte kommunen ut en ny melding:<\/p>\n<p>\u2013 Et st\u00f8rre omr\u00e5de p\u00e5 \u00f8stsiden har opplevd redusert trykk eller bortfall av vann. Bruddet er lokalisert og vi har avgrenset omr\u00e5det med ber\u00f8rte abonnenter. Ved misfarget vann i ettertid, la kaldt vann renne til det klarner, helst p\u00e5 en utekran.<\/p>\n<p>\u2013 Krevende<\/p>\n<p><b>Ordf\u00f8rer Yngve Fosse (H) opplyser om et stort omfang.<\/b><\/p>\n<p>\u2013 Store deler av Ask\u00f8y s\u00f8r f\u00e5r vannet sitt fra Ingersvann vannverk. Flere tusen abonnenter er ber\u00f8rt, sier Fosse til BA.<\/p>\n<p>Ordf\u00f8reren var onsdag morgen i et m\u00f8te med kommuneledelsen for \u00e5 f\u00e5 en bedre oversikt over situasjonen.<\/p>\n<p>Sjef for teknisk i Ask\u00f8y kommune, Jarl-Helmer Svanberg, sier de ikke kan gi et tidspunkt for n\u00e5r feilen blir rettet enn\u00e5.<\/p>\n<p>\u2013 Hvordan skal folk p\u00e5 Ask\u00f8y klare seg uten vann p\u00e5 morgenkvisten?<\/p>\n<p><b>\u2013 Det er selvf\u00f8lgelig krevende, svarer Svanberg, som sier de vil ha mer informasjon fortl\u00f8pende.<\/b><\/p>\n<p>Flere r\u00e5d<\/p>\n<p><b>N\u00e5r vannet etter hvert kommer tilbake, anbefaler kommunen f\u00f8lgende tiltak:<\/b><\/p>\n<ul>\n<li>La kaldt vann renne til det er klart.<\/li>\n<li>Tapp fra f\u00f8rste kran etter hovedstoppekran, da drar du minst mulig misfarget vann inn i r\u00f8rsystemet ditt. I sommerhalv\u00e5ret er utekranen det beste tappestedet.<\/li>\n<li>Unng\u00e5 \u00e5 tappe varmt vann for \u00e5 hindre grums til varmtvannstanken.<\/li>\n<li>Du b\u00f8r ikke vaske lyse kl\u00e6r f\u00f8r vannet er klart igjen.<\/li>\n<li>Hvis du er uheldig og f\u00e5r brunfarge p\u00e5 klesvasken, anbefaler vi at du holder kl\u00e6rne v\u00e5te til du f\u00e5r vasket dem i rent og klart vann. T\u00f8rker kl\u00e6rne, kan de misfarges.<\/li>\n<\/ul>\n","protected":false},"excerpt":{"rendered":"Ask\u00f8y kommune meldte i 0630-tiden onsdag morgen at det er oppdaget et vannbrudd, som medf\u00f8rer at abonnenter til&hellip;\n","protected":false},"author":2,"featured_media":66852,"comment_status":"","ping_status":"","sticky":false,"template":"","format":"standard","meta":{"footnotes":""},"categories":[10],"tags":[36,2271,20,21,24,25,15,9556,22,23,13,30,28,29,14,16,1510,26,27,1507],"class_list":{"0":"post-66953","1":"post","2":"type-post","3":"status-publish","4":"format-standard","5":"has-post-thumbnail","7":"category-norge","8":"tag-art","9":"tag-askoy","10":"tag-breaking-news","11":"tag-breakingnews","12":"tag-featured-news","13":"tag-featurednews","14":"tag-headlines","15":"tag-ingersvann-vannverk","16":"tag-latest-news","17":"tag-latestnews","18":"tag-news","19":"tag-no","20":"tag-norge","21":"tag-norway","22":"tag-nyheter","23":"tag-overskrifter","24":"tag-story","25":"tag-top-stories","26":"tag-topstories","27":"tag-vann-og-avlop"},"share_on_mastodon":{"url":"","error":""},"_links":{"self":[{"href":"https:\/\/www.europesays.com\/no\/wp-json\/wp\/v2\/posts\/66953","targetHints":{"allow":["GET"]}}],"collection":[{"href":"https:\/\/www.europesays.com\/no\/wp-json\/wp\/v2\/posts"}],"about":[{"href":"https:\/\/www.europesays.com\/no\/wp-json\/wp\/v2\/types\/post"}],"author":[{"embeddable":true,"href":"https:\/\/www.europesays.com\/no\/wp-json\/wp\/v2\/users\/2"}],"replies":[{"embeddable":true,"href":"https:\/\/www.europesays.com\/no\/wp-json\/wp\/v2\/comments?post=66953"}],"version-history":[{"count":0,"href":"https:\/\/www.europesays.com\/no\/wp-json\/wp\/v2\/posts\/66953\/revisions"}],"wp:featuredmedia":[{"embeddable":true,"href":"https:\/\/www.europesays.com\/no\/wp-json\/wp\/v2\/media\/66852"}],"wp:attachment":[{"href":"https:\/\/www.europesays.com\/no\/wp-json\/wp\/v2\/media?parent=66953"}],"wp:term":[{"taxonomy":"category","embeddable":true,"href":"https:\/\/www.europesays.com\/no\/wp-json\/wp\/v2\/categories?post=66953"},{"taxonomy":"post_tag","embeddable":true,"href":"https:\/\/www.europesays.com\/no\/wp-json\/wp\/v2\/tags?post=66953"}],"curies":[{"name":"wp","href":"https:\/\/api.w.org\/{rel}","templated":true}]}}