{"id":66961,"date":"2025-10-22T09:00:10","date_gmt":"2025-10-22T09:00:10","guid":{"rendered":"https:\/\/www.europesays.com\/no\/66961\/"},"modified":"2025-10-22T09:00:10","modified_gmt":"2025-10-22T09:00:10","slug":"ukrainas-presidentpar-i-norge","status":"publish","type":"post","link":"https:\/\/www.europesays.com\/no\/66961\/","title":{"rendered":"Ukrainas presidentpar i Norge"},"content":{"rendered":"\n<p class=\"_lead_o9xde_2 _lead_xtcu6_50 layout-component text-serif-m layout-normal text-serif-l layout-component layout-wide layout-padded _wide_17hqh_1 layout-padded\">President Volodomyr Zelenskyj og Ukrainas f\u00f8rstedame Olena Zelenska kom onsdag formiddag p\u00e5 en lynvisitt til Norge.<\/p>\n<p>Foto: Fredrik Solstad  \/ VG<\/p>\n<p> Oppdatert onsdag 22. oktober kl. 10:59     <\/p>\n<p class=\"_paragraph_o9xde_4 _paragraph_xtcu6_10 layout-component text-serif-m layout-normal text-serif-m layout-padded\">Statsminister Jonas Gahr St\u00f8re (Ap) er p\u00e5 flyplassen for \u00e5 \u00f8nske paret velkommen.<\/p>\n<p class=\"_paragraph_o9xde_4 _paragraph_xtcu6_10 layout-component text-serif-m layout-normal text-serif-m layout-padded\">\u2013 Norge st\u00e5r sammen med Ukraina i \u00f8nsket om en varig og rettferdig fred, slik det ukrainske folk fortjener, sier St\u00f8re i en pressemelding.<\/p>\n<p class=\"_paragraph_o9xde_4 _paragraph_xtcu6_10 layout-component text-serif-m layout-normal text-serif-m layout-padded\">Presidenten er p\u00e5 rundreise i Europa og skal ha samtaler med blant andre St\u00f8re f\u00f8r han fortsetter til den svenske byen Link\u00f6ping, hvor forsvarskonsernet Saab bygger kampflyet Jas Gripen. Av tidshensyn blir Norges-m\u00f8tet p\u00e5 Gardermoen.<\/p>\n<p class=\"_paragraph_o9xde_4 _paragraph_xtcu6_10 layout-component text-serif-m layout-normal text-serif-m layout-padded\">\u2013 Det handler om en betydelig industrikontrakt, skriver den svenske statsministeren Ulf Kristersson p\u00e5 X tidlig onsdag morgen.<\/p>\n<p class=\"_paragraph_o9xde_4 _paragraph_xtcu6_10 layout-component text-serif-m layout-normal text-serif-m layout-padded\">F\u00f8rstedame Olena Zelenska skal v\u00e6re igjen igjen i Oslo hvor hun har et eget program. Hun satte seg inn i en ventende bil og ble kj\u00f8rt bort. <\/p>\n<p><img alt=\"Foto: Fredrik Solstad  \/ VG\" class=\"_image_qp4xg_65 layout-component layout-normal\" data-fullscreen- data-track-element-type=\"Article image fullscreen\" data-track-name=\"ImageFullscreen\" decoding=\"async\" loading=\"lazy\" height=\"2631\" itemprop=\"image\"  src=\"https:\/\/www.europesays.com\/no\/wp-content\/uploads\/2025\/10\/759a9444-0256-4df8-b965-0c040488cd77\"  style=\"object-position:0% 0%\" width=\"3467\"\/>Foto: Fredrik Solstad  \/ VG<\/p>\n<p class=\"_paragraph_o9xde_4 _paragraph_xtcu6_10 layout-component text-serif-m layout-normal text-serif-m layout-padded\">St\u00f8res kontor i Oslo har forel\u00f8pig ikke gitt detaljer om hva som skal skje under det korte norske bes\u00f8ket. Den ukrainske presidenten var senest i Norge i slutten av mars i \u00e5r, skriver NTB.<\/p>\n<p>Nye angrep i natt<\/p>\n<p class=\"_paragraph_o9xde_4 _paragraph_xtcu6_10 layout-component text-serif-m layout-normal text-serif-m layout-padded\">\u2013 Norges st\u00f8tte til Ukraina er sterk og fortsetter. Det er avgj\u00f8rende \u00e5 ha tett dialog med ukrainske myndigheter, slik at st\u00f8tten m\u00f8ter behovene p\u00e5 bakken i Ukraina, sier St\u00f8re i pressemeldingen.<\/p>\n<p class=\"_paragraph_o9xde_4 _paragraph_xtcu6_10 layout-component text-serif-m layout-normal text-serif-m layout-padded\">Natt til onsdag var det nye heftige russiske agrep p\u00e5 Ukraina. Minst seks mennesker, deriblant to barn, ble drept.<\/p>\n<p class=\"_paragraph_o9xde_4 _paragraph_xtcu6_10 layout-component text-serif-m layout-normal text-serif-m layout-padded\">Kyivs ordf\u00f8rer Vitalij Klitsjko sier at et stort droneangrep i morgentimene f\u00f8rte til skader p\u00e5 boliger, og at flere personer ogs\u00e5 er s\u00e5ret. <\/p>\n<p><img alt=\"Foto: Fredrik Solstad  \/ VG\" class=\"_image_qp4xg_65 layout-component layout-normal\" data-fullscreen- data-track-element-type=\"Article image fullscreen\" data-track-name=\"ImageFullscreen\" decoding=\"async\" loading=\"lazy\" height=\"2656\" itemprop=\"image\"  src=\"https:\/\/www.europesays.com\/no\/wp-content\/uploads\/2025\/10\/077df8e9-a84c-453f-98a6-b93ae64396ef\"  style=\"object-position:0% 0%\" width=\"3984\"\/>Foto: Fredrik Solstad  \/ VG<\/p>\n<p class=\"_paragraph_o9xde_4 _paragraph_xtcu6_10 layout-component text-serif-m layout-normal text-serif-m layout-padded\">P\u00e5 toppen av agendaen i m\u00f8tet med St\u00f8re st\u00e5r trolig <a href=\"https:\/\/www.regjeringen.no\/no\/aktuelt\/felles-uttalelse-om-ukraina\/id3125666\/\" class=\"_link_o9xde_39\" rel=\"nofollow noopener\" target=\"_blank\">et nytt europeisk fredsinitiativ for Ukraina<\/a>, som St\u00f8re denne uken har undertegnet sammen med Zelenskyj og flere europeiske ledere.<\/p>\n<p class=\"_paragraph_o9xde_4 _paragraph_xtcu6_10 layout-component text-serif-m layout-normal text-serif-m layout-padded\">I uttalelsen st\u00e5r det at krigen m\u00e5 stoppes umiddelbart, og at en v\u00e5penhvile m\u00e5 ta utgangspunkt i den gjeldende frontlinjen inne p\u00e5 ukrainsk territorium.<\/p>\n<p class=\"_paragraph_o9xde_4 _paragraph_xtcu6_10 layout-component text-serif-m layout-normal text-serif-m layout-padded\">\u2013 Vi er alle forent i v\u00e5rt \u00f8nske om en rettferdig og varig fred, slik som Ukrainas folk fortjener, heter det i uttalelsen som kan leses som et svar p\u00e5 president Putins krav om at Ukraina m\u00e5 oppgi st\u00f8rre deler av sitt territorium f\u00f8r Russland vil v\u00e6re med p\u00e5 en v\u00e5penhvile.<\/p>\n<p class=\"_paragraph_o9xde_4 _paragraph_xtcu6_10 layout-component text-serif-m layout-normal text-serif-m layout-padded\">Senere onsdag bes\u00f8ker alts\u00e5 Zelenskyj <a href=\"https:\/\/www.regeringen.se\/pressmeddelanden\/2025\/10\/statsministern-tar-emot-ukrainas-president-volodymyr-zelenskyj\/\" class=\"_link_o9xde_39\" rel=\"nofollow noopener\" target=\"_blank\">Sverige hvor han skal m\u00f8te statsminister Ulf Kristersson.<\/a> If\u00f8lge en pressemelding fra den svenske regjeringen skal samtalene handle om Russlands angrepskrig mot\u00a0Ukraina\u00a0og det bilaterale forsvarssamarbeidet mellom Sverige og\u00a0Ukraina.<\/p>\n<p class=\"_paragraph_o9xde_4 _paragraph_xtcu6_10 layout-component text-serif-m layout-normal text-serif-m layout-padded\">Etter m\u00f8tet holdes det ogs\u00e5 en pressekonferanse \u00abfor \u00e5 presentere en nyhet innen forsvarseksportomr\u00e5det,\u00bb som det heter p\u00e5 den svenske regjeringens nettsider.<\/p>\n<p>Trump-Putin m\u00f8te i det bl\u00e5<\/p>\n<p class=\"_paragraph_o9xde_4 _paragraph_xtcu6_10 layout-component text-serif-m layout-normal text-serif-m layout-padded\">Tirsdag kveld kom det meldinger fra USA om at det planlagte toppm\u00f8tet mellom Putin og president Donald Trump <a href=\"https:\/\/www.vg.no\/nyheter\/i\/B050Gl\/telegraph-moetet-mellom-trump-og-putin-i-budapest-blir-ikke-noe-av\" data-track-element-type=\"Link\" data-track-id=\"link:B050Gl\" class=\"_link_o9xde_39\" rel=\"nofollow noopener\" target=\"_blank\">ikke blir noe av<\/a>, og at det er utsatt p\u00e5 ubestemt tid. Det skjer etter at Trump i forrige uke sa han snart skulle m\u00f8te Putin i Budapest i Ungarn for \u00e5 diskutere en slutt p\u00e5 <a href=\"https:\/\/www.vg.no\/tag\/invasjonen-av-ukraina?utm_source=vg-article&amp;utm_medium=auto-tagger&amp;utm_campaign=alXJV4\" class=\"_link_o9xde_39\" rel=\"nofollow noopener\" target=\"_blank\">krigen i Ukraina<\/a>.<\/p>\n<p class=\"_paragraph_o9xde_4 _paragraph_xtcu6_10 layout-component text-serif-m layout-normal text-serif-m layout-padded\">\u2013 Jeg vil ikke ha et bortkastet m\u00f8te. Jeg vil ikke kaste bort tiden, s\u00e5 vi f\u00e5r se hva som skjer, sa Trump da han tirsdags kveld m\u00f8tte pressen i Det hvite hus.<\/p>\n<p class=\"_paragraph_o9xde_4 _paragraph_xtcu6_10 layout-component text-serif-m layout-normal text-serif-m layout-padded\">Trump sa at han forventet \u00e5 komme med en oppdatering om sin tiln\u00e6rming til Russland og Ukraina \u00abi l\u00f8pet av de neste to dagene\u00bb. Tidligere har presidenten ofte sagt at en kunngj\u00f8ring vil komme om noen dager eller uker, for s\u00e5 \u00e5 utsette fristen gang p\u00e5 gang.<\/p>\n<p class=\"_paragraph_o9xde_4 _paragraph_xtcu6_10 layout-component text-serif-m layout-normal text-serif-m layout-padded\">If\u00f8lge den britiske avisen<a href=\"https:\/\/www.telegraph.co.uk\/us\/news\/2025\/10\/21\/trump-no-longer-plans-meet-putin-hungary\/\" class=\"_link_o9xde_39\" rel=\"nofollow noopener\" target=\"_blank\"> The Telegraph<\/a> ble forberedende m\u00f8tet mellom landenes diplomater ogs\u00e5 avlyst. USAs utenriksminister Marco Rubio skulle m\u00f8te sin russiske kollega Sergej Lavrov for \u00e5 legge grunnlaget for Trump-Putin-toppm\u00f8tet, men det skal ha oppst\u00e5tt stemning i en telefonsamtale mellom de to landenes forhandlere.\u00a0<\/p>\n","protected":false},"excerpt":{"rendered":"President Volodomyr Zelenskyj og Ukrainas f\u00f8rstedame Olena Zelenska kom onsdag formiddag p\u00e5 en lynvisitt til Norge. Foto: Fredrik&hellip;\n","protected":false},"author":2,"featured_media":66962,"comment_status":"","ping_status":"","sticky":false,"template":"","format":"standard","meta":{"footnotes":""},"categories":[5],"tags":[20,21,24,25,2380,15,19,201,179,22,23,17,18,13,30,28,29,14,16,26,27,205,488],"class_list":{"0":"post-66961","1":"post","2":"type-post","3":"status-publish","4":"format-standard","5":"has-post-thumbnail","7":"category-overskrifter","8":"tag-breaking-news","9":"tag-breakingnews","10":"tag-featured-news","11":"tag-featurednews","12":"tag-gardermoen","13":"tag-headlines","14":"tag-hovedoppslag","15":"tag-jonas-gahr-store","16":"tag-krigen-i-ukraina","17":"tag-latest-news","18":"tag-latestnews","19":"tag-main-news","20":"tag-mainnews","21":"tag-news","22":"tag-no","23":"tag-norge","24":"tag-norway","25":"tag-nyheter","26":"tag-overskrifter","27":"tag-top-stories","28":"tag-topstories","29":"tag-vgsamfunn","30":"tag-volodymyr-zelenskyj"},"share_on_mastodon":{"url":"","error":""},"_links":{"self":[{"href":"https:\/\/www.europesays.com\/no\/wp-json\/wp\/v2\/posts\/66961","targetHints":{"allow":["GET"]}}],"collection":[{"href":"https:\/\/www.europesays.com\/no\/wp-json\/wp\/v2\/posts"}],"about":[{"href":"https:\/\/www.europesays.com\/no\/wp-json\/wp\/v2\/types\/post"}],"author":[{"embeddable":true,"href":"https:\/\/www.europesays.com\/no\/wp-json\/wp\/v2\/users\/2"}],"replies":[{"embeddable":true,"href":"https:\/\/www.europesays.com\/no\/wp-json\/wp\/v2\/comments?post=66961"}],"version-history":[{"count":0,"href":"https:\/\/www.europesays.com\/no\/wp-json\/wp\/v2\/posts\/66961\/revisions"}],"wp:featuredmedia":[{"embeddable":true,"href":"https:\/\/www.europesays.com\/no\/wp-json\/wp\/v2\/media\/66962"}],"wp:attachment":[{"href":"https:\/\/www.europesays.com\/no\/wp-json\/wp\/v2\/media?parent=66961"}],"wp:term":[{"taxonomy":"category","embeddable":true,"href":"https:\/\/www.europesays.com\/no\/wp-json\/wp\/v2\/categories?post=66961"},{"taxonomy":"post_tag","embeddable":true,"href":"https:\/\/www.europesays.com\/no\/wp-json\/wp\/v2\/tags?post=66961"}],"curies":[{"name":"wp","href":"https:\/\/api.w.org\/{rel}","templated":true}]}}