{"id":66981,"date":"2025-10-22T09:25:07","date_gmt":"2025-10-22T09:25:07","guid":{"rendered":"https:\/\/www.europesays.com\/no\/66981\/"},"modified":"2025-10-22T09:25:07","modified_gmt":"2025-10-22T09:25:07","slug":"falsk-whatsapp-advarsel-skaper-uro-teksiden-no","status":"publish","type":"post","link":"https:\/\/www.europesays.com\/no\/66981\/","title":{"rendered":"Falsk WhatsApp-advarsel skaper uro &#8211; Teksiden.no"},"content":{"rendered":"<p>En ny runde med kjedemeldinger sprer seg p\u00e5 WhatsApp. Meldingen advarer mot et s\u00e5kalt \u00abMartinelli\u00bb-video og \u00abWhatsApp Gold\u00bb, men alt viser seg \u00e5 v\u00e6re oppdiktet.<\/p>\n<p>If\u00f8lge den \u00f8sterrikske faktasjekkplattformen Mimikama har ingen offisielle kilder noen gang advart mot et slikt videoangrep eller en alternativ versjon av appen kalt WhatsApp Gold. Hverken radiostasjoner eller WhatsApp selv har publisert noe som st\u00f8tter p\u00e5standene i meldingen.<\/p>\n<p><strong>Les ogs\u00e5: <\/strong><a href=\"https:\/\/teksiden.no\/ai\/robotlegene-er-her-men-tor-vi-la-dem-stille-diagnosen\/\" data-type=\"link\" data-id=\"https:\/\/teksiden.no\/ai\/robotlegene-er-her-men-tor-vi-la-dem-stille-diagnosen\/\" rel=\"nofollow noopener\" target=\"_blank\">Robotlegene er her: men t\u00f8r vi la dem stille diagnosen?<\/a><\/p>\n<p>Kjedemeldingen avsl\u00f8rt som falsk<\/p>\n<p>Mimikama sl\u00e5r fast at denne kjeden kun er ment \u00e5 skape frykt og forvirring. Slike meldinger dukker med jevne mellomrom opp i nye varianter, men har samme m\u00f8nster: De ber brukeren dele advarselen videre for \u00e5 \u00abbeskytte andre\u00bb, uten \u00e5 vise til troverdige kilder.<\/p>\n<p>Eksperter anbefaler at man aldri sprer varsler av denne typen f\u00f8r man har kontrollert informasjonen. Det er bedre \u00e5 sjekke opplysninger hos offisielle instanser eller nettsteder som jobber med faktasjekk, f\u00f8r man eventuelt deler videre.<\/p>\n<p>Slik beskytter du deg mot svindel<\/p>\n<p>Brukere b\u00f8r alltid installere oppdateringer via den offisielle appbutikken og unng\u00e5 \u00e5 klikke p\u00e5 ukjente lenker eller \u00e5pne videoer som virker mistenkelige. Hvis du mottar alarmerende meldinger, kan du unders\u00f8ke dem hos Mimikama eller andre p\u00e5litelige kilder.<\/p>\n<p>Det rapporteres ogs\u00e5 om falske e-poster som utgir seg for \u00e5 v\u00e6re fra Telekom. Disse ber mottakeren endre passord eller \u00e5pne vedlegg som viser seg \u00e5 v\u00e6re falske fakturaer. Slike meldinger brukes til \u00e5 samle inn personopplysninger.<\/p>\n<p><strong>Les ogs\u00e5: <\/strong><a href=\"https:\/\/teksiden.no\/teknologi\/samsung-holder-lansering-neste-uke\/\" data-type=\"link\" data-id=\"https:\/\/teksiden.no\/teknologi\/samsung-holder-lansering-neste-uke\/\" rel=\"nofollow noopener\" target=\"_blank\">Samsung holder lansering neste uke<\/a><\/p>\n","protected":false},"excerpt":{"rendered":"En ny runde med kjedemeldinger sprer seg p\u00e5 WhatsApp. Meldingen advarer mot et s\u00e5kalt \u00abMartinelli\u00bb-video og \u00abWhatsApp Gold\u00bb,&hellip;\n","protected":false},"author":2,"featured_media":66982,"comment_status":"","ping_status":"","sticky":false,"template":"","format":"standard","meta":{"footnotes":""},"categories":[57],"tags":[30,28,29,65,63,64,66,70,69,67,68],"class_list":{"0":"post-66981","1":"post","2":"type-post","3":"status-publish","4":"format-standard","5":"has-post-thumbnail","7":"category-vitenskap-og-teknologi","8":"tag-no","9":"tag-norge","10":"tag-norway","11":"tag-science","12":"tag-science-and-technology","13":"tag-scienceandtechnology","14":"tag-technology","15":"tag-teknologi","16":"tag-vitenskap","17":"tag-vitenskap-og-teknologi","18":"tag-vitenskapteknologi"},"share_on_mastodon":{"url":"","error":""},"_links":{"self":[{"href":"https:\/\/www.europesays.com\/no\/wp-json\/wp\/v2\/posts\/66981","targetHints":{"allow":["GET"]}}],"collection":[{"href":"https:\/\/www.europesays.com\/no\/wp-json\/wp\/v2\/posts"}],"about":[{"href":"https:\/\/www.europesays.com\/no\/wp-json\/wp\/v2\/types\/post"}],"author":[{"embeddable":true,"href":"https:\/\/www.europesays.com\/no\/wp-json\/wp\/v2\/users\/2"}],"replies":[{"embeddable":true,"href":"https:\/\/www.europesays.com\/no\/wp-json\/wp\/v2\/comments?post=66981"}],"version-history":[{"count":0,"href":"https:\/\/www.europesays.com\/no\/wp-json\/wp\/v2\/posts\/66981\/revisions"}],"wp:featuredmedia":[{"embeddable":true,"href":"https:\/\/www.europesays.com\/no\/wp-json\/wp\/v2\/media\/66982"}],"wp:attachment":[{"href":"https:\/\/www.europesays.com\/no\/wp-json\/wp\/v2\/media?parent=66981"}],"wp:term":[{"taxonomy":"category","embeddable":true,"href":"https:\/\/www.europesays.com\/no\/wp-json\/wp\/v2\/categories?post=66981"},{"taxonomy":"post_tag","embeddable":true,"href":"https:\/\/www.europesays.com\/no\/wp-json\/wp\/v2\/tags?post=66981"}],"curies":[{"name":"wp","href":"https:\/\/api.w.org\/{rel}","templated":true}]}}