{"id":66993,"date":"2025-10-22T09:43:09","date_gmt":"2025-10-22T09:43:09","guid":{"rendered":"https:\/\/www.europesays.com\/no\/66993\/"},"modified":"2025-10-22T09:43:09","modified_gmt":"2025-10-22T09:43:09","slug":"na-tror-han-pa-ny-vm-tittel-for-forste-gang-denne-sesongen","status":"publish","type":"post","link":"https:\/\/www.europesays.com\/no\/66993\/","title":{"rendered":"N\u00e5 tror han p\u00e5 ny VM-tittel for f\u00f8rste gang denne sesongen"},"content":{"rendered":"\n<p class=\"_lead_o9xde_2 _lead_xtcu6_50 layout-component text-serif-m layout-normal text-serif-l layout-component layout-wide layout-padded _wide_17hqh_1 layout-padded\">Det er nesten ikke til \u00e5 tro, det Max Verstappen (28) gj\u00f8r n\u00e5. <\/p>\n<p><img alt=\"DRAR SEG TIL: Max Verstappen (t.v.) tar innp\u00e5 Oscar Piastri i kampen om VM-tittelen. Her etter at Verstappen vant Italian Grand Prix.  Foto: JAKUB PORZYCKI \/ Reuters \/ NTB\" class=\"_image_qp4xg_65 layout-component layout-wide\" data-fullscreen- data-track-element-type=\"Article image fullscreen\" data-track-name=\"ImageFullscreen\" fetchpriority=\"high\" decoding=\"sync\" loading=\"eager\" height=\"2122\" itemprop=\"image\"  src=\"https:\/\/www.europesays.com\/no\/wp-content\/uploads\/2025\/10\/5556d245-6ad7-4ff6-9b6f-2b4660976146\"  style=\"object-position:0% 0%\" width=\"3280\"\/>DRAR SEG TIL: Max Verstappen (t.v.) tar innp\u00e5 Oscar Piastri i kampen om VM-tittelen. Her etter at Verstappen vant Italian Grand Prix.  Foto: JAKUB PORZYCKI \/ Reuters \/ NTB<\/p>\n<ul aria-hidden=\"true\" class=\"_images_18f0k_111\">\n<li><a class=\"_link_18f0k_116\" href=\"https:\/\/www.vg.no\/forfatter\/camilla-vesteng\" style=\"z-index:1\" title=\"Camilla Vesteng\" rel=\"nofollow noopener\" target=\"_blank\"><img alt=\"Bilde av Camilla Vesteng\" class=\"_image_18f0k_93\" fetchpriority=\"low\" loading=\"lazy\" decoding=\"async\" itemprop=\"image\"  src=\"https:\/\/www.europesays.com\/no\/wp-content\/uploads\/2025\/10\/1761126189_583_ab49df32-fc16-44e1-a56a-ce5ad5bd90d2\"  width=\"480\"\/><\/a><\/li>\n<\/ul>\n<p> Oppdatert onsdag 22. oktober kl. 11:01    <\/p>\n<ul class=\"_list_o9xde_3 _list_64s2r_85 _unordered_o9xde_106 text-sans-m\">\n<li class=\"_item_o9xde_30\">Verstappen utfordrer Mc Larens f\u00f8rere om VM-tittelen etter dobbeltseier i Austin, forspranget er krympet til 40 poeng p\u00e5 Piastri og 24 p\u00e5 Norris.<\/li>\n<li class=\"_item_o9xde_30\">Med syu l\u00f8p inkludert sprint igjen kan Verstappen tangere Michael Schumacher med fem strake VM-titler. <\/li>\n<li class=\"_item_o9xde_30\">Viaplay-kommentator Atle Gulbrandsen dr\u00f8mmer om tre f\u00f8rere til start i VM-avslutningen i Abu Dhabi, som alle kan bli verdensmestere. <\/li>\n<\/ul>\n<p>Vis mer <\/p>\n<p class=\"_paragraph_o9xde_4 _paragraph_xtcu6_10 layout-component text-serif-m layout-normal text-serif-m layout-padded\">Han var frakj\u00f8rt av begge McLaren-f\u00f8rerneMcLaren-f\u00f8rerneOscar Piastri og Lando Norris etter en middels start p\u00e5 sesongen, men i l\u00f8pet av de siste VM-rundene er Verstappen n\u00e6rmest i ferd med \u00e5 levere magi. <\/p>\n<p class=\"_paragraph_o9xde_4 _paragraph_xtcu6_10 layout-component text-serif-m layout-normal text-serif-m layout-padded\">Med en perfekt avslutning kan han bli historisk, tangere Michael Schumacher og ta fem strake VM-titler. <\/p>\n<p class=\"_paragraph_o9xde_4 _paragraph_xtcu6_10 layout-component text-serif-m layout-normal text-serif-m layout-padded\"><strong class=\"_strong_o9xde_25\">\u2013 Sjansen er definitivt der. Vi m\u00e5 bare levere slike helger til slutten av sesongen, <a href=\"https:\/\/www.bbc.com\/sport\/formula1\/articles\/c17peqlnnpyo\" class=\"_link_o9xde_39\" rel=\"nofollow noopener\" target=\"_blank\">sa Verstappen<\/a> etter to seire i Texas sist helg. <\/strong><\/p>\n<p class=\"_paragraph_o9xde_4 _paragraph_xtcu6_10 layout-component text-serif-m layout-normal text-serif-m layout-padded\">Verstappen<a href=\"https:\/\/www.vg.no\/sport\/i\/Eydov2\/verstappen-suveren-i-usas-grand-prix-tok-ytterligere-innpaa-i-vm-kampen\" data-track-element-type=\"Link\" data-track-id=\"link:Eydov2\" class=\"_link_o9xde_39\" rel=\"nofollow noopener\" target=\"_blank\"> vant b\u00e5de sprintl\u00f8pet og hovedl\u00f8pet i Austin<\/a>, og etter fire fantastiske l\u00f8p har han redusert avstanden til McLaren-f\u00f8rerne dramatisk.<\/p>\n<p class=\"_paragraph_o9xde_4 _paragraph_xtcu6_10 layout-component text-serif-m layout-normal text-serif-m layout-padded\"><strong class=\"_strong_o9xde_25\">For bare seks uker siden l\u00e5 Verstappen 104 poeng bak Oscar Piastri og 70 poeng bak Lando Norris. N\u00e5 er han bare 40 poeng bak Piastri og 24 poeng bak Norris. <\/strong><\/p>\n<p class=\"_paragraph_o9xde_4 _paragraph_xtcu6_10 layout-component text-serif-m layout-normal text-serif-m layout-padded\">\u2013 Hvis noen hadde fortalt meg etter NederlandNederlandDutch Grand Prix gikk helgen 29.-31. august. Da vant Piastri foran Verstappen.  at dette ville skje, ville jeg kalt ham en idiot, sa Verstappen s\u00f8ndag.<\/p>\n<p class=\"_paragraph_o9xde_4 _paragraph_xtcu6_10 layout-component text-serif-m layout-normal text-serif-m layout-padded\">Red Bull har funnet tilbake til formen etter \u00e5 ha slitt gjennom sommeren. Siden oppgraderingene kom p\u00e5 plass i september, har bilen v\u00e6rt den raskeste p\u00e5 banen.<\/p>\n<p><img decoding=\"async\" alt=\"Bilde av Atle Gulbrandsen\" class=\"_image_ygndg_42\" height=\"27\" itemprop=\"image\" loading=\"lazy\"  src=\"https:\/\/www.europesays.com\/no\/wp-content\/uploads\/2025\/10\/02e5c14e-3550-442a-a9de-7b9857e2faac\"  width=\"40\"\/><strong class=\"_name_ygndg_51 title-serif-xs\">Atle Gulbrandsen<\/strong><\/p>\n<p class=\"_paragraph_o9xde_4 text-sans-m _description_ygndg_56\">Formel 1-kommentator, Viaplay <\/p>\n<p class=\"_paragraph_o9xde_4 _paragraph_xtcu6_10 layout-component text-serif-m layout-normal text-serif-m layout-padded\"><strong class=\"_strong_o9xde_25\">Viaplays Formel 1-kommentator Atle Gulbrandsen t\u00f8r ikke sp\u00e5 hvem som blir verdensmester.<\/strong><\/p>\n<p class=\"_paragraph_o9xde_4 _paragraph_xtcu6_10 layout-component text-serif-m layout-normal text-serif-m layout-padded\">\u2013 N\u00e5 er det helt \u00e5pent mellom de tre i toppen, det hadde jeg ikke trodd for noen uker siden. Verstappen har imponert, sier Gulbrandsen til VG. <\/p>\n<p class=\"font-weight-semi-bold color-accent label-medium _label_16v91_20\">Disse VM-rundene gjenst\u00e5r<\/p>\n<p class=\"_paragraph_o9xde_4 _paragraph_xtcu6_10 _paragraph_16v91_10 layout-component text-serif-m layout-normal text-sans-m layout-padded\">Mexico Grand Prix, 24.-26. oktober<\/p>\n<p class=\"_paragraph_o9xde_4 _paragraph_xtcu6_10 _paragraph_16v91_10 layout-component text-serif-m layout-normal text-sans-m layout-padded\">Brazil Grand Prix, 7.-9. november, sprint og normall\u00f8p.<\/p>\n<p class=\"_paragraph_o9xde_4 _paragraph_xtcu6_10 _paragraph_16v91_10 layout-component text-serif-m layout-normal text-sans-m layout-padded\">Las Vegas Grand Prix, 21.-23. november<\/p>\n<p class=\"_paragraph_o9xde_4 _paragraph_xtcu6_10 _paragraph_16v91_10 layout-component text-serif-m layout-normal text-sans-m layout-padded\">Qatar Grand Prix, 28.-30. november, sprint og normall\u00f8p.<\/p>\n<p class=\"_paragraph_o9xde_4 _paragraph_xtcu6_10 _paragraph_16v91_10 layout-component text-serif-m layout-normal text-sans-m layout-padded\">Abu Dhabi Grand Prix, 5.-7. desember<\/p>\n<p>Vis mer<img alt=\"HVEM BLIR VERDENSMESTER? Lando Norris (fra venstre), Max Verstappen eller Oscar Piastri?   Foto: Luca Bruno \/ AP \/ NTB\" class=\"_image_qp4xg_65 layout-component layout-normal\" data-fullscreen- data-track-element-type=\"Article image fullscreen\" data-track-name=\"ImageFullscreen\" decoding=\"async\" loading=\"lazy\" height=\"2357\" itemprop=\"image\"  src=\"https:\/\/www.europesays.com\/no\/wp-content\/uploads\/2025\/10\/c9bab998-0606-406c-a91f-c7007be63d37\"  style=\"object-position:0% 0%\" width=\"3535\"\/>HVEM BLIR VERDENSMESTER? Lando Norris (fra venstre), Max Verstappen eller Oscar Piastri?   Foto: Luca Bruno \/ AP \/ NTB<\/p>\n<p class=\"_paragraph_o9xde_4 _paragraph_xtcu6_10 layout-component text-serif-m layout-normal text-serif-m layout-padded\"><strong class=\"_strong_o9xde_25\">Kommende helg er det VM-runde i Mexico. Det er syv l\u00f8p, inkludert sprint, igjen denne sesongen. Gulbrandsen tror det kan v\u00e6re flere faktorer som er fordel Verstappen i innspurten.<\/strong><\/p>\n<p class=\"_paragraph_o9xde_4 _paragraph_xtcu6_10 layout-component text-serif-m layout-normal text-serif-m layout-padded\">\u2013 Hverken Norris eller Piastri har vunnet f\u00f8r, s\u00e5 de kj\u00f8rer med mer press. De vet aldri om sjansen til \u00e5 bli verdensmester kommer igjen. Verstappen kan kj\u00f8re med lave skuldre, han har ingenting \u00e5 tape. I tillegg har McLaren to gode f\u00f8rere, s\u00e5 de stjeler litt poeng fra hverandre, mens Red Bull har en soleklar f\u00f8rstef\u00f8rer, sier Gulbrandsen. <\/p>\n<p class=\"_paragraph_o9xde_4 _paragraph_xtcu6_10 layout-component text-serif-m layout-normal text-serif-m layout-padded\">Viaplay-kommentatoren sier at historien har l\u00e6rt ham \u00e9n ting: Du skal aldri undervurdere Verstappen. <\/p>\n<p class=\"_paragraph_o9xde_4 _paragraph_xtcu6_10 layout-component text-serif-m layout-normal text-serif-m layout-padded\">\u2013 Fortsetter Verstappen som n\u00e5, s\u00e5 kan han ta det. Det virker som Piastri, som har v\u00e6rt favoritt og har fremst\u00e5tt mentalt sterk, sliter litt n\u00e5. Kanskje er han preget av nerver, sier Gulbrandsen. <\/p>\n<p class=\"_paragraph_o9xde_4 _paragraph_xtcu6_10 layout-component text-serif-m layout-normal text-serif-m layout-padded\">McLaren-sjef Andrea Stella erkjenner at Verstappen-Red Bull-kombinasjonen kan v\u00e6re raskest p\u00e5 alle gjenv\u00e6rende baner i \u00e5r. Likevel er han optimistisk.<\/p>\n<p class=\"_paragraph_o9xde_4 _paragraph_xtcu6_10 layout-component text-serif-m layout-normal text-serif-m layout-padded\">\u2013 Lando hadde farten til \u00e5 vinne l\u00f8pet s\u00f8ndag, sa Stella etter at Norris m\u00e5tte kjempe seg forbi Charles Leclerc for andreplassen.<\/p>\n<p class=\"_paragraph_o9xde_4 _paragraph_xtcu6_10 layout-component text-serif-m layout-normal text-serif-m layout-padded\"><strong class=\"_strong_o9xde_25\">Alle husker<a href=\"https:\/\/www.vg.no\/sport\/i\/Kzlmey\/verstappen-slo-hamilton-i-utrolig-drama-tok-sitt-foerste-vm-gull\" data-track-element-type=\"Link\" data-track-id=\"link:Kzlmey\" class=\"_link_o9xde_39\" rel=\"nofollow noopener\" target=\"_blank\"> den episk dramatiske kampen om VM-tittelen<\/a> mellom Lewis Hamilton og Verstappen i Abu Dhabi i 2021. N\u00e5 er det i ferd med \u00e5 dra seg til igjen, etter \u00e5revis med Verstappen-dominans. <\/strong><\/p>\n<p class=\"_paragraph_o9xde_4 _paragraph_xtcu6_10 layout-component text-serif-m layout-normal text-serif-m layout-padded\">\u2013 Dette kan bli fantastisk spennende. Tenk om vi har tre f\u00f8rere som kan bli verdensmestere n\u00e5r siste l\u00f8p g\u00e5r i Abu Dhabi, sier Gulbrandsen. <\/p>\n<p class=\"_paragraph_o9xde_4 _paragraph_xtcu6_10 layout-component text-serif-m layout-normal text-serif-m layout-padded\">For det kan skje. <\/p>\n","protected":false},"excerpt":{"rendered":"Det er nesten ikke til \u00e5 tro, det Max Verstappen (28) gj\u00f8r n\u00e5. DRAR SEG TIL: Max Verstappen&hellip;\n","protected":false},"author":2,"featured_media":66994,"comment_status":"","ping_status":"","sticky":false,"template":"","format":"standard","meta":{"footnotes":""},"categories":[59],"tags":[1882,2026,4627,4626,30,28,29,83,82],"class_list":{"0":"post-66993","1":"post","2":"type-post","3":"status-publish","4":"format-standard","5":"has-post-thumbnail","7":"category-sport","8":"tag-ai","9":"tag-formel-1","10":"tag-lando-norris","11":"tag-max-verstappen","12":"tag-no","13":"tag-norge","14":"tag-norway","15":"tag-sport","16":"tag-sports"},"share_on_mastodon":{"url":"","error":""},"_links":{"self":[{"href":"https:\/\/www.europesays.com\/no\/wp-json\/wp\/v2\/posts\/66993","targetHints":{"allow":["GET"]}}],"collection":[{"href":"https:\/\/www.europesays.com\/no\/wp-json\/wp\/v2\/posts"}],"about":[{"href":"https:\/\/www.europesays.com\/no\/wp-json\/wp\/v2\/types\/post"}],"author":[{"embeddable":true,"href":"https:\/\/www.europesays.com\/no\/wp-json\/wp\/v2\/users\/2"}],"replies":[{"embeddable":true,"href":"https:\/\/www.europesays.com\/no\/wp-json\/wp\/v2\/comments?post=66993"}],"version-history":[{"count":0,"href":"https:\/\/www.europesays.com\/no\/wp-json\/wp\/v2\/posts\/66993\/revisions"}],"wp:featuredmedia":[{"embeddable":true,"href":"https:\/\/www.europesays.com\/no\/wp-json\/wp\/v2\/media\/66994"}],"wp:attachment":[{"href":"https:\/\/www.europesays.com\/no\/wp-json\/wp\/v2\/media?parent=66993"}],"wp:term":[{"taxonomy":"category","embeddable":true,"href":"https:\/\/www.europesays.com\/no\/wp-json\/wp\/v2\/categories?post=66993"},{"taxonomy":"post_tag","embeddable":true,"href":"https:\/\/www.europesays.com\/no\/wp-json\/wp\/v2\/tags?post=66993"}],"curies":[{"name":"wp","href":"https:\/\/api.w.org\/{rel}","templated":true}]}}