{"id":67081,"date":"2025-10-22T11:46:20","date_gmt":"2025-10-22T11:46:20","guid":{"rendered":"https:\/\/www.europesays.com\/no\/67081\/"},"modified":"2025-10-22T11:46:20","modified_gmt":"2025-10-22T11:46:20","slug":"apple-bryter-alle-rekorder-8-grunner-til-at-iphone-17-endrer-spillet","status":"publish","type":"post","link":"https:\/\/www.europesays.com\/no\/67081\/","title":{"rendered":"Apple bryter alle rekorder: 8 grunner til at iPhone 17 endrer spillet"},"content":{"rendered":"<p><strong>1. En ny aksjerekord setter tonen<\/strong><\/p>\n<p><img loading=\"lazy\" decoding=\"async\" width=\"1024\" height=\"512\" src=\"https:\/\/www.europesays.com\/no\/wp-content\/uploads\/2025\/10\/apple-logo-stock-price-graph-1024x512-1.jpg\" alt=\"\" class=\"wp-image-18752\"  \/>shutterstock.com<\/p>\n<p>Apple-aksjen n\u00e5dde mandag 262,24 dollar \u2013 en \u00f8kning p\u00e5 nesten 10 dollar p\u00e5 \u00e9n dag. Det er den h\u00f8yeste kursen i selskapets historie og viser hvordan markedet reagerer p\u00e5 tilliten til den nye iPhone 17-serien.<\/p>\n<p><strong>2. iPhone 17-serien overg\u00e5r forventningene<\/strong><\/p>\n<p><img loading=\"lazy\" decoding=\"async\" width=\"1000\" height=\"667\" src=\"https:\/\/www.europesays.com\/no\/wp-content\/uploads\/2025\/10\/shutterstock_2679943495.jpg\" alt=\"\" class=\"wp-image-16443\"  \/>19 STUDIO \/ Shutterstock.com<\/p>\n<p>De f\u00f8rste salgstallene tyder p\u00e5 betydelig h\u00f8yere ettersp\u00f8rsel enn for iPhone 16. If\u00f8lge analytikere vil Apples smarttelefoninntekter \u00f8ke med 4 % i 2025 og 5 % i 2026. Mange kj\u00f8pere vender tilbake etter to \u00e5r uten oppgradering.<\/p>\n<p><strong>3. M5-brikken viser fremtidens retning<\/strong><\/p>\n<p><img loading=\"lazy\" decoding=\"async\" width=\"980\" height=\"551\" src=\"https:\/\/www.europesays.com\/no\/wp-content\/uploads\/2025\/10\/macbook-pro-m5.jpeg\" alt=\"\" class=\"wp-image-18747\"  \/>Shutterstock.com<\/p>\n<p>Den nye Apple Silicon M5-brikken, som driver b\u00e5de MacBook Pro og iPad Pro, markerer et kvantesprang i ytelse og AI-integrasjon. Benchmark-tester viser de h\u00f8yeste resultatene noensinne for en b\u00e6rbar datamaskin \u2013 og bekrefter Apples ledelse i chipmarkedet.<\/p>\n<p><strong>4. AI flytter inn i maskinvaren<\/strong><\/p>\n<p><img loading=\"lazy\" decoding=\"async\" width=\"1024\" height=\"512\" src=\"https:\/\/www.europesays.com\/no\/wp-content\/uploads\/2025\/10\/apple-intelligence-ai-apple-telefon-1024x512-1.jpg\" alt=\"\" class=\"wp-image-18753\"  \/>shutterstock.com<\/p>\n<p>Apple satser tungt p\u00e5 lokal AI-prosessering. I stedet for \u00e5 sende data til skyen h\u00e5ndteres beregningene direkte p\u00e5 enheten. Det gj\u00f8r produktene raskere, mer sikre \u2013 og gir Apple en unik fordel mot Google og Microsoft, som fortsatt er avhengige av skyl\u00f8sninger.<\/p>\n<p><strong>5. Apple p\u00e5 vei mot 4 billioner dollar<\/strong><\/p>\n<p><img loading=\"lazy\" decoding=\"async\" width=\"1024\" height=\"512\" src=\"https:\/\/www.europesays.com\/no\/wp-content\/uploads\/2025\/10\/apple-stock-graph-money.png\" alt=\"\" class=\"wp-image-18754\"  \/>shutterstock.com<\/p>\n<p>Hvis aksjen stiger til 268,26 dollar, vil Apple n\u00e5 en markedsverdi p\u00e5 4 billioner dollar \u2013 noe ingen selskap har oppn\u00e5dd tidligere. Det gj\u00f8r Apple til verdens mest verdifulle selskap og setter en ny standard for hele teknologibransjen.<\/p>\n<p><strong>6. MacBook Pro M5 f\u00e5r kultstatus<\/strong><\/p>\n<p><img loading=\"lazy\" decoding=\"async\" width=\"1000\" height=\"704\" src=\"https:\/\/www.europesays.com\/no\/wp-content\/uploads\/2025\/10\/shutterstock_2602321543-1.jpg\" alt=\"\" class=\"wp-image-5798\"  \/>shutterstock.com<\/p>\n<p>De nye M5-modellene setter rekord i Geekbench og blir kalt \u00abden raskeste laptopen noensinne\u00bb. Kombinasjonen av hastighet, energieffektivitet og AI-integrasjon gj\u00f8r MacBook Pro til flaggskipet for fremtidens hybride arbeid.<\/p>\n<p><strong>7. En ny \u00e6ra for forbrukerne<\/strong><\/p>\n<p><img loading=\"lazy\" decoding=\"async\" width=\"1024\" height=\"512\" src=\"https:\/\/www.europesays.com\/no\/wp-content\/uploads\/2025\/10\/apple-device-lineup-1024x512.webp.webp\" alt=\"\" class=\"wp-image-11632\"  \/>shutterstock.com<\/p>\n<p>Apples strategi handler ikke lenger bare om produkter, men om opplevelser. \u00d8kosystemet mellom iPhone, Mac, iPad og Vision Pro skaper en s\u00f8ml\u00f8s helhet der enhetene l\u00e6rer av hverandre. For brukerne betyr det bekvemmelighet \u2013 for Apple, total lojalitet.<\/p>\n<p><strong>8. Teknologiverdenen f\u00f8lger etter<\/strong><\/p>\n<p><img loading=\"lazy\" decoding=\"async\" width=\"1000\" height=\"666\" src=\"https:\/\/www.europesays.com\/no\/wp-content\/uploads\/2025\/10\/shutterstock_2508403167-1.jpg\" alt=\"\" class=\"wp-image-18281\"  \/>shutterstock.com <\/p>\n<p>Apples suksess p\u00e5virker hele bransjen. N\u00e5r Apple setter tempoet, f\u00f8lger konkurrentene etter. 2025 markerer starten p\u00e5 et nytt teknologisk ti\u00e5r der AI, chipdesign og brukeropplevelse smelter sammen \u2013 og Apple igjen st\u00e5r som innovasjonens m\u00e5lestokk.<\/p>\n","protected":false},"excerpt":{"rendered":"1. En ny aksjerekord setter tonen shutterstock.com Apple-aksjen n\u00e5dde mandag 262,24 dollar \u2013 en \u00f8kning p\u00e5 nesten 10&hellip;\n","protected":false},"author":2,"featured_media":62972,"comment_status":"","ping_status":"","sticky":false,"template":"","format":"standard","meta":{"footnotes":""},"categories":[57],"tags":[30,28,29,65,63,64,66,70,69,67,68],"class_list":{"0":"post-67081","1":"post","2":"type-post","3":"status-publish","4":"format-standard","5":"has-post-thumbnail","7":"category-vitenskap-og-teknologi","8":"tag-no","9":"tag-norge","10":"tag-norway","11":"tag-science","12":"tag-science-and-technology","13":"tag-scienceandtechnology","14":"tag-technology","15":"tag-teknologi","16":"tag-vitenskap","17":"tag-vitenskap-og-teknologi","18":"tag-vitenskapteknologi"},"share_on_mastodon":{"url":"","error":""},"_links":{"self":[{"href":"https:\/\/www.europesays.com\/no\/wp-json\/wp\/v2\/posts\/67081","targetHints":{"allow":["GET"]}}],"collection":[{"href":"https:\/\/www.europesays.com\/no\/wp-json\/wp\/v2\/posts"}],"about":[{"href":"https:\/\/www.europesays.com\/no\/wp-json\/wp\/v2\/types\/post"}],"author":[{"embeddable":true,"href":"https:\/\/www.europesays.com\/no\/wp-json\/wp\/v2\/users\/2"}],"replies":[{"embeddable":true,"href":"https:\/\/www.europesays.com\/no\/wp-json\/wp\/v2\/comments?post=67081"}],"version-history":[{"count":0,"href":"https:\/\/www.europesays.com\/no\/wp-json\/wp\/v2\/posts\/67081\/revisions"}],"wp:featuredmedia":[{"embeddable":true,"href":"https:\/\/www.europesays.com\/no\/wp-json\/wp\/v2\/media\/62972"}],"wp:attachment":[{"href":"https:\/\/www.europesays.com\/no\/wp-json\/wp\/v2\/media?parent=67081"}],"wp:term":[{"taxonomy":"category","embeddable":true,"href":"https:\/\/www.europesays.com\/no\/wp-json\/wp\/v2\/categories?post=67081"},{"taxonomy":"post_tag","embeddable":true,"href":"https:\/\/www.europesays.com\/no\/wp-json\/wp\/v2\/tags?post=67081"}],"curies":[{"name":"wp","href":"https:\/\/api.w.org\/{rel}","templated":true}]}}