{"id":67086,"date":"2025-10-22T11:50:36","date_gmt":"2025-10-22T11:50:36","guid":{"rendered":"https:\/\/www.europesays.com\/no\/67086\/"},"modified":"2025-10-22T11:50:36","modified_gmt":"2025-10-22T11:50:36","slug":"samferdsel-alstahaug-taper-opptil-170-millioner-pa-gratis-ferjer-ordningen-er-underfinansiert","status":"publish","type":"post","link":"https:\/\/www.europesays.com\/no\/67086\/","title":{"rendered":"Samferdsel, Alstahaug | Taper opptil 170 millioner p\u00e5 gratis ferjer: \u2013 Ordningen er underfinansiert"},"content":{"rendered":"\n<p>Arbeiderpartiet snudde denne uka i ferjesp\u00f8rsm\u00e5let etter kraftige reaksjoner p\u00e5 forslaget til statsbudsjett. Dermed blir ordningen med gratis ferje likevel videref\u00f8rt i 2026.<\/p>\n<p>\u2013 Det har v\u00e6rt tydelige tilbakemeldinger fra partiledere lokalt og ordf\u00f8rere. Det har v\u00e6rt gode diskusjoner. Det er klokt \u00e5 snu slik at ordene som ble sagt i valgkampen blir akkurat slik de er sagt, sa <a href=\"https:\/\/www.isandnessjoen.no\/ap-gjor-helomvending-det-er-klokt\/s\/5-108-183480\" rel=\"Follow nofollow noopener\" target=\"_blank\">\u00d8ystein Mathisen (Ap) p\u00e5 Nordlandsbenken til Avisa Nordland tirsdag kveld.<\/a><\/p>\n<p> N\u00e5 vil et stort flertall i fylkestinget i Nordland be om at fylkeskommunene kompenseres fullt ut for tapte billettinntekter n\u00e5r det endelige statsbudsjettet skal vedtas. <\/p>\n<p>\u2013 N\u00e5r gratis ferje n\u00e5 ser ut til \u00e5 bli videref\u00f8rt, mener fylkestingets gruppeledere at det er p\u00e5 sin plass \u00e5 p\u00e5peke at det b\u00f8r f\u00f8lge en oppjustert kompensasjon for tapte billettinntekter til fylkeskommunen som skal utf\u00f8re tjenesten for de reisende, heter det i en pressemelding fra fylkestingets gruppeledere, med unntak av Arbeiderpartiet.<\/p>\n<p>Advarte allerede i fjor<\/p>\n<p>Allerede i 2024 slo fylkesr\u00e5det alarm om at gratisferjene var underfinansiert. Da meldte NRK at Nordland hadde et underskudd p\u00e5 16,8 millioner kroner som f\u00f8lge av ordningen.<\/p>\n<p>Med 23 ferjesamband er Nordland et av landets st\u00f8rste ferjefylker, og fylket er dermed spesielt hardt rammet n\u00e5r kompensasjonen ikke dekker inntektstapet.<\/p>\n<p>\u2013 S\u00e5 lenge gratis ferjer er underfinansiert, betyr det at grepene vi \u00f8nsker \u00e5 gj\u00f8re om sommeren, som \u00f8kt frekvens og flere ferjer, blir vanskeligere \u00e5 gjennomf\u00f8re, sa dav\u00e6rende fylkesr\u00e5d for samferdsel, Marianne Dobak Kvensj\u00f8 (H), til NRK i oktober i fjor.<\/p>\n<p>\u2013\u00c5penbart at det skal kompenseres for<\/p>\n<p>Flertallet p\u00e5 fylkestinget i Nordland reagerer p\u00e5 at kompensasjonen til fylkeskommunene ikke st\u00e5r i forhold til de tapte billettinntektene. If\u00f8lge pressemeldingen vil tapet i billettinntekter utgj\u00f8re mellom 100 og 170 millioner kroner n\u00e5r regjeringen videref\u00f8rer gratis ferje. <\/p>\n<p>\u2013 Samtidig styrkes fylkeskommunens \u00f8konomiske rammer med 58 millioner kroner. Det betyr at ordningen er underfinansiert med mellom 40 og 110 millioner kroner. <\/p>\n<p>Etter flere \u00e5r med gratis ferje er det heller ikke gitt at summen for tapte billettinntekter er den samme som da ordningen ble innf\u00f8rt. Samtlige gruppelederne, bortsett fra Arbeiderpartiet, stiller seg derfor bak kravet om full kompensasjon n\u00e5r det endelige statsbudsjettet skal vedtas.<\/p>\n<p>\u2013 Nordland fylkesting p\u00e5peker at n\u00e5r staten gj\u00f8r endringer som f\u00e5r konsekvenser for fylkeskommunens \u00f8konomiske rammer, s\u00e5 er det \u00e5penbart at det skal kompenseres for.<\/p>\n","protected":false},"excerpt":{"rendered":"Arbeiderpartiet snudde denne uka i ferjesp\u00f8rsm\u00e5let etter kraftige reaksjoner p\u00e5 forslaget til statsbudsjett. Dermed blir ordningen med gratis&hellip;\n","protected":false},"author":2,"featured_media":67087,"comment_status":"","ping_status":"","sticky":false,"template":"","format":"standard","meta":{"footnotes":""},"categories":[5],"tags":[2486,36,20,21,24,25,15,19,22,23,17,18,13,30,28,29,14,16,41,223,1510,26,27],"class_list":{"0":"post-67086","1":"post","2":"type-post","3":"status-publish","4":"format-standard","5":"has-post-thumbnail","7":"category-overskrifter","8":"tag-alstahaug","9":"tag-art","10":"tag-breaking-news","11":"tag-breakingnews","12":"tag-featured-news","13":"tag-featurednews","14":"tag-headlines","15":"tag-hovedoppslag","16":"tag-latest-news","17":"tag-latestnews","18":"tag-main-news","19":"tag-mainnews","20":"tag-news","21":"tag-no","22":"tag-norge","23":"tag-norway","24":"tag-nyheter","25":"tag-overskrifter","26":"tag-politikk","27":"tag-samferdsel","28":"tag-story","29":"tag-top-stories","30":"tag-topstories"},"share_on_mastodon":{"url":"","error":""},"_links":{"self":[{"href":"https:\/\/www.europesays.com\/no\/wp-json\/wp\/v2\/posts\/67086","targetHints":{"allow":["GET"]}}],"collection":[{"href":"https:\/\/www.europesays.com\/no\/wp-json\/wp\/v2\/posts"}],"about":[{"href":"https:\/\/www.europesays.com\/no\/wp-json\/wp\/v2\/types\/post"}],"author":[{"embeddable":true,"href":"https:\/\/www.europesays.com\/no\/wp-json\/wp\/v2\/users\/2"}],"replies":[{"embeddable":true,"href":"https:\/\/www.europesays.com\/no\/wp-json\/wp\/v2\/comments?post=67086"}],"version-history":[{"count":0,"href":"https:\/\/www.europesays.com\/no\/wp-json\/wp\/v2\/posts\/67086\/revisions"}],"wp:featuredmedia":[{"embeddable":true,"href":"https:\/\/www.europesays.com\/no\/wp-json\/wp\/v2\/media\/67087"}],"wp:attachment":[{"href":"https:\/\/www.europesays.com\/no\/wp-json\/wp\/v2\/media?parent=67086"}],"wp:term":[{"taxonomy":"category","embeddable":true,"href":"https:\/\/www.europesays.com\/no\/wp-json\/wp\/v2\/categories?post=67086"},{"taxonomy":"post_tag","embeddable":true,"href":"https:\/\/www.europesays.com\/no\/wp-json\/wp\/v2\/tags?post=67086"}],"curies":[{"name":"wp","href":"https:\/\/api.w.org\/{rel}","templated":true}]}}