{"id":67109,"date":"2025-10-22T12:22:10","date_gmt":"2025-10-22T12:22:10","guid":{"rendered":"https:\/\/www.europesays.com\/no\/67109\/"},"modified":"2025-10-22T12:22:10","modified_gmt":"2025-10-22T12:22:10","slug":"trafikk-nyheter-lastebil-har-veltet-i-nygardstunnelen-forer-skadet","status":"publish","type":"post","link":"https:\/\/www.europesays.com\/no\/67109\/","title":{"rendered":"Trafikk, Nyheter | Lastebil har veltet i Nyg\u00e5rdstunnelen: \u2013 F\u00f8rer skadet"},"content":{"rendered":"\n<p>Klokken 1342 ble det meldt om en trafikkulykke i Nyg\u00e5rdstunnelen i retning sentrum.<\/p>\n<p><b>\u2013 Det er opplyst at en lastebil skal ha veltet inne i tunnelen, meldte operasjonsleder Knut Dahl-Michelsen i politiet.<\/b><\/p>\n<p>Han sier til BA at det var andre bilister som varslet n\u00f8detatene. Flere skal ha stoppet opp for \u00e5 hjelpe sj\u00e5f\u00f8ren i vogntoget.<\/p>\n<p>Klokken 1353 var politiet fremme, og kunne opplyse at f\u00f8rer var v\u00e5ken og bevisst, men hadde p\u00e5dratt seg skader.<\/p>\n<p>Ingen andre kj\u00f8ret\u00f8y skal v\u00e6re involvert.<\/p>\n<p>   <img decoding=\"async\" width=\"4128\" height=\"2752\" fetchpriority=\"low\"  loading=\"lazy\"  src=\"https:\/\/www.europesays.com\/no\/wp-content\/uploads\/2025\/10\/SE1_5091.jpg\" alt=\"Finansbyr\u00e5d Jacob M\u00e6hle (H) legger frem byens budsjett i dag. finanstalen i bystyresalen, deretter pressekonferanse. \" class=\"brick-c-cFOWSL\" style=\"--brick-image-ratio: 4128 \/ 2752;\"\/><\/p>\n<p>    Massive k\u00f8er.<br \/>\n    Foto: Skjalg Ekeland\n  <\/p>\n<p>  Tunnelen vil bli langvarig stengt<\/p>\n<p>Politiet informerer om at b\u00e5de henger og trekkvogn er veltet, og at tunnelen vil bli stengt i lang tid.<\/p>\n<p>Vogntoget er lastet med en stor betongkloss, if\u00f8lge Dahl-Michelsen.<\/p>\n<p><b>\u2013 Betongklossen er 24 tonn, s\u00e5 er en heftig vekt p\u00e5 den. Det blir en krevende operasjon \u00e5 f\u00e5 den bort, sier operasjonslederen til BA.<\/b><\/p>\n<p>To tungbilbergere er p\u00e5 vei til stedet.<\/p>\n<p>   <img decoding=\"async\" width=\"4128\" height=\"2752\" fetchpriority=\"low\"  loading=\"lazy\"  src=\"https:\/\/www.europesays.com\/no\/wp-content\/uploads\/2025\/10\/SE1_5091.jpg\" alt=\"Finansbyr\u00e5d Jacob M\u00e6hle (H) legger frem byens budsjett i dag. finanstalen i bystyresalen, deretter pressekonferanse. \" class=\"brick-c-cFOWSL\" style=\"--brick-image-ratio: 4128 \/ 2752;\"\/><\/p>\n<p>    Dette kan ta mange timer.<br \/>\n    Foto: Skjalg Ekeland\n  <\/p>\n<p>Det er vanskelig \u00e5 si hvor lenge tunnelen vil bli stengt, men Dahl-Michelsen sier at man m\u00e5 forvente at opprydningsarbeidet vil ta flere timer.<\/p>\n<p>\u2013 Det er mye vekt i betongklossen, s\u00e5 vi vet enn\u00e5 ikke om asfalten kan v\u00e6re skadet.<\/p>\n<p>Politiet melder ogs\u00e5 om mye nedfall i veibanen som m\u00e5 ryddes.<\/p>\n<p>Kaos i trafikken<\/p>\n<p>Trafikkoperat\u00f8r Albert Sherington i Vegtrafikksentralen sa innledningsvis at det m\u00e5 forventes k\u00f8 i forbindelse med ulykken.<\/p>\n<p>Allerede like etter klokken 14 er det massive k\u00f8er ut fra tunnelen.<\/p>\n<p>Politiet jobber med \u00e5 f\u00e5 t\u00f8mt tunnelen for trafikk.<\/p>\n<p>\u2013 Noen m\u00e5 nok rygge. Vi skal hjelpe alle med \u00e5 komme seg ut, sier Dahl-Michelsen.<\/p>\n<p>BA oppdaterer saken.<\/p>\n<p>   <img decoding=\"async\" width=\"2448\" height=\"2142\" fetchpriority=\"low\"  loading=\"lazy\"  src=\"https:\/\/www.europesays.com\/no\/wp-content\/uploads\/2025\/10\/IMG_20251022_140101.jpg\" alt=\"\" class=\"brick-c-cFOWSL\" style=\"--brick-image-ratio: 2448 \/ 2142;\"\/><\/p>\n<p>    Nyg\u00e5rdstunnelen blir t\u00f8mt for biler.<br \/>\n    Foto: BA-tipser\n  <\/p>\n","protected":false},"excerpt":{"rendered":"Klokken 1342 ble det meldt om en trafikkulykke i Nyg\u00e5rdstunnelen i retning sentrum. \u2013 Det er opplyst at&hellip;\n","protected":false},"author":2,"featured_media":67110,"comment_status":"","ping_status":"","sticky":false,"template":"","format":"standard","meta":{"footnotes":""},"categories":[10],"tags":[36,20,21,24,25,15,22,23,13,30,28,29,9573,14,16,1510,26,27,224],"class_list":{"0":"post-67109","1":"post","2":"type-post","3":"status-publish","4":"format-standard","5":"has-post-thumbnail","7":"category-norge","8":"tag-art","9":"tag-breaking-news","10":"tag-breakingnews","11":"tag-featured-news","12":"tag-featurednews","13":"tag-headlines","14":"tag-latest-news","15":"tag-latestnews","16":"tag-news","17":"tag-no","18":"tag-norge","19":"tag-norway","20":"tag-nygardstunnelen","21":"tag-nyheter","22":"tag-overskrifter","23":"tag-story","24":"tag-top-stories","25":"tag-topstories","26":"tag-trafikk"},"share_on_mastodon":{"url":"","error":""},"_links":{"self":[{"href":"https:\/\/www.europesays.com\/no\/wp-json\/wp\/v2\/posts\/67109","targetHints":{"allow":["GET"]}}],"collection":[{"href":"https:\/\/www.europesays.com\/no\/wp-json\/wp\/v2\/posts"}],"about":[{"href":"https:\/\/www.europesays.com\/no\/wp-json\/wp\/v2\/types\/post"}],"author":[{"embeddable":true,"href":"https:\/\/www.europesays.com\/no\/wp-json\/wp\/v2\/users\/2"}],"replies":[{"embeddable":true,"href":"https:\/\/www.europesays.com\/no\/wp-json\/wp\/v2\/comments?post=67109"}],"version-history":[{"count":0,"href":"https:\/\/www.europesays.com\/no\/wp-json\/wp\/v2\/posts\/67109\/revisions"}],"wp:featuredmedia":[{"embeddable":true,"href":"https:\/\/www.europesays.com\/no\/wp-json\/wp\/v2\/media\/67110"}],"wp:attachment":[{"href":"https:\/\/www.europesays.com\/no\/wp-json\/wp\/v2\/media?parent=67109"}],"wp:term":[{"taxonomy":"category","embeddable":true,"href":"https:\/\/www.europesays.com\/no\/wp-json\/wp\/v2\/categories?post=67109"},{"taxonomy":"post_tag","embeddable":true,"href":"https:\/\/www.europesays.com\/no\/wp-json\/wp\/v2\/tags?post=67109"}],"curies":[{"name":"wp","href":"https:\/\/api.w.org\/{rel}","templated":true}]}}