{"id":67117,"date":"2025-10-22T12:39:09","date_gmt":"2025-10-22T12:39:09","guid":{"rendered":"https:\/\/www.europesays.com\/no\/67117\/"},"modified":"2025-10-22T12:39:09","modified_gmt":"2025-10-22T12:39:09","slug":"merete-mork-lingjaerde-fra-skal-vi-danse-blir-mormor-for-forste-gang","status":"publish","type":"post","link":"https:\/\/www.europesays.com\/no\/67117\/","title":{"rendered":"Merete M\u00f8rk Lingj\u00e6rde fra \u00abSkal vi danse\u00bb blir mormor for f\u00f8rste gang"},"content":{"rendered":"<p class=\"kicker \" style=\"\">Merete Lingj\u00e6rde bekrefter ryktene<\/p>\n<p>  Dansedommeren avsl\u00f8rer en stor familie-nyhet.<\/p>\n<p>\n    STR\u00c5LER: Merete M\u00f8rk Lingj\u00e6rde skal bli mormor, og dansedommeren gleder seg stort. Her med ektemannen Anders M\u00f8rk. Foto: Shad Madian\/Se og H\u00f8r\n  <\/p>\n<p>Gledelige tider venter for \u00abSkal vi<br \/>\ndanse\u00bb-dommer Merete M\u00f8rk Lingj\u00e6rde (63).\u00a0<\/p>\n<p>Den popul\u00e6re TV-profilen skal nemlig<br \/>\nbli mormor for aller f\u00f8rste gang.<\/p>\n<p>Datteren Nicole (33) venter barn i januar, og<br \/>\nden kommende mormoren er b\u00e5de r\u00f8rt og spent.<\/p>\n<p class=\"font-weight-black m-font-weight-black text-yellow color_mobile_text-yellow\" data-lab-font_weight=\"font-weight-black\">Siste nytt: <a href=\"https:\/\/www.seher.no\/\" rel=\"nofollow noopener\" target=\"_blank\">Se her!<\/a><\/p>\n<p>\u2013 Det er mitt f\u00f8rste barnebarn, og jeg gleder meg<br \/>\nveldig. Det blir superstas, sier Merete med et smil.<\/p>\n<p>          <img loading=\"lazy\" decoding=\"async\" src=\"https:\/\/www.europesays.com\/no\/wp-content\/uploads\/2025\/10\/83755439.webp\" width=\"686\" height=\"892\" title=\"MAMMAS STORE DAG: Merete giftet seg i 2021, og ble gratulert av sine voksne barn, Nicole og Sebastian. Foto: Andreas Fadum\/Se og H\u00f8r\" alt=\"\" class=\"\" style=\"--aspect-ratio-image: 0.77; \"\/><\/p>\n<p>\n          MAMMAS STORE DAG: Merete giftet seg i 2021, og ble gratulert av sine voksne barn, Nicole og Sebastian. Foto: Andreas Fadum\/Se og H\u00f8r\n      <\/p>\n<p>Barna Nicole og Sebastian (29) har<br \/>\nLingj\u00e6rde fra et tidligere forhold. I 2021 giftet hun seg med Anders M\u00f8rk (60),<br \/>\nog gleder seg til \u00e5 dele tiden med barnebarnet sammen med ektemannen.\u00a0<\/p>\n<p>    <a itemprop=\"url\" href=\"https:\/\/www.seher.no\/kongelig\/besokte-pappa-midt-i-krisen\/83754141\" rel=\"nofollow noopener\" target=\"_blank\"><\/p>\n<p>      <img loading=\"lazy\" decoding=\"async\" src=\"https:\/\/www.europesays.com\/no\/wp-content\/uploads\/2025\/10\/1761136749_217_83754024.webp\" width=\"980\" height=\"441\" title=\"Bes\u00f8kte pappa midt i krisen\" alt=\"\" class=\"lazyload\" style=\"--aspect-ratio-image: 2.22; \"\/><\/p>\n<p>        Bes\u00f8kte pappa midt i krisen<\/p>\n<p>    <\/a><\/p>\n<p>&#8211; Vi var litt for sent ute med \u00e5 f\u00e5 barn sammen, men<br \/>\ntiden med barnebarnet kan vi dele, sier Merete.\u00a0<\/p>\n<p>Gjennom \u00e5rene har Merete blitt kjent for sitt<br \/>\nengasjerte vesen bak dommerbordet i dansekonkurransen. Rollen som mormor vil<br \/>\nnok ogs\u00e5 bringe frem engasjement og lekenhet hos den profilerte TV-stjernen.\u00a0<\/p>\n<p>&#8211; Her skal det bli b\u00e5de skig\u00e5ing og b\u00e5tkj\u00f8ring med<br \/>\nbarnebarnet etter hvert, men han skal f\u00e5 lov \u00e5 bli et par \u00e5r f\u00f8rst, sier hun<br \/>\nlattermildt.<\/p>\n<p>\u00a0Dansedommeren forteller at<br \/>\nhun storkoser seg tilbake i \u00abSkal vi danse\u00bb, etter at programmet i fjor tok en<br \/>\nett \u00e5r lang pause. I hele 10 \u00e5r har Lingj\u00e6rde sittet i dommerstolen, og bed\u00f8mt<br \/>\nover 150 direktesendinger.\u00a0<\/p>\n<p>&#8211;\u00a0Det er fantastisk \u00e5 v\u00e6re<br \/>\ntilbake. Jeg f\u00e5r s\u00e5 mye fin respons, og det er veldig hyggelig.\u00a0<\/p>\n","protected":false},"excerpt":{"rendered":"Merete Lingj\u00e6rde bekrefter ryktene Dansedommeren avsl\u00f8rer en stor familie-nyhet. STR\u00c5LER: Merete M\u00f8rk Lingj\u00e6rde skal bli mormor, og dansedommeren&hellip;\n","protected":false},"author":2,"featured_media":67118,"comment_status":"","ping_status":"","sticky":false,"template":"","format":"standard","meta":{"footnotes":""},"categories":[58],"tags":[7490,71,479,9574,9575,30,28,29,2280,72],"class_list":{"0":"post-67117","1":"post","2":"type-post","3":"status-publish","4":"format-standard","5":"has-post-thumbnail","7":"category-underholdning","8":"tag-babynyhet","9":"tag-entertainment","10":"tag-kjendis","11":"tag-merete-lingjaerde","12":"tag-mormor","13":"tag-no","14":"tag-norge","15":"tag-norway","16":"tag-skal-vi-danse","17":"tag-underholdning"},"share_on_mastodon":{"url":"","error":""},"_links":{"self":[{"href":"https:\/\/www.europesays.com\/no\/wp-json\/wp\/v2\/posts\/67117","targetHints":{"allow":["GET"]}}],"collection":[{"href":"https:\/\/www.europesays.com\/no\/wp-json\/wp\/v2\/posts"}],"about":[{"href":"https:\/\/www.europesays.com\/no\/wp-json\/wp\/v2\/types\/post"}],"author":[{"embeddable":true,"href":"https:\/\/www.europesays.com\/no\/wp-json\/wp\/v2\/users\/2"}],"replies":[{"embeddable":true,"href":"https:\/\/www.europesays.com\/no\/wp-json\/wp\/v2\/comments?post=67117"}],"version-history":[{"count":0,"href":"https:\/\/www.europesays.com\/no\/wp-json\/wp\/v2\/posts\/67117\/revisions"}],"wp:featuredmedia":[{"embeddable":true,"href":"https:\/\/www.europesays.com\/no\/wp-json\/wp\/v2\/media\/67118"}],"wp:attachment":[{"href":"https:\/\/www.europesays.com\/no\/wp-json\/wp\/v2\/media?parent=67117"}],"wp:term":[{"taxonomy":"category","embeddable":true,"href":"https:\/\/www.europesays.com\/no\/wp-json\/wp\/v2\/categories?post=67117"},{"taxonomy":"post_tag","embeddable":true,"href":"https:\/\/www.europesays.com\/no\/wp-json\/wp\/v2\/tags?post=67117"}],"curies":[{"name":"wp","href":"https:\/\/api.w.org\/{rel}","templated":true}]}}