{"id":67146,"date":"2025-10-22T13:19:09","date_gmt":"2025-10-22T13:19:09","guid":{"rendered":"https:\/\/www.europesays.com\/no\/67146\/"},"modified":"2025-10-22T13:19:09","modified_gmt":"2025-10-22T13:19:09","slug":"russland-angrep-barnehage-blir-stadig-frekkere","status":"publish","type":"post","link":"https:\/\/www.europesays.com\/no\/67146\/","title":{"rendered":"Russland angrep barnehage: \u2013 Blir stadig frekkere"},"content":{"rendered":"\n<p class=\"_lead_o9xde_2 _lead_xtcu6_50 layout-component text-serif-m layout-normal text-serif-l layout-component layout-wide layout-padded _wide_17hqh_1 layout-padded\">Mens Volodymyr Zelenskyj var p\u00e5 vei til Oslo onsdag morgen, bombet Russland en barnehage i Kharkiv.<\/p>\n<p><img alt=\"Flere sm\u00e5 barn ble evakuert ut av en barnehage i Kharkiv onsdag morgen, etter et russisk droneangrep.  Foto: Ukrainsk redningstjeneste via Telegram \" class=\"_image_qp4xg_65 layout-component layout-wide\" data-fullscreen- data-track-element-type=\"Article image fullscreen\" data-track-name=\"ImageFullscreen\" fetchpriority=\"high\" decoding=\"sync\" loading=\"eager\" height=\"853\" itemprop=\"image\"  src=\"https:\/\/www.europesays.com\/no\/wp-content\/uploads\/2025\/10\/f28c86db-5122-4450-ad26-858d738e7567\"  style=\"object-position:0% 0%\" width=\"1280\"\/>Flere sm\u00e5 barn ble evakuert ut av en barnehage i Kharkiv onsdag morgen, etter et russisk droneangrep.  Foto: Ukrainsk redningstjeneste via Telegram rapporterer fra Gardermoen  Oppdatert onsdag 22. oktober kl. 15:01    <\/p>\n<ul class=\"_list_o9xde_3 _list_64s2r_85 _unordered_o9xde_106 text-sans-m\">\n<li class=\"_item_o9xde_30\">Zelenskyj raser etter russisk droneangrep mot barnehage i Kharkiv.<\/li>\n<li class=\"_item_o9xde_30\">Ingen barn ble skadet, men en person ble drept og minst syv s\u00e5ret i et annet angrep.<\/li>\n<li class=\"_item_o9xde_30\">St\u00f8re ford\u00f8mmer angrepet og peker p\u00e5 Russlands strategi om \u00e5 utmatte Ukraina.<\/li>\n<\/ul>\n<p>Vis mer <\/p>\n<p class=\"_paragraph_o9xde_4 _paragraph_xtcu6_10 layout-component text-serif-m layout-normal text-serif-m layout-padded\">Zelenskyj var rasende:<\/p>\n<p class=\"_paragraph_o9xde_4 _paragraph_xtcu6_10 layout-component text-serif-m layout-normal text-serif-m layout-padded\">\u00abDet finnes ingen saklige grunner for droneangrep mot en barnehage, og det kan aldri bli det. Russland blir stadig frekkere. Med disse angrepene spytter Russland i ansiktet p\u00e5 alle som insisterer p\u00e5 en fredelig avtale\u00bb.<\/p>\n<p class=\"_paragraph_o9xde_4 _paragraph_xtcu6_10 layout-component text-serif-m layout-normal text-serif-m layout-padded\">Det skrev den ukrainske presidenten p\u00e5 X\/Twitter f\u00f8r han forlot Norge etter et kort m\u00f8te med statsminister Jonas Gahr St\u00f8re (Ap) p\u00e5 den milit\u00e6re delen av Oslo lufthavn Gardermoen.<\/p>\n<p>   \u2013 Gud bevare de sm\u00e5 barna <\/p>\n<p class=\"_paragraph_o9xde_4 _paragraph_xtcu6_10 layout-component text-serif-m layout-normal text-serif-m layout-padded\">Under m\u00f8tet med St\u00f8re hadde Zelenskyj f\u00e5tt en oppdatering om angrepet mot barnehagen i Kharkiv:<\/p>\n<p class=\"_paragraph_o9xde_4 _paragraph_xtcu6_10 layout-component text-serif-m layout-normal text-serif-m layout-padded\">\u2013 Russland angriper oss hver dag. Derfor st\u00e5r vi sammen med v\u00e5re europeiske partnere og USA for \u00e5 \u00f8ke presset p\u00e5 Putin. I dag har de angrepet en barnehage i sentrum av Kharkiv. <\/p>\n<p><img alt=\"Volodymyr Zelenskyj m\u00f8tte Jonas Gahr St\u00f8re under en kort mellomlanding p\u00e5 Gardermoen onsdag formiddag.   Foto: Fredrik Solstad \/ VG\" class=\"_image_qp4xg_65 layout-component layout-normal\" data-fullscreen- data-track-element-type=\"Article image fullscreen\" data-track-name=\"ImageFullscreen\" decoding=\"async\" loading=\"lazy\" height=\"2656\" itemprop=\"image\"  src=\"https:\/\/www.europesays.com\/no\/wp-content\/uploads\/2025\/10\/28672fe7-ee0f-444c-995a-ce8d099bbac1\"  style=\"object-position:0% 0%\" width=\"3984\"\/>Volodymyr Zelenskyj m\u00f8tte Jonas Gahr St\u00f8re under en kort mellomlanding p\u00e5 Gardermoen onsdag formiddag.   Foto: Fredrik Solstad \/ VG<\/p>\n<p class=\"_paragraph_o9xde_4 _paragraph_xtcu6_10 layout-component text-serif-m layout-normal layout-padded\"><strong class=\"_strong_o9xde_25\">Les ogs\u00e5:<\/strong> <a href=\"https:\/\/www.vg.no\/i\/alXJV4\" data-track-element-type=\"Link\" data-track-id=\"link:alXJV4\" class=\"_link_o9xde_39\" rel=\"nofollow noopener\" target=\"_blank\">Ukrainas president Volodymyr Zelenskyj p\u00e5 lynvisitt<\/a><\/p>\n<p class=\"_paragraph_o9xde_4 _paragraph_xtcu6_10 layout-component text-serif-m layout-normal text-serif-m layout-padded\"><strong class=\"_strong_o9xde_25\">\u2013 Gud bevare de sm\u00e5 barna, sa Zelenskyj p\u00e5 et kort pressem\u00f8te p\u00e5 Gardermoen, f\u00f8r han reiste videre til Stockholm.<\/strong><\/p>\n<p class=\"_paragraph_o9xde_4 _paragraph_xtcu6_10 layout-component text-serif-m layout-normal text-serif-m layout-padded\">Ingen av barna skal ha blitt skadet under droneangrepet mot barnehagen. Men en person ble drept og minst syv ble s\u00e5ret av droneangrep mot byen grytidlig onsdag morgen. <\/p>\n<p class=\"_paragraph_o9xde_4 _paragraph_xtcu6_10 layout-component text-serif-m layout-normal text-serif-m layout-padded\">If\u00f8lge Zelenskyj ble barna evakuert til tilfluktsrom. Flere av dem skal ha v\u00e6rt synlig redde og stresset, if\u00f8lge presidenten.<\/p>\n<p><img alt=\"Foto: Fredrik Solstad \/ VG\" class=\"_image_qp4xg_65 layout-component layout-normal\" data-fullscreen- data-track-element-type=\"Article image fullscreen\" data-track-name=\"ImageFullscreen\" decoding=\"async\" loading=\"lazy\" height=\"2656\" itemprop=\"image\"  src=\"https:\/\/www.europesays.com\/no\/wp-content\/uploads\/2025\/10\/04881824-fe5c-49bf-a5bc-28cffebf30d8\"  style=\"object-position:0% 0%\" width=\"3984\"\/>Foto: Fredrik Solstad \/ VG\u2013 \u00c5penbar strategi <\/p>\n<p class=\"_paragraph_o9xde_4 _paragraph_xtcu6_10 layout-component text-serif-m layout-normal text-serif-m layout-padded\">St\u00f8re var ogs\u00e5 dypt sjokkert over nattens angrep fra Russland mot Ukraina. Han ble oppdatert av dem ukrainske presidenten om nattens nye droneangrep.<\/p>\n<p class=\"_paragraph_o9xde_4 _paragraph_xtcu6_10 layout-component text-serif-m layout-normal text-serif-m layout-padded\"> Angrepet kom bare timer etter at USAs president Donald Trump hadde gjort det klart at det<a href=\"https:\/\/www.vg.no\/nyheter\/i\/B050Gl\/telegraph-moetet-mellom-trump-og-putin-i-budapest-blir-ikke-noe-av\" data-track-element-type=\"Link\" data-track-id=\"link:B050Gl\" class=\"_link_o9xde_39\" rel=\"nofollow noopener\" target=\"_blank\"> ikke var vits i \u00e5 m\u00f8te sin russiske motpart Vladimir Putin<\/a> i Ungarn, slik de avtalte p\u00e5 telefon for noen dager siden.<\/p>\n<p class=\"_paragraph_o9xde_4 _paragraph_xtcu6_10 layout-component text-serif-m layout-normal text-serif-m layout-padded\">VG spurte St\u00f8re om hvordan han tolket den russiske viljen til \u00e5 forhandle om v\u00e5penhvile etter nattens angrep:<\/p>\n<p class=\"_paragraph_o9xde_4 _paragraph_xtcu6_10 layout-component text-serif-m layout-normal text-serif-m layout-padded\">\u2013 Det sier jo noe om en russisk \u00e5penbar strategi i \u00e5 utmatte det ukrainske samarbeidet: Skade dem, gj\u00f8re dem usikre, holde dem under konstant press, sa St\u00f8re. Men all den lesingen jeg f\u00e5r fra Ukraina, er at det har den motsatte effekten, sa St\u00f8re.<\/p>\n<p>Bruker mer energi <\/p>\n<p class=\"_paragraph_o9xde_4 _paragraph_xtcu6_10 layout-component text-serif-m layout-normal text-serif-m layout-padded\">\u2013 Kommer det nye amerikanske initiativ for \u00e5 f\u00e5 i gang samtaler om v\u00e5penhvile med Russland igjen? <\/p>\n<p class=\"_paragraph_o9xde_4 _paragraph_xtcu6_10 layout-component text-serif-m layout-normal text-serif-m layout-padded\">\u2013 Mitt inntrykk er, hvis jeg skal tolke slik jeg ser n\u00e5, er at amerikanerne bruker mer energi p\u00e5 \u00e5 finne utgang p\u00e5 denne krigen, sa St\u00f8re til VG.<\/p>\n<p class=\"_paragraph_o9xde_4 _paragraph_xtcu6_10 layout-component text-serif-m layout-normal text-serif-m layout-padded\">\u2013 Det er krevende n\u00e5r det er s\u00e5 d\u00e5rlig dialog mellom partene, eller ingen dialog, men ogs\u00e5 veldig krevende mellom de som fors\u00f8ker \u00e5 legge til rette. Men det kan vi ikke gi opp, og det er det vi n\u00e5 m\u00e5 jobbe sammen om, og jeg tror det er veldig viktig at vi jobber tett sammen p\u00e5 europeisk og amerikansk side, la han til.<\/p>\n<p>   Avtale langs fronten <\/p>\n<p class=\"_paragraph_o9xde_4 _paragraph_xtcu6_10 layout-component text-serif-m layout-normal text-serif-m layout-padded\">St\u00f8re skal fredag delta p\u00e5 link p\u00e5 et m\u00f8te i London mellom de europeiske topplederne som har dannet koalisjonen av frivillige som jobber med sikkerhetsgarantier til Ukraina. Der skal ogs\u00e5 Zelenskyj v\u00e6re med. <\/p>\n<p class=\"_paragraph_o9xde_4 _paragraph_xtcu6_10 layout-component text-serif-m layout-normal text-serif-m layout-padded\">Zelenskyj hadde et m\u00f8te med Trump i Washington fredag, etter telefonsamtalen mellom Trump og Putin. N\u00e5 har Ukraina g\u00e5tt ut med \u00e5pen st\u00f8tte til at en v\u00e5penhvile kan dannes, med de n\u00e5v\u00e6rende frontlinjene mellom de russiske okkupantene og Ukrainas forsvarere.<\/p>\n<p class=\"_paragraph_o9xde_4 _paragraph_xtcu6_10 layout-component text-serif-m layout-normal text-serif-m layout-padded\"><strong class=\"_strong_o9xde_25\"> \u2013 Jeg syns det er et godt kompromiss, men er ikke sikker p\u00e5 om Putin vil st\u00f8tte det. Det sa jeg til presidenten, sa Zelenskyj p\u00e5 Gardermoen.<\/strong><\/p>\n<p class=\"_paragraph_o9xde_4 _paragraph_xtcu6_10 layout-component text-serif-m layout-normal text-serif-m layout-padded\">PS: Ukrainske medier har omtalt planene om en underjordisk barnehage i Kharkiv, med plass til 500 barn. Fra tidligere har Kharkiv lagt til rette for underjordisk undervisning for skolebarn.<\/p>\n","protected":false},"excerpt":{"rendered":"Mens Volodymyr Zelenskyj var p\u00e5 vei til Oslo onsdag morgen, bombet Russland en barnehage i Kharkiv. Flere sm\u00e5&hellip;\n","protected":false},"author":2,"featured_media":67147,"comment_status":"","ping_status":"","sticky":false,"template":"","format":"standard","meta":{"footnotes":""},"categories":[12],"tags":[20,21,24,25,15,201,179,22,23,13,30,28,29,14,16,188,26,27,50,42,488,43,44,45],"class_list":{"0":"post-67146","1":"post","2":"type-post","3":"status-publish","4":"format-standard","5":"has-post-thumbnail","7":"category-verden","8":"tag-breaking-news","9":"tag-breakingnews","10":"tag-featured-news","11":"tag-featurednews","12":"tag-headlines","13":"tag-jonas-gahr-store","14":"tag-krigen-i-ukraina","15":"tag-latest-news","16":"tag-latestnews","17":"tag-news","18":"tag-no","19":"tag-norge","20":"tag-norway","21":"tag-nyheter","22":"tag-overskrifter","23":"tag-russland","24":"tag-top-stories","25":"tag-topstories","26":"tag-usa","27":"tag-verden","28":"tag-volodymyr-zelenskyj","29":"tag-world","30":"tag-world-news","31":"tag-worldnews"},"share_on_mastodon":{"url":"","error":""},"_links":{"self":[{"href":"https:\/\/www.europesays.com\/no\/wp-json\/wp\/v2\/posts\/67146","targetHints":{"allow":["GET"]}}],"collection":[{"href":"https:\/\/www.europesays.com\/no\/wp-json\/wp\/v2\/posts"}],"about":[{"href":"https:\/\/www.europesays.com\/no\/wp-json\/wp\/v2\/types\/post"}],"author":[{"embeddable":true,"href":"https:\/\/www.europesays.com\/no\/wp-json\/wp\/v2\/users\/2"}],"replies":[{"embeddable":true,"href":"https:\/\/www.europesays.com\/no\/wp-json\/wp\/v2\/comments?post=67146"}],"version-history":[{"count":0,"href":"https:\/\/www.europesays.com\/no\/wp-json\/wp\/v2\/posts\/67146\/revisions"}],"wp:featuredmedia":[{"embeddable":true,"href":"https:\/\/www.europesays.com\/no\/wp-json\/wp\/v2\/media\/67147"}],"wp:attachment":[{"href":"https:\/\/www.europesays.com\/no\/wp-json\/wp\/v2\/media?parent=67146"}],"wp:term":[{"taxonomy":"category","embeddable":true,"href":"https:\/\/www.europesays.com\/no\/wp-json\/wp\/v2\/categories?post=67146"},{"taxonomy":"post_tag","embeddable":true,"href":"https:\/\/www.europesays.com\/no\/wp-json\/wp\/v2\/tags?post=67146"}],"curies":[{"name":"wp","href":"https:\/\/api.w.org\/{rel}","templated":true}]}}