{"id":67164,"date":"2025-10-22T13:39:09","date_gmt":"2025-10-22T13:39:09","guid":{"rendered":"https:\/\/www.europesays.com\/no\/67164\/"},"modified":"2025-10-22T13:39:09","modified_gmt":"2025-10-22T13:39:09","slug":"viggo-venn-og-rikke-lund-tar-grep-etter-sisteplassen","status":"publish","type":"post","link":"https:\/\/www.europesays.com\/no\/67164\/","title":{"rendered":"Viggo Venn og Rikke Lund tar grep etter sisteplassen:"},"content":{"rendered":"<p class=\"kicker \" style=\"\">\u00abSkal vi danse\u00bb 2025:\u00a0<\/p>\n<p>  Deltakerne i \u00abSkal vi danse\u00bb gj\u00f8r seg klare til en skummel l\u00f8rdagskveld. Viggo Venn h\u00e5per p\u00e5 \u00e5 forbedre forrige ukes sisteplass.\u00a0<\/p>\n<p>\n    PARKETTEN: Viggo Venn og dansepartner Rikke Lund har kommet seg gjennom fire episoder av Skal vi danse. N\u00e5 st\u00e5r l\u00f8rdagen for tur, og paret r\u00f8per at de har tatt grep. Foto: Andreas Fadum \/ Se og H\u00f8r\n  <\/p>\n<p>\u00c5rets sesong av publikumsfavoritten \u00abSkal vi danse\u00bb er i sin fjerde uke, og deltakerne varmer n\u00e5 opp til en skummel l\u00f8rdagskveld, hvor temaet er Halloween.\u00a0<\/p>\n<p>Klovn og \u00abBritain&#8217;s Got Talent\u00bb-vinner Viggo Venn (36) og dansepartner Rikke Lund (29) gleder seg til en skummel kveld.\u00a0<\/p>\n<p>        SKAL VI DANSE: Halvor Bakke dukket opp p\u00e5 \u00abSkal vi danse\u00bb med krykker etter \u00e5 ha m\u00e5ttet trekke seg grunnet skade. Reporter: Danny Son Ngoc To \/ Christina Holen Korneliussen<\/p>\n<p>Forrige l\u00f8rdag havnet duoen p\u00e5 sisteplass p\u00e5 poenglista, men ble reddet av publikum.\u00a0<\/p>\n<p class=\"font-weight-bold m-font-weight-bold\" data-lab-font_weight=\"font-weight-bold\">&#8211; Det f\u00f8ltes litt t\u00f8ft, men ogs\u00e5 motiverende for \u00e5 jobbe hardere. Nadya kalte det \u00abtough love\u00bb, fordi hun ser jo potensialet,\u00a0erkjenner Viggo da Se og H\u00f8r m\u00f8ter ham i dansestudioet.\u00a0\u00a0<\/p>\n<p>    <a itemprop=\"url\" href=\"https:\/\/www.seher.no\/kjendis\/renner-inn-frierbrev\/83676315\" rel=\"nofollow noopener\" target=\"_blank\"><\/p>\n<p>      <img loading=\"lazy\" decoding=\"async\" src=\"https:\/\/www.europesays.com\/no\/wp-content\/uploads\/2025\/10\/83676389.webp\" width=\"980\" height=\"441\" title=\"- Renner inn frierbrev\" alt=\"\" class=\"lazyload\" style=\"--aspect-ratio-image: 2.22; \"\/><\/p>\n<p>        &#8211; Renner inn frierbrev<\/p>\n<p>    <\/a><\/p>\n<p>Det gikk allikevel bra for paret. Publikumsstemmene s\u00f8rget for at de gikk videre, og at de ikke en gang havnet blant de tre nederste parene. Det er de takknemlige for.\u00a0<\/p>\n<p>          <img loading=\"lazy\" decoding=\"async\" src=\"https:\/\/www.europesays.com\/no\/wp-content\/uploads\/2025\/10\/1761140349_879_83675947.webp\" width=\"686\" height=\"659\" title=\"DANSEPARTNERE: Viggo Venn og Rikke Lund ble satt sammen som dansepartnere under \u00e5rets sesong. Etter en skuffende sisteplass er de klare for \u00e5 vise seg frem p\u00e5 l\u00f8rdag. Foto: Andreas Fadum \/ Se og H\u00f8r\" alt=\"\" class=\"\" style=\"--aspect-ratio-image: 1.04; \"\/><\/p>\n<p>\n          DANSEPARTNERE: Viggo Venn og Rikke Lund ble satt sammen som dansepartnere under \u00e5rets sesong. Etter en skuffende sisteplass er de klare for \u00e5 vise seg frem p\u00e5 l\u00f8rdag. Foto: Andreas Fadum \/ Se og H\u00f8r\n      <\/p>\n<p>&#8211; Ja, det er jo helt r\u00e5tt. De reddet oss jo!<\/p>\n<p class=\"font-weight-bold m-font-weight-bold\" data-lab-font_weight=\"font-weight-bold\">Proffdanser Lund forteller at hun har en klar kj\u00f8replan for hvordan de skal jobbe mot denne ukens dans. Paret r\u00f8per at de ogs\u00e5 har lagt inn noen ekstra dansetimer denne uken for \u00e5 forberede seg.\u00a0\u00a0<\/p>\n<p>        SLUTTER: Etter \u00e5tte \u00e5r som programleder gir Fredrik Solvang seg i \u00abDebatten\u00bb. Video: NRK \/ NTB.<\/p>\n<p>&#8211; Vi liker jo \u00e5 si \u00abn\u00e5 har vi ikke trent enn\u00e5 i dag\u00bb. Det er bare onsdag, det er lenge til l\u00f8rdag, sier Lund.\u00a0<\/p>\n<p>Danseduoen vil imidlertid ikke r\u00f8pe hva slags kostymer de skal ha p\u00e5 seg eller hva som blir l\u00f8rdagens dansestil.\u00a0<\/p>\n<p>&#8211; Vi holder det litt hemmelig, men vi er ikke de skumleste, r\u00f8per Lund. <\/p>\n","protected":false},"excerpt":{"rendered":"\u00abSkal vi danse\u00bb 2025:\u00a0 Deltakerne i \u00abSkal vi danse\u00bb gj\u00f8r seg klare til en skummel l\u00f8rdagskveld. Viggo Venn&hellip;\n","protected":false},"author":2,"featured_media":67165,"comment_status":"","ping_status":"","sticky":false,"template":"","format":"standard","meta":{"footnotes":""},"categories":[58],"tags":[71,479,2543,30,28,29,8021,2280,72,2290],"class_list":{"0":"post-67164","1":"post","2":"type-post","3":"status-publish","4":"format-standard","5":"has-post-thumbnail","7":"category-underholdning","8":"tag-entertainment","9":"tag-kjendis","10":"tag-kjendisdesken","11":"tag-no","12":"tag-norge","13":"tag-norway","14":"tag-rikke-lund","15":"tag-skal-vi-danse","16":"tag-underholdning","17":"tag-viggo-venn"},"share_on_mastodon":{"url":"","error":""},"_links":{"self":[{"href":"https:\/\/www.europesays.com\/no\/wp-json\/wp\/v2\/posts\/67164","targetHints":{"allow":["GET"]}}],"collection":[{"href":"https:\/\/www.europesays.com\/no\/wp-json\/wp\/v2\/posts"}],"about":[{"href":"https:\/\/www.europesays.com\/no\/wp-json\/wp\/v2\/types\/post"}],"author":[{"embeddable":true,"href":"https:\/\/www.europesays.com\/no\/wp-json\/wp\/v2\/users\/2"}],"replies":[{"embeddable":true,"href":"https:\/\/www.europesays.com\/no\/wp-json\/wp\/v2\/comments?post=67164"}],"version-history":[{"count":0,"href":"https:\/\/www.europesays.com\/no\/wp-json\/wp\/v2\/posts\/67164\/revisions"}],"wp:featuredmedia":[{"embeddable":true,"href":"https:\/\/www.europesays.com\/no\/wp-json\/wp\/v2\/media\/67165"}],"wp:attachment":[{"href":"https:\/\/www.europesays.com\/no\/wp-json\/wp\/v2\/media?parent=67164"}],"wp:term":[{"taxonomy":"category","embeddable":true,"href":"https:\/\/www.europesays.com\/no\/wp-json\/wp\/v2\/categories?post=67164"},{"taxonomy":"post_tag","embeddable":true,"href":"https:\/\/www.europesays.com\/no\/wp-json\/wp\/v2\/tags?post=67164"}],"curies":[{"name":"wp","href":"https:\/\/api.w.org\/{rel}","templated":true}]}}