{"id":67193,"date":"2025-10-22T14:01:13","date_gmt":"2025-10-22T14:01:13","guid":{"rendered":"https:\/\/www.europesays.com\/no\/67193\/"},"modified":"2025-10-22T14:01:13","modified_gmt":"2025-10-22T14:01:13","slug":"jeg-angrer-pa-at-jeg-ikke-har-vaert-nok-til-stede-fvn-no","status":"publish","type":"post","link":"https:\/\/www.europesays.com\/no\/67193\/","title":{"rendered":"(+) \u2013 Jeg angrer p\u00e5 at jeg ikke har v\u00e6rt nok til stede &#8211; fvn.no"},"content":{"rendered":"<ol>\n<li><a href=\"https:\/\/news.google.com\/rss\/articles\/CBMiqwFBVV95cUxQUmZiamZManl1TF9XSFUzdmZuN0dJeXFfUUpoWFRpcXFVSEdDWHJhRE8xQS1uWjB3WE9wVVFSdXUtUWR4NHdUVnNpd19pcXVyNlZ4Y09xQ1hMZTd3VldwWHVYZmNMMVVmYlNtaTVmYVZqajhMM3R6SzVzWFdmMjhkTU1SNl9PWGJvWXc2RS16dDdTSENkWGxwaXM2U1YxMUZUNmVLbGRTYlJISGc?oc=5\" target=\"_blank\" rel=\"nofollow noopener\">(+) \u2013 Jeg angrer p\u00e5 at jeg ikke har v\u00e6rt nok til stede<\/a>&nbsp;&nbsp;fvn.no<\/li>\n<li><a href=\"https:\/\/news.google.com\/rss\/articles\/CBMikwFBVV95cUxNMzM3S3F6YlBoRkltSFlnWEw5LTZKU01uYW80bWk3NW5VakRTMjk0NjhmZ1E1cnVxZFgwc29WMnlxQUhlMWM5ejRZdTJDakZyOUlWeFRTeTFuLUVodXlOSk9xem9od05ZSUtDd0FYeWJlRlNkTURkVUpGMFZnUzFfeVUxYTdNVTRzZ043Qm1HejgzaW8?oc=5\" target=\"_blank\" rel=\"nofollow noopener\">H\u00f8r Start-Skeid og se v\u00e5re TV-sendinger<\/a>&nbsp;&nbsp;fvn.no<\/li>\n<li><a href=\"https:\/\/news.google.com\/rss\/articles\/CBMilgFBVV95cUxNMkUtLWo2STRXTk5YNzVvdHgxejZocU5lQU9nRFkxT0xOTDlrYnF5T0RzZGNPc21JU0hSRVJTZWlJVVpmcEJwRHd0N0FqSkN1VXNGQ1dKRHlGM1M3MTExaExpcTUyaWV3SDYzNzR4MHVINHUxSnBTMGRSWUNJUUxSTWN2T0tsWFlQbW5QQU9YRjN6d05HMFE?oc=5\" target=\"_blank\" rel=\"nofollow noopener\">Start, Sport | Her er publikumsfavoritten med armen i fatle: \u2013 Veldig kjipt<\/a>&nbsp;&nbsp;KRS &#8211; Avisen Kristiansand<\/li>\n<li><a href=\"https:\/\/news.google.com\/rss\/articles\/CBMiogFBVV95cUxPYXpRUnUxZFVvSHBoVUI2MW9GVGpaakxfTlBRQkY0NUNiemNubXJFMUNURVh3YVRYQjVrU1QzWXgxTm8zZlBTS25lRVZ3LUNsQnRtenQ3WFdGWGhFeHd4S0hnRVJzSlUtQlB6V0Q2MWY3SFRXTzJWRzh2RXh4NWZma2k3NlBvYjE5bC1EcWJIMkprZXhVM01mVVFTTWpDVnRYYmc?oc=5\" target=\"_blank\" rel=\"nofollow noopener\">N\u00f8kkel\u00adspil\u00adler mister flere viktige kamper: \u2013 En litt rar skade<\/a>&nbsp;&nbsp;fvn.no<\/li>\n<li><a href=\"https:\/\/news.google.com\/rss\/articles\/CBMioAFBVV95cUxNRENrTUlMRzlIUUlQVFczVlpjbFdRZVV1dFZ4SkY1a3pLWkFpQktOd2YzNkxPRnZzZEpzZDhUMDByMlQyZ0NOUGRFS1oxbGlZV2ZTazNNcnFEX2xCcTBvWVNzVXN2a0VFQ2lZWVItQ19qWTlpYlhod294emZGeDUxUzh1NVJ2V2JrT1FyMTA5ZDVFaEMxREtIY2Q4ZXdJME5V?oc=5\" target=\"_blank\" rel=\"nofollow noopener\">&laquo;Dette blir en thriller av en avslutning p\u00e5 sesongen&raquo; &#8211; Supporterbloggen<\/a>&nbsp;&nbsp;IK Start<\/li>\n<\/ol>\n","protected":false},"excerpt":{"rendered":"(+) \u2013 Jeg angrer p\u00e5 at jeg ikke har v\u00e6rt nok til stede&nbsp;&nbsp;fvn.no H\u00f8r Start-Skeid og se v\u00e5re&hellip;\n","protected":false},"author":2,"featured_media":67194,"comment_status":"","ping_status":"","sticky":false,"template":"","format":"standard","meta":{"footnotes":""},"categories":[59],"tags":[92,303,30,28,29,9491,83,82,9584],"class_list":{"0":"post-67193","1":"post","2":"type-post","3":"status-publish","4":"format-standard","5":"has-post-thumbnail","7":"category-sport","8":"tag-fotball","9":"tag-ik-start","10":"tag-no","11":"tag-norge","12":"tag-norway","13":"tag-skeid","14":"tag-sport","15":"tag-sports","16":"tag-vilde-mollestad-rislaa"},"share_on_mastodon":{"url":"","error":""},"_links":{"self":[{"href":"https:\/\/www.europesays.com\/no\/wp-json\/wp\/v2\/posts\/67193","targetHints":{"allow":["GET"]}}],"collection":[{"href":"https:\/\/www.europesays.com\/no\/wp-json\/wp\/v2\/posts"}],"about":[{"href":"https:\/\/www.europesays.com\/no\/wp-json\/wp\/v2\/types\/post"}],"author":[{"embeddable":true,"href":"https:\/\/www.europesays.com\/no\/wp-json\/wp\/v2\/users\/2"}],"replies":[{"embeddable":true,"href":"https:\/\/www.europesays.com\/no\/wp-json\/wp\/v2\/comments?post=67193"}],"version-history":[{"count":0,"href":"https:\/\/www.europesays.com\/no\/wp-json\/wp\/v2\/posts\/67193\/revisions"}],"wp:featuredmedia":[{"embeddable":true,"href":"https:\/\/www.europesays.com\/no\/wp-json\/wp\/v2\/media\/67194"}],"wp:attachment":[{"href":"https:\/\/www.europesays.com\/no\/wp-json\/wp\/v2\/media?parent=67193"}],"wp:term":[{"taxonomy":"category","embeddable":true,"href":"https:\/\/www.europesays.com\/no\/wp-json\/wp\/v2\/categories?post=67193"},{"taxonomy":"post_tag","embeddable":true,"href":"https:\/\/www.europesays.com\/no\/wp-json\/wp\/v2\/tags?post=67193"}],"curies":[{"name":"wp","href":"https:\/\/api.w.org\/{rel}","templated":true}]}}