{"id":67275,"date":"2025-10-22T15:52:03","date_gmt":"2025-10-22T15:52:03","guid":{"rendered":"https:\/\/www.europesays.com\/no\/67275\/"},"modified":"2025-10-22T15:52:03","modified_gmt":"2025-10-22T15:52:03","slug":"store-regjeringen-arbeiderpartiet-jensus-den-urorlige","status":"publish","type":"post","link":"https:\/\/www.europesays.com\/no\/67275\/","title":{"rendered":"St\u00f8re-regjeringen, Arbeiderpartiet | Jensus den ur\u00f8rlige"},"content":{"rendered":"\n<p>Det var trolig ikke lystbetont for Tuva Moflag (Ap) \u00e5 st\u00e5 skolerett p\u00e5 vegne av eget parti i Debatten onsdag. Men det er Moflags jobb \u00e5 ta de signalene som regjeringen sender ut med seg til Stortinget, og forholde seg lojalt til dem.<\/p>\n<p><b>N\u00e5 var signalet, etter mye om og men, at regjeringen snur om kutt i gratis ferger og slette av studiegjeld. <\/b><\/p>\n<p>Likevel ser det helt elendig ut: Moflag som st\u00e5r til svars for noe gutta boys \u00f8verst p\u00e5 toppen har rotet til med elendig krisekommunikasjon, eller fullstendig frav\u00e6r i Stoltenbergs tilfelle.<\/p>\n<p><b>For \u00e5 parafrasere &laquo;Bruremarsj fra L\u00f8dingen&raquo;: F\u00f8rst sa de nei, s\u00e5 sa de ja, s\u00e5 sa de at internkommunikasjonen sviktet.<\/b><\/p>\n<p>Jeg vet at Jonas Gahr St\u00f8re tar den referansen. Han brukte nemlig Sivertsens ekteskapelige landeplage i en debatt for \u00e5 vise hvor omflakkende Erna Solberg var som statsministerkandidat for de borgerlige.<\/p>\n<p>St\u00f8re kan sette p\u00e5 finl\u00e5ta en gang til, n\u00e5r hans egen katastrofe skal evalueres. Enn s\u00e5 lenge har han sendt ballen videre til de prosessuelt riktige menneskene: Tuva Moflag og Tonje Brenna p\u00e5 Stortinget.<\/p>\n<p><b>Det er sikkert helt korrekt. Men det er ikke rett. Det er et evigvarende problem for Arbeiderpartiet \u00e5 skj\u00f8nne forskjellen. <\/b><\/p>\n<p>De bel\u00e6rer velgerne og media stadig om politiske systemer og prosesser. I stedet for \u00e5 vise tydelig politisk lederskap ved at toppledere stiller opp og retter opp. <\/p>\n<p>  <a href=\"https:\/\/www.nordnorskdebatt.no\/5-124-393377\" class=\"related-teaser has-image default-opinion-teaser article--c-eRUmMG article--c-eRUmMG-jKCPdD-design-default\" rel=\"nofollow noopener\" target=\"_blank\"><\/p>\n<p>    <img decoding=\"async\" loading=\"lazy\"  src=\"https:\/\/www.europesays.com\/no\/wp-content\/uploads\/2025\/10\/Jonas+PK.jpg\" alt=\"\" class=\"brick-c-cFOWSL\" style=\"\"\/><\/p>\n<p>\n            Les ogs\u00e5<\/p>\n<p>              Det er ingen som tror deg, Jonas\n        <\/p>\n<p>  <\/a><\/p>\n<p>En av karene burde selvsagt ha stilt opp til offentlig kanossagang. En av karene burde v\u00e6re den som eier snuoperasjonen, skit og alt.<\/p>\n<p><b>Fortrinnsvis burde det ha v\u00e6rt finansministeren. For det er fortsatt mange ubesvarte sp\u00f8rsm\u00e5l som bare han kan svare p\u00e5. <\/b><\/p>\n<p>Det ser n\u00e5 ut som om de mest fremtredende menn i Ap har rotet noe voldsomt. Og at damene m\u00e5 st\u00e5 i kritikken.<\/p>\n<p>Det er riktignok ogs\u00e5 kvinnfolk i regjeringa som har bidratt til det generelle kaoset. V\u00e5r egen Cecilie Myrseth ausa seg noe voldsomt opp i da H\u00f8yre og Frp beskyldte Jan Christian Vestre for l\u00f8gn under valgkampen.<\/p>\n<p>  <a href=\"https:\/\/www.nordnorskdebatt.no\/5-124-392958\" class=\"related-teaser has-image default-opinion-teaser article--c-eRUmMG article--c-eRUmMG-jKCPdD-design-default\" rel=\"nofollow noopener\" target=\"_blank\"><\/p>\n<p>    <img decoding=\"async\" loading=\"lazy\"  src=\"https:\/\/www.europesays.com\/no\/wp-content\/uploads\/2025\/10\/Skjermbilde+2025-10-17+135042.png\" alt=\"\" class=\"brick-c-cFOWSL\" style=\"\"\/><\/p>\n<p>\n            Les ogs\u00e5<\/p>\n<p>              Vestre bl\u00f8ffet med vilje\n        <\/p>\n<p>  <\/a><\/p>\n<p><b>Da haglet det med sinte ord fra Myrseth, som ogs\u00e5 visste at disse kuttene skulle komme. <\/b><\/p>\n<p>Myrseth har alltid v\u00e6rt en medl\u00f8per og aldri en oppr\u00f8rer i Ap, det er ikke overraskende at hun heiv seg p\u00e5 hyllesten av Vestres videosprell under valgkampen. Det er s\u00e5nn man klatrer i Ap.<\/p>\n<p>Det er ikke overraskende at hun heller ikke var tilgjengelig til \u00e5 svare ut sin egen rolle i denne kampanjen p\u00e5 Debatten, noe som ogs\u00e5 ble p\u00e5pekt av Fredrik Solvang.<\/p>\n<p><b>Men det er heller ikke n\u00e6ringsministeren som burde st\u00e5tt skolerett i NRK. Det er enten statsministeren. Eller selveste gjenoppst\u00e5tte Jensus, den ur\u00f8rlige. <\/b><\/p>\n<p>Jens Stoltenberg var dessverre utilgjengelig for \u00e5 svare p\u00e5 kritikk i forrige uke og i helga. Han hadde nemlig tatt seg noen dager fri (!) for \u00e5 promotere boka si, \u00abP\u00e5 min vakt\u00bb, i en rekke europeiske land.<\/p>\n<p>Fredag i forrige uke var han i Frankfurt. S\u00e5 var det en tur til London, f\u00f8r han bes\u00f8kte Fredrik Skavlan i Stockholm.<\/p>\n<p>Han var riktignok hjemme allerede tirsdag kveld, men kunne ikke stille p\u00e5 Stortingets sp\u00f8rretime onsdag. Eller p\u00e5 Debatten p\u00e5 kvelden. Heller ikke St\u00f8re stilte i sp\u00f8rretimen.<\/p>\n<p><b>Det er f\u00f8rste gang p\u00e5 ni \u00e5r at verken statsministeren eller finansministeren m\u00f8tte opp til f\u00f8rste sp\u00f8rretime etter statsbudsjettet.<\/b><\/p>\n<p>I stedet var det Astrid Aas Hansen og Kjersti Stenseng som stilte opp for \u00e5 bli grillet av de andre folkevalgte. \u00c5, kj\u00e6re ironi\u2026<\/p>\n<p>Spindoktorer i Ap m\u00e5 jo skj\u00f8nne at dette ser helt for j\u00e6vlig ut. Det virker som om det er litt vel meget \u00e5 kreve at h\u00f8ye herrer i Arbeiderpartiet, skal holde seg til innenrikspolitikk n\u00e5r det brenner under f\u00f8ttene hjemme. I stedet sender de ut damene for \u00e5 rydde opp, for herrene selv er meget opptatt.<\/p>\n<p>Ap har en statsminister som trives best utenriks, og ofte er treg i responsen innenriks. Derfor undervurderte St\u00f8re denne saken s\u00e5 grassat. Han trodde \u00e5penbart at gratis ferger og studiel\u00e5n ikke var en big deal for velgerne.<\/p>\n<p>En del folk i Ap h\u00e5pet derfor at Stoltenberg skulle aksle innenriksminister-rollen. Han har innflytelse over alle andre departement som finansminister, og er nummer to i regjeringen. Det ville v\u00e6re naturlig at han tok p\u00e5 seg det ansvaret.<\/p>\n<p><b>H\u00e5pet er effektivt kvelt. Jens har heller ikke tid til sm\u00e5saker innenlands.<\/b><\/p>\n<p><b>Han drar p\u00e5 bokturn\u00e9 utenlands, ogs\u00e5 i neste uke. R\u00f8de l\u00f8pere venter der, mens kritikken hagler her. <\/b><\/p>\n<p>Norge holder seg dermed med to ekstra utenriksministre fra Oslo Vest som helst vil henge i Brussel, London og New York, enn \u00e5 plages med slette av studiel\u00e5n i S\u00f8rreisa.<\/p>\n<p><b>De neste fire \u00e5rene blir travle for ryddedamene i Arbeiderpartiet. <\/b><\/p>\n","protected":false},"excerpt":{"rendered":"Det var trolig ikke lystbetont for Tuva Moflag (Ap) \u00e5 st\u00e5 skolerett p\u00e5 vegne av eget parti i&hellip;\n","protected":false},"author":2,"featured_media":67276,"comment_status":"","ping_status":"","sticky":false,"template":"","format":"standard","meta":{"footnotes":""},"categories":[5],"tags":[499,36,20,21,24,25,15,19,240,266,22,23,17,18,13,30,28,29,14,1533,16,568,26,27],"class_list":{"0":"post-67275","1":"post","2":"type-post","3":"status-publish","4":"format-standard","5":"has-post-thumbnail","7":"category-overskrifter","8":"tag-arbeiderpartiet","9":"tag-art","10":"tag-breaking-news","11":"tag-breakingnews","12":"tag-featured-news","13":"tag-featurednews","14":"tag-headlines","15":"tag-hovedoppslag","16":"tag-jens-stoltenberg","17":"tag-kommentar","18":"tag-latest-news","19":"tag-latestnews","20":"tag-main-news","21":"tag-mainnews","22":"tag-news","23":"tag-no","24":"tag-norge","25":"tag-norway","26":"tag-nyheter","27":"tag-opinion","28":"tag-overskrifter","29":"tag-store-regjeringen","30":"tag-top-stories","31":"tag-topstories"},"share_on_mastodon":{"url":"","error":""},"_links":{"self":[{"href":"https:\/\/www.europesays.com\/no\/wp-json\/wp\/v2\/posts\/67275","targetHints":{"allow":["GET"]}}],"collection":[{"href":"https:\/\/www.europesays.com\/no\/wp-json\/wp\/v2\/posts"}],"about":[{"href":"https:\/\/www.europesays.com\/no\/wp-json\/wp\/v2\/types\/post"}],"author":[{"embeddable":true,"href":"https:\/\/www.europesays.com\/no\/wp-json\/wp\/v2\/users\/2"}],"replies":[{"embeddable":true,"href":"https:\/\/www.europesays.com\/no\/wp-json\/wp\/v2\/comments?post=67275"}],"version-history":[{"count":0,"href":"https:\/\/www.europesays.com\/no\/wp-json\/wp\/v2\/posts\/67275\/revisions"}],"wp:featuredmedia":[{"embeddable":true,"href":"https:\/\/www.europesays.com\/no\/wp-json\/wp\/v2\/media\/67276"}],"wp:attachment":[{"href":"https:\/\/www.europesays.com\/no\/wp-json\/wp\/v2\/media?parent=67275"}],"wp:term":[{"taxonomy":"category","embeddable":true,"href":"https:\/\/www.europesays.com\/no\/wp-json\/wp\/v2\/categories?post=67275"},{"taxonomy":"post_tag","embeddable":true,"href":"https:\/\/www.europesays.com\/no\/wp-json\/wp\/v2\/tags?post=67275"}],"curies":[{"name":"wp","href":"https:\/\/api.w.org\/{rel}","templated":true}]}}