{"id":67312,"date":"2025-10-22T17:06:16","date_gmt":"2025-10-22T17:06:16","guid":{"rendered":"https:\/\/www.europesays.com\/no\/67312\/"},"modified":"2025-10-22T17:06:16","modified_gmt":"2025-10-22T17:06:16","slug":"volodomyr-zelenskyj-jonas-gahr-store-3","status":"publish","type":"post","link":"https:\/\/www.europesays.com\/no\/67312\/","title":{"rendered":"Volodomyr Zelenskyj, Jonas Gahr St\u00f8re"},"content":{"rendered":"<p> (<a href=\"https:\/\/www.nettavisen.no\" rel=\"nofollow noopener\" target=\"_blank\">Nettavisen<\/a>) <\/p>\n<p>GARDERMOEN (Nettavisen): President Volodomyr Zelenskyj og Ukrainas f\u00f8rstedame Olena Zelenska kom onsdag formiddag til Norge.<\/p>\n<p>\u2013 Jeg \u00f8nsker Ukrainas president Volodomyr Zelenskyj og f\u00f8rstedame Olena Zelenska varmt velkommen. Norge st\u00e5r sammen med Ukraina i \u00f8nsket om en varig og rettferdig fred, slik det ukrainske folk fortjener, sier statsminister Jonas Gahr St\u00f8re.<\/p>\n<p>\u2013 Virker som Russland har trukket seg<\/p>\n<p>Etter seansen sa St\u00f8re til pressen at Norge har bred kontakt med Ukraina, og beskrev litt mer om hvordan m\u00f8tet onsdag forl\u00f8p seg.<\/p>\n<p>\u2013 Vi snakket om den diplomatiske prosessen, hva som skjer etter m\u00f8tet i Washington. Der har det skjedd ting siden. Trump markerte tydelig at krigen b\u00f8r stoppe, og b\u00f8r ta utgangspunkt i frontlinjen der den er i dag. Etter den markeringen for noen dager siden, var vi ute i g\u00e5r med flere europeiske land med st\u00f8tte til dette, sa St\u00f8re.<\/p>\n<p>Og la til:<\/p>\n<p>\u2013 Jeg vil si at med utgangspunkt i den holdningen, s\u00e5 virker det som at Russland har trukket seg fra \u00e5 ha m\u00f8ter mellom utenriksministere. Dette antydete m\u00f8tet mellom Trump og Putin, fordi Russland ikke tar utgangspunkt i frontlinjen. Men vi fortsetter tett dialog med USA.<\/p>\n<p>   <img decoding=\"async\" width=\"1635\" height=\"920\" fetchpriority=\"low\"  loading=\"lazy\"  src=\"https:\/\/www.europesays.com\/no\/wp-content\/uploads\/2025\/10\/1761152775_843_Zelensky+St%C3%B8re.jpg\" alt=\"\" class=\"brick-c-cFOWSL\" style=\"--brick-image-ratio: 1635 \/ 920;\"\/><\/p>\n<p>    VELKOMMEN: Ukrainas president ble m\u00f8tt av statsminister Jonas Gahr St\u00f8re.<br \/>\n    Foto: Tormod Malvin S\u00e6ther (Nettavisen)\n  <\/p>\n<p>  \u2013 Frontlinjen kan tenne diplomati<\/p>\n<p><b>Bes\u00f8ket var ikke annonsert p\u00e5 forh\u00e5nd. Tidligere onsdag ble det meldt at Zelenskyj var p\u00e5 bes\u00f8k i Sverige. <\/b><\/p>\n<p>    Vil du se neste video?<\/p>\n<p>    <a href=\"https:\/\/www.f-b.no\/stjalet-truck-i-fredrikstad-tiltalt-nekter-drapsforsok\/v\/5-59-3726937\" class=\"recommend-poster\" data-adp-clicklabel=\"video-recommend\" data-adp-clickvalue=\"poster\" rel=\"nofollow noopener\" target=\"_blank\"><br \/>\n      <img decoding=\"async\" width=\"200\" height=\"200\" loading=\"lazy\" src=\"https:\/\/www.europesays.com\/no\/wp-content\/uploads\/2025\/10\/Skjermbilde+2025-10-16+kl.+11.10.14.png\" alt=\"\" class=\"brick-c-cFOWSL\" style=\"--brick-image-ratio: 200 \/ 200;\"\/><\/p>\n<p>Her g\u00e5r det nesten galt \u2013 mann tiltalt for drapsfors\u00f8k0:26<\/p>\n<p>    <\/a><\/p>\n<p>Men bes\u00f8ket gikk derimot til Oslo. Like f\u00f8r klokken 12.00 satt Zelenskyj seg p\u00e5 flyet igjen, retning Sverige.<\/p>\n<p>   <img decoding=\"async\" width=\"1461\" height=\"821\" fetchpriority=\"low\"  loading=\"lazy\"  src=\"https:\/\/www.europesays.com\/no\/wp-content\/uploads\/2025\/10\/Zelenskyjs+fly.jpg\" alt=\"\" class=\"brick-c-cFOWSL\" style=\"--brick-image-ratio: 1461 \/ 821;\"\/><\/p>\n<p>    I NORGE: Her takser president Volodomyr Zelenskyjs fly p\u00e5 rullebanen p\u00e5 Gardermoen onsdag morgen.<br \/>\n    Foto: Tormod Malvin S\u00e6ther (Nettavisen)\n  <\/p>\n<p>Presidenten er p\u00e5 rundreise i Europa, og er i Norge for et m\u00f8te med statsminister St\u00f8re. Av tidshensyn blir m\u00f8tet p\u00e5 Gardermoen.<\/p>\n<p>\u2013 Norges st\u00f8tte til Ukraina er sterk og fortsetter. Det er avgj\u00f8rende \u00e5 ha tett dialog med ukrainske myndigheter, slik at st\u00f8tten m\u00f8ter behovene p\u00e5 bakken i Ukraina, sier St\u00f8re.<\/p>\n<p>Ukrainas f\u00f8rstedame Olena Zelenska vil ha et eget program i Norge. Zelenska ledsages av utenriksminister Andrij Sybiha.<\/p>\n<p>P\u00e5 Telegram skriver Zelenskyj selv at de h\u00e5per \u00e5 f\u00e5 plass nye avtaler som vil s\u00f8rge for langsiktige sikkerhetsgarainter for Ukraina. Han understreker at diplomati fortsatt er i fokus for \u00e5 f\u00e5 slutt p\u00e5 krigen.<\/p>\n<p>\u2013 Frontlinjen kan tenne diplomati. I stedet fortsetter Russland \u00e5 gj\u00f8re alt for \u00e5 snike seg unna diplomati. S\u00e5 snart sp\u00f8rsm\u00e5let om langtrekkende kapasiteter for oss ble mindre presserende, forsvant Russlands interesse for diplomati nesten automatisk, skriver han.<\/p>\n<p>    Vil du se neste video?<\/p>\n<p>    <a href=\"https:\/\/www.f-b.no\/stjalet-truck-i-fredrikstad-tiltalt-nekter-drapsforsok\/v\/5-59-3726937\" class=\"recommend-poster\" data-adp-clicklabel=\"video-recommend\" data-adp-clickvalue=\"poster\" rel=\"nofollow noopener\" target=\"_blank\"><br \/>\n      <img decoding=\"async\" width=\"200\" height=\"200\" loading=\"lazy\" src=\"https:\/\/www.europesays.com\/no\/wp-content\/uploads\/2025\/10\/Skjermbilde+2025-10-16+kl.+11.10.14.png\" alt=\"\" class=\"brick-c-cFOWSL\" style=\"--brick-image-ratio: 200 \/ 200;\"\/><\/p>\n<p>Her g\u00e5r det nesten galt \u2013 mann tiltalt for drapsfors\u00f8k0:26<\/p>\n<p>    <\/a><\/p>\n","protected":false},"excerpt":{"rendered":"(Nettavisen) GARDERMOEN (Nettavisen): President Volodomyr Zelenskyj og Ukrainas f\u00f8rstedame Olena Zelenska kom onsdag formiddag til Norge. \u2013 Jeg&hellip;\n","protected":false},"author":2,"featured_media":67251,"comment_status":"","ping_status":"","sticky":false,"template":"","format":"standard","meta":{"footnotes":""},"categories":[12],"tags":[36,20,21,24,25,15,201,22,23,13,30,28,29,14,16,1510,26,27,489,42,8770,43,44,45],"class_list":{"0":"post-67312","1":"post","2":"type-post","3":"status-publish","4":"format-standard","5":"has-post-thumbnail","7":"category-verden","8":"tag-art","9":"tag-breaking-news","10":"tag-breakingnews","11":"tag-featured-news","12":"tag-featurednews","13":"tag-headlines","14":"tag-jonas-gahr-store","15":"tag-latest-news","16":"tag-latestnews","17":"tag-news","18":"tag-no","19":"tag-norge","20":"tag-norway","21":"tag-nyheter","22":"tag-overskrifter","23":"tag-story","24":"tag-top-stories","25":"tag-topstories","26":"tag-ukraina","27":"tag-verden","28":"tag-volodomyr-zelenskyj","29":"tag-world","30":"tag-world-news","31":"tag-worldnews"},"share_on_mastodon":{"url":"","error":""},"_links":{"self":[{"href":"https:\/\/www.europesays.com\/no\/wp-json\/wp\/v2\/posts\/67312","targetHints":{"allow":["GET"]}}],"collection":[{"href":"https:\/\/www.europesays.com\/no\/wp-json\/wp\/v2\/posts"}],"about":[{"href":"https:\/\/www.europesays.com\/no\/wp-json\/wp\/v2\/types\/post"}],"author":[{"embeddable":true,"href":"https:\/\/www.europesays.com\/no\/wp-json\/wp\/v2\/users\/2"}],"replies":[{"embeddable":true,"href":"https:\/\/www.europesays.com\/no\/wp-json\/wp\/v2\/comments?post=67312"}],"version-history":[{"count":0,"href":"https:\/\/www.europesays.com\/no\/wp-json\/wp\/v2\/posts\/67312\/revisions"}],"wp:featuredmedia":[{"embeddable":true,"href":"https:\/\/www.europesays.com\/no\/wp-json\/wp\/v2\/media\/67251"}],"wp:attachment":[{"href":"https:\/\/www.europesays.com\/no\/wp-json\/wp\/v2\/media?parent=67312"}],"wp:term":[{"taxonomy":"category","embeddable":true,"href":"https:\/\/www.europesays.com\/no\/wp-json\/wp\/v2\/categories?post=67312"},{"taxonomy":"post_tag","embeddable":true,"href":"https:\/\/www.europesays.com\/no\/wp-json\/wp\/v2\/tags?post=67312"}],"curies":[{"name":"wp","href":"https:\/\/api.w.org\/{rel}","templated":true}]}}