{"id":67317,"date":"2025-10-22T17:14:06","date_gmt":"2025-10-22T17:14:06","guid":{"rendered":"https:\/\/www.europesays.com\/no\/67317\/"},"modified":"2025-10-22T17:14:06","modified_gmt":"2025-10-22T17:14:06","slug":"alexander-skarsgard-overrasker-pa-rod-loper-med-dristig-antrekk-2","status":"publish","type":"post","link":"https:\/\/www.europesays.com\/no\/67317\/","title":{"rendered":"Alexander Skarsg\u00e5rd overrasker p\u00e5 r\u00f8d l\u00f8per med dristig antrekk"},"content":{"rendered":"<p class=\"kicker \" style=\"\">Alexander Skarsg\u00e5rd:<\/p>\n<p>  Alexander Skarsg\u00e5rd overrasket p\u00e5 r\u00f8d l\u00f8per. Hele Norges Motepoliti, Jan Thomas reagerer.<\/p>\n<p>\n    HYLLES: Den svenske Hollywood-stjernen lot seg inspirere av sin kinky filmrolle da han valgte antrekk til premieren. Foto: James Warren \/ Famous Images \/ Sipa\n  <\/p>\n<p> Den svenske Hollywood-stjernen Alexander Skarsg\u00e5rd (49) s\u00f8rget for at alle blikk var rettet mot ham under premierevisningen av \u00abPillion\u00bb i London &#8211; og det var ikke bare p\u00e5 grunn av rollen hans i filmen. <\/p>\n<p class=\"text-black color_mobile_text-black bg-yellow color_mobile_bg-yellow font-weight-black m-font-weight-black\" data-lab-text_color=\"text-black\" data-lab-text_background_color=\"bg-yellow\" data-lab-font_weight=\"font-weight-black\"><a href=\"https:\/\/www.seher.no\/\" class=\"\" rel=\"nofollow noopener\" target=\"_blank\">Siste nytt: Se her<\/a><\/p>\n<p>I filmen spiller Skarsg\u00e5rd en MC-gjengleder som er i et BDSM-forhold med en annen mann. Motspilleren er Harry Melling (36), mest kjent for \u00e5 spille Harry Potters onde fetter. <\/p>\n<p>    <a itemprop=\"url\" href=\"https:\/\/www.seher.no\/kjendis\/setter-fyr-pa-ryktene\/83744581\" rel=\"nofollow noopener\" target=\"_blank\"><\/p>\n<p>      <img loading=\"lazy\" decoding=\"async\" src=\"https:\/\/www.europesays.com\/no\/wp-content\/uploads\/2025\/10\/83744772.webp\" width=\"980\" height=\"441\" title=\"Setter fyr p\u00e5 ryktene\" alt=\"\" class=\"lazyload\" style=\"--aspect-ratio-image: 2.22; \"\/><\/p>\n<p>        Setter fyr p\u00e5 ryktene<\/p>\n<p>    <\/a><\/p>\n<p>At 49-\u00e5ringen hadde pyntet seg for premieren, er det ingen tvil om.\u00a0<\/p>\n<p>Den svenske skuespilleren bar en hvit, ryggl\u00f8s halterneck-skjorte med smalt skinnslips, trange skinnbukser med sn\u00f8ring og kraftige Jimmy Choo-st\u00f8vletter, if\u00f8lge Expressen.<\/p>\n<p>          <img loading=\"lazy\" decoding=\"async\" src=\"https:\/\/www.europesays.com\/no\/wp-content\/uploads\/2025\/10\/1761153243_253_83745529.webp\" width=\"686\" height=\"1029\" title=\"OVERRASKET: Alexander Skarsg\u00e5rd m\u00f8tte opp i ryggl\u00f8s skjorte og skinnbukser p\u00e5 filmpremiere i London. Foto: James Warren \/ Famous Images \/ Sipa\" alt=\"\" class=\"\" style=\"--aspect-ratio-image: 0.67; \"\/><\/p>\n<p>\n          OVERRASKET: Alexander Skarsg\u00e5rd m\u00f8tte opp i ryggl\u00f8s skjorte og skinnbukser p\u00e5 filmpremiere i London. Foto: James Warren \/ Famous Images \/ Sipa\n      <\/p>\n<p>Lot seg inspirere\t<\/p>\n<p>Skuespillerens klesvalg, som ser ut til \u00e5 v\u00e6re inspirert av filmens tema, har blitt hyllet i internasjonale medier.<\/p>\n<p> &#8211; Jeg ville ta p\u00e5 meg noe halvformelt, s\u00e5 jeg droppet ermene. Jeg vet ikke hvorfor jeg bestemte meg for akkurat dette. Men jeg synes det var en s\u00f8t liten outfit, sier han til AP p\u00e5 den r\u00f8de l\u00f8peren if\u00f8lge <a href=\"https:\/\/www.aftonbladet.se\/nojesbladet\/a\/RzPbe5\/alexander-skarsgard-kladchockar-pa-roda-mattan\" target=\"_blank\" rel=\"nofollow noopener\">Aftonbladet<\/a>.<\/p>\n<p>        STOCKHOLM, SVERIGE: Under innspillingen av \u00abLove is Blind Sverige\u00bb m\u00e5tte Niklas og Karin Agild notere underveis i datingen for \u00e5 holde styr. Dagbladet fikk titte i notatb\u00f8kene som paret bar p\u00e5 under innspillingen av den superpopul\u00e6re Netflix-serien. Video\/reporter: Christina H. Korneliussen<\/p>\n<p class=\"font-weight-bold m-font-weight-bold\" data-lab-font_weight=\"font-weight-bold\">Motemagasinet Vogue er blant dem som roser klesvalget. De skriver at \u00abSkarsg\u00e5rd kj\u00f8rer kinky b\u00e5de foran og bak\u00bb. Dette fordi stjernens skjorte ogs\u00e5 var delvis ryggl\u00f8s.<\/p>\n<p>    <a itemprop=\"url\" href=\"https:\/\/www.seher.no\/kjendis\/skal-vaere-litt-vagal\/83744025\" rel=\"nofollow noopener\" target=\"_blank\"><\/p>\n<p>      <img loading=\"lazy\" decoding=\"async\" src=\"https:\/\/www.europesays.com\/no\/wp-content\/uploads\/2025\/10\/1761153246_441_83744053.webp\" width=\"980\" height=\"441\" title=\"- Skal v\u00e6re litt v\u00e5gal\" alt=\"\" class=\"lazyload\" style=\"--aspect-ratio-image: 2.22; \"\/><\/p>\n<p>        &#8211; Skal v\u00e6re litt v\u00e5gal<\/p>\n<p>    <\/a><\/p>\n<p>&#8211; Sexy\t<\/p>\n<p>Kjendisstylist Jan Thomas (58) holder ikke tilbake i sin hyllest av antrekket:<\/p>\n<p>&#8211; Alexander Skarsg\u00e5rd skj\u00f8nner virkelig hva det handler om. Han er en av bransjens mest allsidige og dyktige skuespillere &#8211; fra vampy til actionhelt, og n\u00e5 i rolle som oser av b\u00e5de mot og kunstnerisk kraft i en homoerotisk film der han leverer til terningkast seks. Antrekket hans er selvsagt skreddersydd til akkurat denne anledningen, poengterer han overfor Se og H\u00f8r.<\/p>\n<p>        RASER: Cristian Brennhovd f\u00e5r et raseriutbrudd i \u00abNorges dummeste\u00bb etter at en \u00abavtale\u00bb med Frank L\u00f8ke g\u00e5r i vasken. Video: Thea Hope \/ Sanne Holt \/ TV 2<\/p>\n<p>58-\u00e5ringen er sv\u00e6rt begeistret og kaller antrekket for en stilsikker og intelligent hyllest til filmen og Skarsg\u00e5rds karakter.<\/p>\n<p>          <img loading=\"lazy\" decoding=\"async\" src=\"https:\/\/www.europesays.com\/no\/wp-content\/uploads\/2025\/10\/83754130.webp\" width=\"686\" height=\"481\" title=\"LAR SEG INSPIRERE: Jan Thomas vil f\u00f8lge trenden som Alexander Skarsg\u00e5rd har begeistret med. Foto: Andreas Fadum\/Se og H\u00f8r\" alt=\"\" class=\"\" style=\"--aspect-ratio-image: 1.43; \"\/><\/p>\n<p>\n          LAR SEG INSPIRERE: Jan Thomas vil f\u00f8lge trenden som Alexander Skarsg\u00e5rd har begeistret med. Foto: Andreas Fadum\/Se og H\u00f8r\n      <\/p>\n<p>&#8211; Dette er et antrekk som b\u00e5de provoserer og fascinerer p\u00e5 den beste m\u00e5ten. Det er sexy, inspirerende og lekent &#8211; akkurat slik ekte fashion skal v\u00e6re. Jeg har allerede ringt min egen stylist for \u00e5 se om vi kan finne noe lignende til meg selv. <\/p>\n","protected":false},"excerpt":{"rendered":"Alexander Skarsg\u00e5rd: Alexander Skarsg\u00e5rd overrasket p\u00e5 r\u00f8d l\u00f8per. Hele Norges Motepoliti, Jan Thomas reagerer. HYLLES: Den svenske Hollywood-stjernen&hellip;\n","protected":false},"author":2,"featured_media":67318,"comment_status":"","ping_status":"","sticky":false,"template":"","format":"standard","meta":{"footnotes":""},"categories":[12],"tags":[9550,20,21,24,25,15,2286,479,2543,22,23,8012,13,30,28,29,14,16,26,27,42,43,44,45],"class_list":{"0":"post-67317","1":"post","2":"type-post","3":"status-publish","4":"format-standard","5":"has-post-thumbnail","7":"category-verden","8":"tag-alexander-skarsgard","9":"tag-breaking-news","10":"tag-breakingnews","11":"tag-featured-news","12":"tag-featurednews","13":"tag-headlines","14":"tag-jan-thomas","15":"tag-kjendis","16":"tag-kjendisdesken","17":"tag-latest-news","18":"tag-latestnews","19":"tag-motepolitiet","20":"tag-news","21":"tag-no","22":"tag-norge","23":"tag-norway","24":"tag-nyheter","25":"tag-overskrifter","26":"tag-top-stories","27":"tag-topstories","28":"tag-verden","29":"tag-world","30":"tag-world-news","31":"tag-worldnews"},"share_on_mastodon":{"url":"","error":""},"_links":{"self":[{"href":"https:\/\/www.europesays.com\/no\/wp-json\/wp\/v2\/posts\/67317","targetHints":{"allow":["GET"]}}],"collection":[{"href":"https:\/\/www.europesays.com\/no\/wp-json\/wp\/v2\/posts"}],"about":[{"href":"https:\/\/www.europesays.com\/no\/wp-json\/wp\/v2\/types\/post"}],"author":[{"embeddable":true,"href":"https:\/\/www.europesays.com\/no\/wp-json\/wp\/v2\/users\/2"}],"replies":[{"embeddable":true,"href":"https:\/\/www.europesays.com\/no\/wp-json\/wp\/v2\/comments?post=67317"}],"version-history":[{"count":0,"href":"https:\/\/www.europesays.com\/no\/wp-json\/wp\/v2\/posts\/67317\/revisions"}],"wp:featuredmedia":[{"embeddable":true,"href":"https:\/\/www.europesays.com\/no\/wp-json\/wp\/v2\/media\/67318"}],"wp:attachment":[{"href":"https:\/\/www.europesays.com\/no\/wp-json\/wp\/v2\/media?parent=67317"}],"wp:term":[{"taxonomy":"category","embeddable":true,"href":"https:\/\/www.europesays.com\/no\/wp-json\/wp\/v2\/categories?post=67317"},{"taxonomy":"post_tag","embeddable":true,"href":"https:\/\/www.europesays.com\/no\/wp-json\/wp\/v2\/tags?post=67317"}],"curies":[{"name":"wp","href":"https:\/\/api.w.org\/{rel}","templated":true}]}}