{"id":67395,"date":"2025-10-22T19:02:20","date_gmt":"2025-10-22T19:02:20","guid":{"rendered":"https:\/\/www.europesays.com\/no\/67395\/"},"modified":"2025-10-22T19:02:20","modified_gmt":"2025-10-22T19:02:20","slug":"jean-16-vet-det-andre-bare-ma-gjette-pa","status":"publish","type":"post","link":"https:\/\/www.europesays.com\/no\/67395\/","title":{"rendered":"Jean (16) vet det andre bare m\u00e5 gjette p\u00e5"},"content":{"rendered":"\n<p class=\"_lead_o9xde_2 _lead_xtcu6_50 layout-component text-serif-m layout-normal text-serif-l layout-component layout-wide layout-padded _wide_17hqh_1 layout-padded\">Med sitt kreative talent har Jean Salter (16) bidratt til \u00e5rets \u00abMaskorama\u00bb p\u00e5 flere m\u00e5ter. Samtidig b\u00e6rer han p\u00e5 en hemmelighet som hele Norge vil vite.<\/p>\n<p><img alt=\"STJERNEM\u00d8TE: \u00abMaskorama\u00bb-detektivene og programleder Silje Nordnes hadde en trivelig visitt p\u00e5 Rikshospitalet tirsdag. Her sammen med Jean Salter (16) som fortsatt sitter p\u00e5 en stor Maskorama-hemmelighet. Foto: Even N\u00e6vdal \/ VG\" class=\"_image_qp4xg_65 layout-component layout-wide\" data-fullscreen- data-track-element-type=\"Article image fullscreen\" data-track-name=\"ImageFullscreen\" fetchpriority=\"high\" decoding=\"sync\" loading=\"eager\" height=\"5464\" itemprop=\"image\"  src=\"https:\/\/www.europesays.com\/no\/wp-content\/uploads\/2025\/10\/eb5a6b45-664f-4fd5-902c-7c93ebfc2334\"  style=\"object-position:0% 0%\" width=\"8192\"\/>STJERNEM\u00d8TE: \u00abMaskorama\u00bb-detektivene og programleder Silje Nordnes hadde en trivelig visitt p\u00e5 Rikshospitalet tirsdag. Her sammen med Jean Salter (16) som fortsatt sitter p\u00e5 en stor Maskorama-hemmelighet. Foto: Even N\u00e6vdal \/ VG<\/p>\n<ul aria-hidden=\"true\" class=\"_images_18f0k_111\">\n<li><a class=\"_link_18f0k_116\" href=\"https:\/\/www.vg.no\/forfatter\/even-naevdal\" style=\"z-index:1\" title=\"Even N\u00e6vdal\" rel=\"nofollow noopener\" target=\"_blank\"><img alt=\"Bilde av Even N\u00e6vdal\" class=\"_image_18f0k_93\" fetchpriority=\"low\" loading=\"lazy\" decoding=\"async\" itemprop=\"image\"  src=\"https:\/\/www.europesays.com\/no\/wp-content\/uploads\/2025\/10\/1761159739_23_0bed5690-ec08-4f1e-be15-59bdb669879f\"  width=\"480\"\/><\/a><\/li>\n<\/ul>\n<p>Rapporterer fra Rikshospitalet Oppdatert onsdag 22. oktober kl. 20:23    <\/p>\n<ul class=\"_list_o9xde_3 _list_64s2r_85 _unordered_o9xde_106 text-sans-m\">\n<li class=\"_item_o9xde_30\">16 \u00e5r gamle Jean Salter fra Sykehusskolen designet \u00abMarionetten\u00bb til \u00abMaskorama\u00bb, noe som r\u00f8rte kostymeskaper Kjell Nordstr\u00f6m.<\/li>\n<li class=\"_item_o9xde_30\">Han lagde ogs\u00e5 tilbeh\u00f8r og vet hvem som skjuler seg bak masken, men r\u00f8per ingenting tross fors\u00f8k fra Robert Stoltenberg.<\/li>\n<li class=\"_item_o9xde_30\">Barn ved Rikshospitalet bidro for f\u00f8rste gang, og Tone Damli debuterer som detektiv.<\/li>\n<\/ul>\n<p>Vis mer <\/p>\n<p class=\"_paragraph_o9xde_4 _paragraph_xtcu6_10 layout-component text-serif-m layout-normal text-serif-m layout-padded\">Denne h\u00f8sten skal nok en gang nordmenn gjette seg frem til hvem som skjuler seg bak de syv <a href=\"https:\/\/www.vg.no\/rampelys\/i\/kwAlBk\/maskorama-er-tilbake-se-kostymene-for-2025\" data-track-element-type=\"Link\" data-track-id=\"link:kwAlBk\" class=\"_link_o9xde_39\" rel=\"nofollow noopener\" target=\"_blank\">\u00abMaskorama\u00bb-karakterene\u00bb<\/a>.<\/p>\n<p class=\"_paragraph_o9xde_4 _paragraph_xtcu6_10 layout-component text-serif-m layout-normal text-serif-m layout-padded\">Som alltid er det Kjell Nordstr\u00f6m som har tryllet fram de fargerike kostymene, men denne gangen har han f\u00e5tt uventet hjelp.<\/p>\n<p class=\"_paragraph_o9xde_4 _paragraph_xtcu6_10 layout-component text-serif-m layout-normal text-serif-m layout-padded\">Tidligere i \u00e5r fikk nemlig elever fra Sykhusskolen p\u00e5 Rikshospitalet slippe fantasien l\u00f8s i egne kostymetegninger. \u00ab<a href=\"https:\/\/www.vg.no\/tag\/maskorama?utm_source=vg-article&amp;utm_medium=auto-tagger&amp;utm_campaign=RzP5Ra\" class=\"_link_o9xde_39\" rel=\"nofollow noopener\" target=\"_blank\">Maskorama<\/a>\u00bb-workshopen ble gjort i samarbeid med Kjell Nordstr\u00f6m og Sykehusklovnene. <\/p>\n<p class=\"_paragraph_o9xde_4 _paragraph_xtcu6_10 layout-component text-serif-m layout-normal text-serif-m layout-padded\"><strong class=\"_strong_o9xde_25\">Midt i alle ideene var det \u00e9n tegning som r\u00f8rte Nordstr\u00f6m ekstra mye<\/strong><\/p>\n<p class=\"_paragraph_o9xde_4 _paragraph_xtcu6_10 layout-component text-serif-m layout-normal text-serif-m layout-padded\">\u2013 Med en gang tenkte jeg bare: \u00abwow\u00bb, sier Nordstr\u00f6m om tegningen.<\/p>\n<p><img alt=\"TEGN-O-RAMA: Sammen med sykehusklovnene m\u00f8tte Maskoramas egen designer Kjell Nordstr\u00f6m barna p\u00e5 Rikshospitalet, som viste frem sine egne forslag til \u00e5rets Maskorama-kostymer.  Foto: Even N\u00e6vdal \/ VG\" class=\"_image_qp4xg_65 layout-component layout-normal\" data-fullscreen- data-track-element-type=\"Article image fullscreen\" data-track-name=\"ImageFullscreen\" decoding=\"async\" loading=\"lazy\" height=\"4610\" itemprop=\"image\"  src=\"https:\/\/www.europesays.com\/no\/wp-content\/uploads\/2025\/10\/2afdcb8e-db0c-45c4-a753-c240c2fe61d5\"  style=\"object-position:0% 0%\" width=\"6915\"\/>TEGN-O-RAMA: Sammen med sykehusklovnene m\u00f8tte Maskoramas egen designer Kjell Nordstr\u00f6m barna p\u00e5 Rikshospitalet, som viste frem sine egne forslag til \u00e5rets Maskorama-kostymer.  Foto: Even N\u00e6vdal \/ VG<\/p>\n<p class=\"_paragraph_o9xde_4 _paragraph_xtcu6_10 layout-component text-serif-m layout-normal text-serif-m layout-padded\">Bak dette designet st\u00e5r 16 \u00e5r gamle Jean Salter. Senere skulle det vise seg at akkurat denne tegningen ble et av kostymene i \u00e5rets sesong.<\/p>\n<p class=\"_paragraph_o9xde_4 _paragraph_xtcu6_10 layout-component text-serif-m layout-normal text-serif-m layout-padded\">\u2013 Jeg ble ganske glad. Det \u00e5pnet opp mange d\u00f8rer og det kommer ikke noe dumt ut av det, forteller Jean som n\u00e5 st\u00e5r bak \u00abMarionetten\u00bb.<\/p>\n<p class=\"_paragraph_o9xde_4 _paragraph_xtcu6_10 layout-component text-serif-m layout-normal text-serif-m layout-padded\"><strong class=\"_strong_o9xde_25\">Tirsdag fylte Maskorama-feberen sykehuset da alle barna fra tegne-workshopen fikk vise frem resultatene sine.<\/strong><\/p>\n<p class=\"_paragraph_o9xde_4 _paragraph_xtcu6_10 layout-component text-serif-m layout-normal text-serif-m layout-padded\">Se mange av barnas tegninger lenger ned i saken.<\/p>\n<ul class=\"_gallery_1qa3s_23\" tabindex=\"0\">\n<li class=\"_item_1qa3s_37\" data-index=\"0\"><img decoding=\"async\" class=\"_image_foru8_23 _articleGallery_foru8_39\" data-fullscreen- width=\"2500\" height=\"1668\" itemprop=\"image\" loading=\"lazy\"  src=\"https:\/\/www.europesays.com\/no\/wp-content\/uploads\/2025\/10\/7e80cf4d-4e7e-4abc-9efa-49f2dd7b72f2\"  style=\"object-position:50% 50%;aspect-ratio:var(--gallery-aspect-ratio, 16 \/ 9)\"\/>MARIONETTEN: Tegningen til Jean viser en marionette i ballerinakl\u00e6r med perlekjede og stort, fint h\u00e5r med tr\u00e5der som kontrollerer marionetten. Foto: Even N\u00e6vdal \/VG, Privat<\/li>\n<li class=\"_item_1qa3s_37\" data-index=\"1\"><img decoding=\"async\" class=\"_image_foru8_23 _articleGallery_foru8_39\" data-fullscreen- width=\"1080\" height=\"1350\" itemprop=\"image\" loading=\"lazy\"  src=\"https:\/\/www.europesays.com\/no\/wp-content\/uploads\/2025\/10\/2babcd58-8050-421f-b5e3-052ec94ba7c4\"  style=\"object-position:50% 50%;aspect-ratio:var(--gallery-aspect-ratio, 16 \/ 9)\"\/>Foto:  Monster \/ NRK<\/li>\n<\/ul>\n<p>MARIONETTEN: Tegningen til Jean viser en marionette i ballerinakl\u00e6r med perlekjede og stort, fint h\u00e5r med tr\u00e5der som kontrollerer marionetten. Foto: Even N\u00e6vdal \/VG, Privat<\/p>\n<p class=\"_paragraph_o9xde_4 _paragraph_xtcu6_10 layout-component text-serif-m layout-normal text-serif-m layout-padded\">Jean har ikke bare tegnet designet, men ogs\u00e5 f\u00e5tt v\u00e6re med p\u00e5 \u00e5 lage selve kostymet og forme flere andre.<\/p>\n<p class=\"_paragraph_o9xde_4 _paragraph_xtcu6_10 layout-component text-serif-m layout-normal text-serif-m layout-padded\">\u2013 Jeg syr ikke, det g\u00e5r d\u00e5rlig. Men ja, jeg har holdt p\u00e5 mye med \u00e5 lage accessories og s\u00e5nn, forteller Jean.<\/p>\n<p class=\"_paragraph_o9xde_4 _paragraph_xtcu6_10 layout-component text-serif-m layout-normal text-serif-m layout-padded\"><strong class=\"_strong_o9xde_25\">Men kanskje det mest spennende: <\/strong>Sammen med Kjell Nordstr\u00f6m vet ogs\u00e5 Jean hvilken kjendis som vil skjule seg bak \u00abMarionetten\u00bb.<\/p>\n<p class=\"_paragraph_o9xde_4 _paragraph_xtcu6_10 layout-component text-serif-m layout-normal text-serif-m layout-padded\">Maskorama-detektiv Robert Stoltenberg innr\u00f8mmer at han har pr\u00f8vd det meste for \u00e5 f\u00e5 ut hemmeligheten fra Jean og Nordstr\u00f6m.<\/p>\n<p class=\"_paragraph_o9xde_4 _paragraph_xtcu6_10 layout-component text-serif-m layout-normal text-serif-m layout-padded\">\u2013 Penger, sjokolade. Det hjelper ikke. Folk er veldig trofaste mot oppdraget, sier en oppgitt Stoltenberg.<\/p>\n<p><img alt=\"FIRKL\u00d8VEREN: \u00c5rets detektivpanel best\u00e5r av Tete Lidbom, Robert Stoltenberg  og Tone Damli. Samtidig skal Silje Nordnes i kjent stil lede TV-seerne gjennom sesongen.  Foto: Even N\u00e6vdal \/ VG\" class=\"_image_qp4xg_65 layout-component layout-normal\" data-fullscreen- data-track-element-type=\"Article image fullscreen\" data-track-name=\"ImageFullscreen\" decoding=\"async\" loading=\"lazy\" height=\"5464\" itemprop=\"image\"  src=\"https:\/\/www.europesays.com\/no\/wp-content\/uploads\/2025\/10\/5c76fd18-317d-4680-93d0-7d2038267ebe\"  style=\"object-position:0% 0%\" width=\"8192\"\/>FIRKL\u00d8VEREN: \u00c5rets detektivpanel best\u00e5r av Tete Lidbom, Robert Stoltenberg  og Tone Damli. Samtidig skal Silje Nordnes i kjent stil lede TV-seerne gjennom sesongen.  Foto: Even N\u00e6vdal \/ VG<\/p>\n<p class=\"_paragraph_o9xde_4 _paragraph_xtcu6_10 layout-component text-serif-m layout-normal text-serif-m layout-padded\">Dette er f\u00f8rste \u00e5ret hvor barn fra Sykehusskolen p\u00e5 Rikshospitalet f\u00e5r bidra med tegninger til kostymene. Det gjorde ogs\u00e5 inntrykk p\u00e5 Maskorama-detektivene som var med p\u00e5 visningen.<\/p>\n<p class=\"_paragraph_o9xde_4 _paragraph_xtcu6_10 layout-component text-serif-m layout-normal text-serif-m layout-padded\">\u2013 Jeg har to barn selv, og jeg syns jo det er sterkt \u00e5 v\u00e6re her. Men det \u00e5 f\u00e5 lov til \u00e5 komme her og gi dem et lite smil og gj\u00f8re noe hyggelig kjennes veldig godt, sier Tone Damli.<\/p>\n<p class=\"_paragraph_o9xde_4 _paragraph_xtcu6_10 layout-component text-serif-m layout-normal text-serif-m layout-padded\"><strong class=\"_strong_o9xde_25\">Hun debuterer som detektiv i \u00e5r etter \u00e5 ha deltatt som maskert deltager i fjor.<\/strong><\/p>\n<p class=\"_paragraph_o9xde_4 _paragraph_xtcu6_10 layout-component text-serif-m layout-normal text-serif-m layout-padded\">\u2013 Hvilken kjendis tror dere st\u00e5r bak \u00abMarionetten\u00bb?<\/p>\n<p class=\"_paragraph_o9xde_4 _paragraph_xtcu6_10 layout-component text-serif-m layout-normal text-serif-m layout-padded\">\u2013 Trude Drevland, sier Robert Stoltenberg.<\/p>\n<p class=\"_paragraph_o9xde_4 _paragraph_xtcu6_10 layout-component text-serif-m layout-normal text-serif-m layout-padded\">Tete Lidbom peker samtidig p\u00e5 Sophie Elise Isachsen. Damli spiller videre p\u00e5 Marionette-navnet og undrer om (mario)Anette Hoff kan gjemme seg bak masken.<\/p>\n<p class=\"_paragraph_o9xde_4 _paragraph_xtcu6_10 layout-component text-serif-m layout-normal text-serif-m layout-padded\"><strong class=\"_strong_o9xde_25\">Her kan du se noen av tegningene som ble laget av barna p\u00e5 Rikshospitalet:<\/strong><\/p>\n<p class=\"_paragraph_o9xde_4 _paragraph_xtcu6_10 layout-component text-serif-m layout-normal text-serif-m layout-padded\">Kunst og design er store interesser for Jean som n\u00e5 gleder seg stort til premieren l\u00f8rdag 8. november.<\/p>\n<p class=\"_paragraph_o9xde_4 _paragraph_xtcu6_10 layout-component text-serif-m layout-normal text-serif-m layout-padded\">\u2013 Vi har til og med f\u00e5tt billetter til premieren. Da blir hele familien med. S\u00e5 det gleder jeg meg veldig til.<\/p>\n","protected":false},"excerpt":{"rendered":"Med sitt kreative talent har Jean Salter (16) bidratt til \u00e5rets \u00abMaskorama\u00bb p\u00e5 flere m\u00e5ter. Samtidig b\u00e6rer han&hellip;\n","protected":false},"author":2,"featured_media":67396,"comment_status":"","ping_status":"","sticky":false,"template":"","format":"standard","meta":{"footnotes":""},"categories":[58],"tags":[71,2693,30,28,29,2805,8198,72],"class_list":{"0":"post-67395","1":"post","2":"type-post","3":"status-publish","4":"format-standard","5":"has-post-thumbnail","7":"category-underholdning","8":"tag-entertainment","9":"tag-maskorama","10":"tag-no","11":"tag-norge","12":"tag-norway","13":"tag-rikshospitalet","14":"tag-sykehusklovnene","15":"tag-underholdning"},"share_on_mastodon":{"url":"","error":""},"_links":{"self":[{"href":"https:\/\/www.europesays.com\/no\/wp-json\/wp\/v2\/posts\/67395","targetHints":{"allow":["GET"]}}],"collection":[{"href":"https:\/\/www.europesays.com\/no\/wp-json\/wp\/v2\/posts"}],"about":[{"href":"https:\/\/www.europesays.com\/no\/wp-json\/wp\/v2\/types\/post"}],"author":[{"embeddable":true,"href":"https:\/\/www.europesays.com\/no\/wp-json\/wp\/v2\/users\/2"}],"replies":[{"embeddable":true,"href":"https:\/\/www.europesays.com\/no\/wp-json\/wp\/v2\/comments?post=67395"}],"version-history":[{"count":0,"href":"https:\/\/www.europesays.com\/no\/wp-json\/wp\/v2\/posts\/67395\/revisions"}],"wp:featuredmedia":[{"embeddable":true,"href":"https:\/\/www.europesays.com\/no\/wp-json\/wp\/v2\/media\/67396"}],"wp:attachment":[{"href":"https:\/\/www.europesays.com\/no\/wp-json\/wp\/v2\/media?parent=67395"}],"wp:term":[{"taxonomy":"category","embeddable":true,"href":"https:\/\/www.europesays.com\/no\/wp-json\/wp\/v2\/categories?post=67395"},{"taxonomy":"post_tag","embeddable":true,"href":"https:\/\/www.europesays.com\/no\/wp-json\/wp\/v2\/tags?post=67395"}],"curies":[{"name":"wp","href":"https:\/\/api.w.org\/{rel}","templated":true}]}}