{"id":67399,"date":"2025-10-22T19:06:21","date_gmt":"2025-10-22T19:06:21","guid":{"rendered":"https:\/\/www.europesays.com\/no\/67399\/"},"modified":"2025-10-22T19:06:21","modified_gmt":"2025-10-22T19:06:21","slug":"arbeidsliv-politikk-pengemangel-i-harstad-vil-redusere-med-inntil-65-arsverk","status":"publish","type":"post","link":"https:\/\/www.europesays.com\/no\/67399\/","title":{"rendered":"Arbeidsliv, Politikk | Pengemangel i Harstad: \u2013 Vil redusere med inntil 65 \u00e5rsverk"},"content":{"rendered":"\n<p>Harstad kommune st\u00e5r i en krevende \u00f8konomisk situasjon. N\u00e5 varsler kommunedirekt\u00f8r Lasse Hagerupsen at man m\u00e5 se p\u00e5 hvordan vi driver kommunen \u2013 b\u00e5de n\u00e5r det gjelder tjenesteniv\u00e5, antall ansatte og bruken av vikarbyr\u00e5.<\/p>\n<p>\u2013 Vi m\u00e5 jobbe smartere, mer effektivt og justere innhold og antall tjenester slik at vi bruker ressursene v\u00e5re p\u00e5 de som trenger det mest, sier kommunedirekt\u00f8r Lasse Hagerupsen.<\/p>\n<p>  <a href=\"https:\/\/www.iharstad.no\/5-126-512854\" class=\"related-teaser has-image default-story-teaser article--c-eRUmMG article--c-eRUmMG-jKCPdD-design-default\" rel=\"nofollow noopener\" target=\"_blank\"><\/p>\n<p>    <img decoding=\"async\" loading=\"lazy\"  src=\"https:\/\/www.europesays.com\/no\/wp-content\/uploads\/2025\/10\/IMG_4405.jpg\" alt=\"\" class=\"brick-c-cFOWSL\" style=\"\"\/><\/p>\n<p>\n            Les ogs\u00e5<\/p>\n<p>              Harstad i framtiden: Mindre til barn og unge, og mer til pleie og omsorg\n        <\/p>\n<p>  <\/a><br \/>\n  L\u00f8nn utgj\u00f8r st\u00f8rstedelen av utgiftene<\/p>\n<p>L\u00f8nn utgj\u00f8r n\u00e6r 70 prosent av kommunens samlede utgifter. Harstad kommune har i dag rundt 2300 ansatte, og det er derfor n\u00f8dvendig \u00e5 redusere bemanningen framover med inntil 65 \u00e5rsverk.<\/p>\n<p>\u2013Det betyr ikke at noen skal sies opp, men at vi m\u00e5 tilpasse driften og organiseringen n\u00e5r folk g\u00e5r av med pensjon eller bytter jobb, sier kommunedirekt\u00f8ren.<\/p>\n<p>Han legger til at det er viktig \u00e5 bruke tid p\u00e5 \u00e5 planlegge endringene p\u00e5 en trygg og forutsigbar m\u00e5te:<\/p>\n<p>\u2013 Vi skal s\u00f8rge for at kommunen fortsatt kan levere b\u00e6rekraftige tjenester til innbyggerne, men det m\u00e5 skje innenfor de \u00f8konomiske rammene vi har, sier han.<\/p>\n<p>Store \u00f8konomiske underskudd<\/p>\n<p>Kommunen har de siste \u00e5rene hatt med \u00e5 utfordringer drifte i balanse. I 2024 hadde Harstad kommune et driftsunderskudd p\u00e5 over 150 millioner kroner, og de forel\u00f8pige tallene for 2025 viser at situasjonen blir et driftsunderskudd p\u00e5 rundt 125 millioner kroner, og vil dermed ha brukt alle sparepengene.<\/p>\n<p>\u2013 Vi bruker mer penger enn det vi har. Vi betaler eksempelvis n\u00e5 langt over dobbelt s\u00e5 mye i renter og avdrag som for tre\u2013fire \u00e5r siden, sier kommunedirekt\u00f8ren.<\/p>\n<p>Samtidig vil Harstad i \u00e5r bruke opp alle oppsparte midler. Fremover ser det ikke ut som det kommer mer fra Staten.<\/p>\n<p>\u2013 Uten at vi f\u00e5r nye inntektskilder m\u00e5 vi justere driften, sier Hagerupsen.<\/p>\n<p>Harstad kommune har et gjeldsniv\u00e5 som er mye h\u00f8yere enn sammenlignbare kommuner, og m\u00e5 derfor drifte med lavere utgifter enn disse for \u00e5 komme i \u00f8konomisk balanse. Sparetiltakene s\u00e5 langt har ikke hjulpet nok.<\/p>\n<p>  <a href=\"https:\/\/www.iharstad.no\/5-126-511251\" class=\"related-teaser has-image default-story-teaser article--c-eRUmMG article--c-eRUmMG-jKCPdD-design-default\" rel=\"nofollow noopener\" target=\"_blank\"><\/p>\n<p>    <img decoding=\"async\" loading=\"lazy\"  src=\"https:\/\/www.europesays.com\/no\/wp-content\/uploads\/2025\/10\/IMG_4423.jpg\" alt=\"\" class=\"brick-c-cFOWSL\" style=\"\"\/><\/p>\n<p>\n            Les ogs\u00e5<\/p>\n<p>              Skulle spare 56 millioner i \u00e5r: \u2013 Vi n\u00e5r ikke m\u00e5let\n        <\/p>\n<p>  <\/a><br \/>\n  Skal finne l\u00f8sninger sammen<\/p>\n<p>Kommunedirekt\u00f8ren understreker at arbeidet skal gj\u00f8res i n\u00e6rt samarbeid med ledere, tillitsvalgte og ansatte.<\/p>\n<p>\u2013 Vi skal gj\u00f8re dette p\u00e5 en god m\u00e5te, i \u00e5pen dialog og med respekt for de som st\u00e5r i tjenestene. Vi er helt avhengige av \u00e5 bruke kompetansen og innsikten som finnes i organisasjonen n\u00e5r vi skal finne gode l\u00f8sninger, sier Hagerupsen.<\/p>\n<p>Han peker p\u00e5 at det forel\u00f8pig ikke er tatt noen beslutninger om hvilke tiltak som vil bli gjennomf\u00f8rt.<\/p>\n<p>\u2013 N\u00e5 har v\u00e5re ledere f\u00e5tt utfordringen: de m\u00e5 se p\u00e5 hvordan vi kan tilpasse oss framover med f\u00e6rre ansatte og lavere driftskostnader &#8211; og eksempelvis ved bruk av ny teknologi, sier han.<\/p>\n<p>M\u00e5 bygge en god kommune\u00f8konomi<\/p>\n<p>Samtidig som kommunen m\u00e5 redusere utgifter, skal arbeidet ogs\u00e5 bidra til utvikling og forbedring.<\/p>\n<p>\u2013 Vi skal s\u00f8rge for at de som trenger det mest f\u00e5r hjelp, og vi skal bygge en mer robust kommune\u00f8konomi. Dette blir krevende, men n\u00f8dvendig for \u00e5 sikre at vi kan fortsette \u00e5 levere b\u00e6rekraftige tjenester til innbyggerne i Harstad, sier kommunedirekt\u00f8r Lasse Hagerupsen.<\/p>\n","protected":false},"excerpt":{"rendered":"Harstad kommune st\u00e5r i en krevende \u00f8konomisk situasjon. N\u00e5 varsler kommunedirekt\u00f8r Lasse Hagerupsen at man m\u00e5 se p\u00e5&hellip;\n","protected":false},"author":2,"featured_media":67400,"comment_status":"","ping_status":"","sticky":false,"template":"","format":"standard","meta":{"footnotes":""},"categories":[10],"tags":[465,36,20,21,24,25,15,736,22,23,13,30,28,29,14,16,41,1510,26,27,2279],"class_list":{"0":"post-67399","1":"post","2":"type-post","3":"status-publish","4":"format-standard","5":"has-post-thumbnail","7":"category-norge","8":"tag-arbeidsliv","9":"tag-art","10":"tag-breaking-news","11":"tag-breakingnews","12":"tag-featured-news","13":"tag-featurednews","14":"tag-headlines","15":"tag-helse","16":"tag-latest-news","17":"tag-latestnews","18":"tag-news","19":"tag-no","20":"tag-norge","21":"tag-norway","22":"tag-nyheter","23":"tag-overskrifter","24":"tag-politikk","25":"tag-story","26":"tag-top-stories","27":"tag-topstories","28":"tag-unge"},"share_on_mastodon":{"url":"","error":""},"_links":{"self":[{"href":"https:\/\/www.europesays.com\/no\/wp-json\/wp\/v2\/posts\/67399","targetHints":{"allow":["GET"]}}],"collection":[{"href":"https:\/\/www.europesays.com\/no\/wp-json\/wp\/v2\/posts"}],"about":[{"href":"https:\/\/www.europesays.com\/no\/wp-json\/wp\/v2\/types\/post"}],"author":[{"embeddable":true,"href":"https:\/\/www.europesays.com\/no\/wp-json\/wp\/v2\/users\/2"}],"replies":[{"embeddable":true,"href":"https:\/\/www.europesays.com\/no\/wp-json\/wp\/v2\/comments?post=67399"}],"version-history":[{"count":0,"href":"https:\/\/www.europesays.com\/no\/wp-json\/wp\/v2\/posts\/67399\/revisions"}],"wp:featuredmedia":[{"embeddable":true,"href":"https:\/\/www.europesays.com\/no\/wp-json\/wp\/v2\/media\/67400"}],"wp:attachment":[{"href":"https:\/\/www.europesays.com\/no\/wp-json\/wp\/v2\/media?parent=67399"}],"wp:term":[{"taxonomy":"category","embeddable":true,"href":"https:\/\/www.europesays.com\/no\/wp-json\/wp\/v2\/categories?post=67399"},{"taxonomy":"post_tag","embeddable":true,"href":"https:\/\/www.europesays.com\/no\/wp-json\/wp\/v2\/tags?post=67399"}],"curies":[{"name":"wp","href":"https:\/\/api.w.org\/{rel}","templated":true}]}}