{"id":67432,"date":"2025-10-22T20:00:13","date_gmt":"2025-10-22T20:00:13","guid":{"rendered":"https:\/\/www.europesays.com\/no\/67432\/"},"modified":"2025-10-22T20:00:13","modified_gmt":"2025-10-22T20:00:13","slug":"usas-finansminister-varsler-nye-amerikanske-sanksjoner-mot-russland","status":"publish","type":"post","link":"https:\/\/www.europesays.com\/no\/67432\/","title":{"rendered":"USAs finansminister varsler nye amerikanske sanksjoner mot Russland"},"content":{"rendered":"\n<p class=\"_lead_o9xde_2 _lead_xtcu6_50 layout-component text-serif-m layout-normal text-serif-l layout-component layout-wide layout-padded _wide_17hqh_1 layout-padded\">USA vil kunngj\u00f8re betydelige skjerpinger av sanksjonene mot Russland, sier finansminister Scott Bessent onsdag.<\/p>\n<ul aria-hidden=\"true\" class=\"_images_18f0k_111\">\n<li><a class=\"_link_18f0k_116\" href=\"https:\/\/www.vg.no\/forfatter\/ntb\" style=\"z-index:1\" title=\"NTB\" rel=\"nofollow noopener\" target=\"_blank\"><img alt=\"Bilde av NTB\" class=\"_image_18f0k_93\" fetchpriority=\"low\" loading=\"lazy\" decoding=\"async\" itemprop=\"image\"  src=\"https:\/\/www.europesays.com\/no\/wp-content\/uploads\/2025\/10\/1761163213_566_c33980b0-5d07-4027-84a1-813f90a7c8d6\"  width=\"480\"\/><\/a><\/li>\n<\/ul>\n<p> Oppdatert onsdag 22. oktober kl. 21:35     <\/p>\n<p class=\"_paragraph_o9xde_4 _paragraph_xtcu6_10 layout-component text-serif-m layout-normal text-serif-m layout-padded\">USAs president Donald Trump har tidligere truet med nye \u00f8konomiske sanksjoner mot Russland, men har fram til n\u00e5 ikke gjort alvor av dette.<\/p>\n<p class=\"_paragraph_o9xde_4 _paragraph_xtcu6_10 layout-component text-serif-m layout-normal text-serif-m layout-padded\">Andre Nato-land har imidlertid jobbet med \u00e5 f\u00e5 USA med p\u00e5 strengere sanksjoner mot russerne som f\u00f8lge av krigf\u00f8ringen i Ukraina.<\/p>\n<p class=\"_paragraph_o9xde_4 _paragraph_xtcu6_10 layout-component text-serif-m layout-normal text-serif-m layout-padded\">Trump har fors\u00f8kt \u00e5 mekle fram en slutt p\u00e5 krigen, men uten hell. Et m\u00f8te mellom ham og Russlands president Vladimir Putin som skulle finne sted innen kort tid, ble avlyst denne uka.<\/p>\n","protected":false},"excerpt":{"rendered":"USA vil kunngj\u00f8re betydelige skjerpinger av sanksjonene mot Russland, sier finansminister Scott Bessent onsdag. Oppdatert onsdag 22. oktober&hellip;\n","protected":false},"author":2,"featured_media":67433,"comment_status":"","ping_status":"","sticky":false,"template":"","format":"standard","meta":{"footnotes":""},"categories":[12],"tags":[20,21,55,279,24,25,15,179,22,23,233,13,30,28,29,14,16,188,210,26,27,42,186,43,44,45],"class_list":{"0":"post-67432","1":"post","2":"type-post","3":"status-publish","4":"format-standard","5":"has-post-thumbnail","7":"category-verden","8":"tag-breaking-news","9":"tag-breakingnews","10":"tag-donald-trump","11":"tag-eu","12":"tag-featured-news","13":"tag-featurednews","14":"tag-headlines","15":"tag-krigen-i-ukraina","16":"tag-latest-news","17":"tag-latestnews","18":"tag-nato","19":"tag-news","20":"tag-no","21":"tag-norge","22":"tag-norway","23":"tag-nyheter","24":"tag-overskrifter","25":"tag-russland","26":"tag-scott-bessent","27":"tag-top-stories","28":"tag-topstories","29":"tag-verden","30":"tag-vladimir-putin","31":"tag-world","32":"tag-world-news","33":"tag-worldnews"},"share_on_mastodon":{"url":"","error":""},"_links":{"self":[{"href":"https:\/\/www.europesays.com\/no\/wp-json\/wp\/v2\/posts\/67432","targetHints":{"allow":["GET"]}}],"collection":[{"href":"https:\/\/www.europesays.com\/no\/wp-json\/wp\/v2\/posts"}],"about":[{"href":"https:\/\/www.europesays.com\/no\/wp-json\/wp\/v2\/types\/post"}],"author":[{"embeddable":true,"href":"https:\/\/www.europesays.com\/no\/wp-json\/wp\/v2\/users\/2"}],"replies":[{"embeddable":true,"href":"https:\/\/www.europesays.com\/no\/wp-json\/wp\/v2\/comments?post=67432"}],"version-history":[{"count":0,"href":"https:\/\/www.europesays.com\/no\/wp-json\/wp\/v2\/posts\/67432\/revisions"}],"wp:featuredmedia":[{"embeddable":true,"href":"https:\/\/www.europesays.com\/no\/wp-json\/wp\/v2\/media\/67433"}],"wp:attachment":[{"href":"https:\/\/www.europesays.com\/no\/wp-json\/wp\/v2\/media?parent=67432"}],"wp:term":[{"taxonomy":"category","embeddable":true,"href":"https:\/\/www.europesays.com\/no\/wp-json\/wp\/v2\/categories?post=67432"},{"taxonomy":"post_tag","embeddable":true,"href":"https:\/\/www.europesays.com\/no\/wp-json\/wp\/v2\/tags?post=67432"}],"curies":[{"name":"wp","href":"https:\/\/api.w.org\/{rel}","templated":true}]}}