{"id":67450,"date":"2025-10-22T20:21:44","date_gmt":"2025-10-22T20:21:44","guid":{"rendered":"https:\/\/www.europesays.com\/no\/67450\/"},"modified":"2025-10-22T20:21:44","modified_gmt":"2025-10-22T20:21:44","slug":"susan-boyle-ikke-til-a-kjenne-igjen","status":"publish","type":"post","link":"https:\/\/www.europesays.com\/no\/67450\/","title":{"rendered":"Susan Boyle ikke til \u00e5 kjenne igjen"},"content":{"rendered":"<p class=\"kicker \" style=\"\">Susan Boyle:\u00a0<\/p>\n<p>  Sangstjernen har holdt seg borte fra rampelyset, men n\u00e5 er hun tilbake &#8211; og nesten ikke til \u00e5 kjenne igjen.<\/p>\n<p>\n    MED NY FRISYRE: Susan Boyle ble n\u00e6rmest kjent over natten da hun deltok i \u00abBritain\u2019s Got Talent\u00bb. Foto: Doug Peters\/ EMPICS\/ NTB\n  <\/p>\n<p>Den skotske sangeren Susan Boyle (64) <a href=\"https:\/\/www.seher.no\/kjendis\/slik-ser-hun-ikke-ut-lenger\/83096530\" target=\"_blank\" rel=\"nofollow noopener\">skapte overskrifter da hun postet et Instagram-bilde<\/a> av seg selv i mai i \u00e5r. P\u00e5 bildet kunne man se at hun hadde byttet ut de m\u00f8rke lokkene med en ny, blond frisyre.\u00a0<\/p>\n<p>    <a itemprop=\"url\" href=\"https:\/\/www.seher.no\/kjendis\/ikke-til-a-kjenne-igjen\/83735254\" rel=\"nofollow noopener\" target=\"_blank\"><\/p>\n<p>      <img loading=\"lazy\" decoding=\"async\" src=\"https:\/\/www.europesays.com\/no\/wp-content\/uploads\/2025\/10\/1761164490_758_83744635.webp\" width=\"980\" height=\"441\" title=\"Ikke til \u00e5 kjenne igjen\" alt=\"\" class=\"lazyload\" style=\"--aspect-ratio-image: 2.22; \"\/><\/p>\n<p>        Ikke til \u00e5 kjenne igjen<\/p>\n<p>    <\/a><\/p>\n<p>Mandag kveld vakte 64-\u00e5ringen nok en gang oppsikt for sitt nye utseende da hun dukket opp p\u00e5 den r\u00f8de l\u00f8peren i forbindelse med Pride of Britain Awards i London.\u00a0<\/p>\n<p>          <img loading=\"lazy\" decoding=\"async\" src=\"https:\/\/www.europesays.com\/no\/wp-content\/uploads\/2025\/10\/83752476.webp\" width=\"686\" height=\"1009\" title=\"POSERER: Susan Boyle poserer p\u00e5 r\u00f8d l\u00f8per denne uken. Foto: Doug Peters\/ EMPICS\/ NTB\" alt=\"\" class=\"\" style=\"--aspect-ratio-image: 0.68; \"\/><\/p>\n<p>\n          POSERER: Susan Boyle poserer p\u00e5 r\u00f8d l\u00f8per denne uken. Foto: Doug Peters\/ EMPICS\/ NTB\n      <\/p>\n<p>En rekke medier har omtalt opptredenen, blant andre <a href=\"https:\/\/www.mirror.co.uk\/3am\/celebrity-news\/pride-britain-2025-susan-boyle-36104719\" target=\"_blank\" rel=\"nofollow noopener\">The Mirror<\/a>, <a href=\"https:\/\/www.mirror.co.uk\/3am\/celebrity-news\/pride-britain-2025-susan-boyle-36104719\" target=\"_blank\" rel=\"nofollow noopener\">Hello Magazine<\/a> og <a href=\"https:\/\/www.dailymail.co.uk\/tvshowbiz\/article-15210839\/Susan-Boyle-new-blonde-hairstyle-Pride-Britain-Awards.html\" target=\"_blank\" rel=\"nofollow noopener\">Daily Mail<\/a>.\u00a0<\/p>\n<p> P\u00e5 l\u00f8peren poserte Boyle i en svart-hvit blomstret kjole og med et perlehalskjede rundt halsen. P\u00e5 Instagram delte hun et bilde sammen med radio-DJ Scott Mills (51), med teksten: \u00abHyggelig \u00e5 se deg\u00bb etterfulgt av et rosa hjerteemoji. <\/p>\n<p>          <img loading=\"lazy\" decoding=\"async\" src=\"https:\/\/www.europesays.com\/no\/wp-content\/uploads\/2025\/10\/83753247.webp\" width=\"686\" height=\"995\" title=\"DELTE DETTE: Susan Boyle delte en rekke bilder fra kvelden i London. Foto: Skjermdump Instagram @susanboylemusic\" alt=\"\" class=\"\" style=\"--aspect-ratio-image: 0.69; \"\/><\/p>\n<p>\n          DELTE DETTE: Susan Boyle delte en rekke bilder fra kvelden i London. Foto: Skjermdump Instagram @susanboylemusic\n      <\/p>\n<p>Nye planer\u00a0\t<\/p>\n<p>Den tidligere \u00abBritain\u2019s Got Talent\u00bb-stjernen har v\u00e6rt sjelden \u00e5 se de siste \u00e5rene, og med unntak av et par arrangementer, har hun v\u00e6rt lite i rampelyset.\u00a0\u00a0<\/p>\n<p>        AKILLESH\u00c6L: \u00abHotellet\u00bb-deltakerene Emilie \u00abVoe\u00bb Nereng og ektemannen Mike Hansson forklarer hvorfor Emilies fjes er deres st\u00f8rste akillsh\u00e6l i programmet. Reportere: Thea Hope\/ Kine Falch. Video: TV 2\/ R\u00f8d L\u00f8per\/ Sanne Holt<\/p>\n<p class=\"font-weight-bold m-font-weight-bold\" data-lab-font_weight=\"font-weight-bold\">Men det var ikke bare den nye stilen som vakte oppsikt &#8211; Boyle avsl\u00f8rte ogs\u00e5 at hun er tilbake i studio og planlegger \u00e5 gi ut ny musikk neste \u00e5r.<\/p>\n<p>&#8211; Ikke f\u00f8r neste \u00e5r. Dere kan forvente noe da, sa hun p\u00e5 den r\u00f8de l\u00f8peren til <a href=\"https:\/\/www.mirror.co.uk\/3am\/celebrity-news\/pride-britain-2025-susan-boyle-36104719\" target=\"_blank\" rel=\"nofollow noopener\">The Mirror<\/a>.\u00a0<\/p>\n<p>Dette blir hennes f\u00f8rste nye materiale siden 2019.<\/p>\n<p>          <img loading=\"lazy\" decoding=\"async\" src=\"https:\/\/www.europesays.com\/no\/wp-content\/uploads\/2025\/10\/83096550.webp\" width=\"686\" height=\"625\" title=\"DEN GANG DA: Susan Boyle slik vi er vant med \u00e5 se henne. Foto: Andrew Milligan\/ NTB\" alt=\"\" class=\"\" style=\"--aspect-ratio-image: 1.10; \"\/><\/p>\n<p>\n          DEN GANG DA: Susan Boyle slik vi er vant med \u00e5 se henne. Foto: Andrew Milligan\/ NTB\n      <\/p>\n<p>Kjempet seg tilbake etter hjerneslag\t<\/p>\n<p><a href=\"https:\/\/www.dagbladet.no\/kjendis\/kom-med-avsloring-pa-direkten\/79455967\" target=\"_blank\" rel=\"nofollow noopener\">I april 2022 fikk Boyle et hjerneslag<\/a> som f\u00f8rte til at hun mistet taleevnen og fikk muskelsvakhet p\u00e5 den ene siden av kroppen. Legene fryktet at hun aldri ville kunne synge igjen.<\/p>\n<p>I et intervju med <a href=\"https:\/\/news.stv.tv\/entertainment\/susan-boyle-gearing-up-for-busy-year-after-fighting-back-from-major-stroke\" target=\"_blank\" rel=\"nofollow noopener\">STV News<\/a> p\u00e5 tampen av fjor\u00e5ret, uttalte hun at \u00abDu kan ikke holde en gammel dame nede\u00bb, da hun avsl\u00f8rte at hun har mange planer for 2025.\u00a0<\/p>\n<p>    <a itemprop=\"url\" href=\"https:\/\/www.seher.no\/kjendis\/bryter-tausheten-etter-bruddet\/83752877\" rel=\"nofollow noopener\" target=\"_blank\"><\/p>\n<p>      <img loading=\"lazy\" decoding=\"async\" src=\"https:\/\/www.europesays.com\/no\/wp-content\/uploads\/2025\/10\/1761164504_104_83753108.webp\" width=\"980\" height=\"441\" title=\"Bryter tausheten etter bruddet\" alt=\"\" class=\"lazyload\" style=\"--aspect-ratio-image: 2.22; \"\/><\/p>\n<p>        Bryter tausheten etter bruddet<\/p>\n<p>    <\/a><\/p>\n<p>&#8211; Jeg er tilbake, ja. Jeg f\u00f8ler meg bra og er klar til \u00e5 sette i gang, sa hun tidligere til kanalen.\u00a0<\/p>\n<p>&#8211; Jeg fikk et alvorlig slag og har m\u00e5ttet kjempe meg tilbake. Det har tatt meg tre \u00e5r, og det har v\u00e6rt hardt &#8211; jeg skal ikke late som noe annet &#8211; men det har gjort meg fast bestemt p\u00e5 \u00e5 fortsette.\u00a0<\/p>\n<p>        NORGE: Den norske skuespilleren Gitte Witt m\u00e5tte endre utseendet i Netflix-thrilleren hvor superstjerna Keira Knightley har hovedrolle. Video: Netflix\/ Thea Hope\/ R\u00f8d L\u00f8per<\/p>\n<p class=\"font-weight-bold m-font-weight-bold\" data-lab-font_weight=\"font-weight-bold\">Tidligere i \u00e5r delte hun et bilde fra studio p\u00e5 Instagram, der hun beskrev opplevelsen som \u00abfantastisk, f\u00f8lelsesladet og alt imellom\u00bb.<\/p>\n<p>Susan Boyle ble verdenskjent da hun i 2009 sjokkerte verden med sin kraftfulle stemme i \u00abBritain\u2019s Got Talent\u00bb. N\u00e5, 15 \u00e5r senere, st\u00e5r hun klar til \u00e5 skrive et nytt kapittel &#8211; med b\u00e5de ny look og ny musikk.<\/p>\n","protected":false},"excerpt":{"rendered":"Susan Boyle:\u00a0 Sangstjernen har holdt seg borte fra rampelyset, men n\u00e5 er hun tilbake &#8211; og nesten ikke&hellip;\n","protected":false},"author":2,"featured_media":67451,"comment_status":"","ping_status":"","sticky":false,"template":"","format":"standard","meta":{"footnotes":""},"categories":[58],"tags":[71,479,2543,30,28,29,9606,72],"class_list":{"0":"post-67450","1":"post","2":"type-post","3":"status-publish","4":"format-standard","5":"has-post-thumbnail","7":"category-underholdning","8":"tag-entertainment","9":"tag-kjendis","10":"tag-kjendisdesken","11":"tag-no","12":"tag-norge","13":"tag-norway","14":"tag-susan-boyle","15":"tag-underholdning"},"share_on_mastodon":{"url":"","error":""},"_links":{"self":[{"href":"https:\/\/www.europesays.com\/no\/wp-json\/wp\/v2\/posts\/67450","targetHints":{"allow":["GET"]}}],"collection":[{"href":"https:\/\/www.europesays.com\/no\/wp-json\/wp\/v2\/posts"}],"about":[{"href":"https:\/\/www.europesays.com\/no\/wp-json\/wp\/v2\/types\/post"}],"author":[{"embeddable":true,"href":"https:\/\/www.europesays.com\/no\/wp-json\/wp\/v2\/users\/2"}],"replies":[{"embeddable":true,"href":"https:\/\/www.europesays.com\/no\/wp-json\/wp\/v2\/comments?post=67450"}],"version-history":[{"count":0,"href":"https:\/\/www.europesays.com\/no\/wp-json\/wp\/v2\/posts\/67450\/revisions"}],"wp:featuredmedia":[{"embeddable":true,"href":"https:\/\/www.europesays.com\/no\/wp-json\/wp\/v2\/media\/67451"}],"wp:attachment":[{"href":"https:\/\/www.europesays.com\/no\/wp-json\/wp\/v2\/media?parent=67450"}],"wp:term":[{"taxonomy":"category","embeddable":true,"href":"https:\/\/www.europesays.com\/no\/wp-json\/wp\/v2\/categories?post=67450"},{"taxonomy":"post_tag","embeddable":true,"href":"https:\/\/www.europesays.com\/no\/wp-json\/wp\/v2\/tags?post=67450"}],"curies":[{"name":"wp","href":"https:\/\/api.w.org\/{rel}","templated":true}]}}