{"id":67456,"date":"2025-10-22T20:26:17","date_gmt":"2025-10-22T20:26:17","guid":{"rendered":"https:\/\/www.europesays.com\/no\/67456\/"},"modified":"2025-10-22T20:26:17","modified_gmt":"2025-10-22T20:26:17","slug":"ytring-debatt-rydd-opp-i-helse-nord","status":"publish","type":"post","link":"https:\/\/www.europesays.com\/no\/67456\/","title":{"rendered":"Ytring, Debatt | Rydd opp i Helse Nord"},"content":{"rendered":"\n<p>De fleste av oss som s\u00e5 debatten med direkt\u00f8ren og styrelederen i Helse Nord forrige uke, strever fortsatt med ford\u00f8yelsen. Begge var gjester og skulle representere alle ansatte i Helse Nord. For alle ansatte som hver dag ikke strekker til p\u00e5 grunn av nedskj\u00e6ringer, omstillinger og nedleggelser, m\u00e5tte programmet fortone seg absurd og fullstendig demotiverende. Debatten etterp\u00e5 har vist at ledelsen i Helse Nord mangler fullstendig legitimitet!<\/p>\n<p>Den st\u00f8rste kritikken har ramma administrerende direkt\u00f8r Marit Lind for sin ansettelse av kommunikasjonsdirekt\u00f8r Kim Hanisdal og for styrets l\u00f8nnsfastsettelse av Marit Lind, til en l\u00f8nn langt over statsministeren. Etter v\u00e5r mening m\u00e5 skytset n\u00e5 rettes mot styret ved styreleder Renate Larsen og styrets flertall. Det er styrets flertall som godkjente ansettelsen av Hanisdal mot de ansattes tre stemmer. Styret er som kjent sammensatt av personer fra hele landsdelen. Dette inkluderer ogs\u00e5 de ansattes representanter. Vedtaket ble dermed gjort med syv mot tre stemmer.<\/p>\n<p>Som mange\u00e5rige tillitsvalgte og representanter for faglig politikk i R\u00f8dt Vefsn, vil vi herved gi v\u00e5r fulle st\u00f8tte til de ansatte i Helse Nord som p\u00e5 tross av sterke f\u00f8ringer fra flertallet, opprettholdt sin stemmegivning i behandlinga av Hanisdal-saka. Det gjorde de med en argumentasjon som vi slutter oss helt og fullt til. Det reiser flere prinsipielle sp\u00f8rsm\u00e5l. Hvordan kunne styret gi sin stemme til ansettelsesforhold med en slik l\u00f8nnspakker, samtidig som styret har varslet omfattende innskrenkninger og nedleggelse av hele sykehusavdelinger som i Mosj\u00f8en. Vi utfordrer samtlige styremedlemmer til \u00e5 offentlig begrunne sin stemmegivning slik de har anledning til!<\/p>\n<p>Dette har v\u00e6rt avstemminger som str\u00f8r salt i s\u00e5ret p\u00e5 alle som enten mister jobben p\u00e5 sykehusene i Nordland, m\u00e5 frasi seg ferier, jobbe overtid eller omplasseres. Styret har med dette gitt sin st\u00f8tte til vedtak som har satt ledelsen i Helse Nord i vanry og skapt demotivering og oppgitthet blant ansatte i hele landsdelen. Det hviler et tungt ansvar p\u00e5 styret i Helse Nord. Vi oppfordrer herved helseministeren til \u00e5 avsette styret for brudd p\u00e5 statens l\u00f8nnspolitikk. Vi lover \u00e5 f\u00f8lge opp kampen mot helseforetaksmodellen med \u00f8kt styrke.<\/p>\n","protected":false},"excerpt":{"rendered":"De fleste av oss som s\u00e5 debatten med direkt\u00f8ren og styrelederen i Helse Nord forrige uke, strever fortsatt&hellip;\n","protected":false},"author":2,"featured_media":67457,"comment_status":"","ping_status":"","sticky":false,"template":"","format":"standard","meta":{"footnotes":""},"categories":[5],"tags":[36,20,21,37,24,25,15,8164,19,22,23,38,17,18,13,30,28,29,14,1533,16,26,27,963],"class_list":{"0":"post-67456","1":"post","2":"type-post","3":"status-publish","4":"format-standard","5":"has-post-thumbnail","7":"category-overskrifter","8":"tag-art","9":"tag-breaking-news","10":"tag-breakingnews","11":"tag-debatt","12":"tag-featured-news","13":"tag-featurednews","14":"tag-headlines","15":"tag-helse-nord","16":"tag-hovedoppslag","17":"tag-latest-news","18":"tag-latestnews","19":"tag-leserbrev","20":"tag-main-news","21":"tag-mainnews","22":"tag-news","23":"tag-no","24":"tag-norge","25":"tag-norway","26":"tag-nyheter","27":"tag-opinion","28":"tag-overskrifter","29":"tag-top-stories","30":"tag-topstories","31":"tag-ytring"},"share_on_mastodon":{"url":"","error":""},"_links":{"self":[{"href":"https:\/\/www.europesays.com\/no\/wp-json\/wp\/v2\/posts\/67456","targetHints":{"allow":["GET"]}}],"collection":[{"href":"https:\/\/www.europesays.com\/no\/wp-json\/wp\/v2\/posts"}],"about":[{"href":"https:\/\/www.europesays.com\/no\/wp-json\/wp\/v2\/types\/post"}],"author":[{"embeddable":true,"href":"https:\/\/www.europesays.com\/no\/wp-json\/wp\/v2\/users\/2"}],"replies":[{"embeddable":true,"href":"https:\/\/www.europesays.com\/no\/wp-json\/wp\/v2\/comments?post=67456"}],"version-history":[{"count":0,"href":"https:\/\/www.europesays.com\/no\/wp-json\/wp\/v2\/posts\/67456\/revisions"}],"wp:featuredmedia":[{"embeddable":true,"href":"https:\/\/www.europesays.com\/no\/wp-json\/wp\/v2\/media\/67457"}],"wp:attachment":[{"href":"https:\/\/www.europesays.com\/no\/wp-json\/wp\/v2\/media?parent=67456"}],"wp:term":[{"taxonomy":"category","embeddable":true,"href":"https:\/\/www.europesays.com\/no\/wp-json\/wp\/v2\/categories?post=67456"},{"taxonomy":"post_tag","embeddable":true,"href":"https:\/\/www.europesays.com\/no\/wp-json\/wp\/v2\/tags?post=67456"}],"curies":[{"name":"wp","href":"https:\/\/api.w.org\/{rel}","templated":true}]}}