{"id":67500,"date":"2025-10-22T21:06:16","date_gmt":"2025-10-22T21:06:16","guid":{"rendered":"https:\/\/www.europesays.com\/no\/67500\/"},"modified":"2025-10-22T21:06:16","modified_gmt":"2025-10-22T21:06:16","slug":"jeg-ble-rammet-av-den-usynlige-sykdommen","status":"publish","type":"post","link":"https:\/\/www.europesays.com\/no\/67500\/","title":{"rendered":"\u2013 Jeg ble rammet av den usynlige sykdommen"},"content":{"rendered":"\n<ul class=\"_list_o9xde_3 _list_64s2r_85 _unordered_o9xde_106 text-sans-m\">\n<li class=\"_item_o9xde_30\">Tore Str\u00f8m\u00f8y sier han ble langtidssykemeldt med PTSD etter \u00e5 ha m\u00e5ttet slutte i NRK.<\/li>\n<li class=\"_item_o9xde_30\">Denne uken kommer han med boken \u00abP\u00e5 sporet av et liv\u00bb<\/li>\n<li class=\"_item_o9xde_30\">Han mener kringkastingssjefen i NRK m\u00e5 ta ansvar, og hevder at han f\u00f8lte seg presset til \u00e5 signere sluttavtalen.<\/li>\n<li class=\"_item_o9xde_30\">Kringkastingssjef Vibeke F\u00fcrst Haugen \u00f8nsker ikke \u00e5 kommentere saken.<\/li>\n<li class=\"_item_o9xde_30\">NRK Midt kaller prosessen vanskelig, men st\u00e5r ved beslutningen og takker Str\u00f8m\u00f8y for innsatsen. <\/li>\n<\/ul>\n<p>Vis mer <\/p>\n<p class=\"_paragraph_o9xde_4 _paragraph_xtcu6_10 layout-component text-serif-m layout-normal text-serif-m layout-padded\">Det forteller han i den nye boken \u00abP\u00e5 sporet av et liv\u00bb som kommer denne uken.<\/p>\n<p class=\"_paragraph_o9xde_4 _paragraph_xtcu6_10 layout-component text-serif-m layout-normal text-serif-m layout-padded\">Til VG sier han: <\/p>\n<p class=\"_paragraph_o9xde_4 _paragraph_xtcu6_10 layout-component text-serif-m layout-normal text-serif-m layout-padded\">\u2013 Jeg har alltid trodd at jeg t\u00e5ler alt, at jeg var en person som ikke kunne f\u00e5 problemer med depresjon og angst. Det er en merkelig f\u00f8lelse.<\/p>\n<p class=\"_paragraph_o9xde_4 _paragraph_xtcu6_10 layout-component text-serif-m layout-normal text-serif-m layout-padded\">\u2013 N\u00e5 f\u00f8ltes det ut som om jeg var skutt i filler, jeg ramlet to etasjer lenger ned enn kjelleren. Jeg ble sjuk. I det jeg v\u00e5knet om morgenen begynte jeg \u00e5 skjelve, og det kjentes som en konstant klo strammet til i brystet.<\/p>\n<p class=\"_paragraph_o9xde_4 _paragraph_xtcu6_10 layout-component text-serif-m layout-normal text-serif-m layout-padded\"><strong class=\"_strong_o9xde_25\">Det var i august i fjor at nyheten om at <a href=\"https:\/\/www.vg.no\/tag\/tore-stroemoey?utm_source=vg-article&amp;utm_medium=auto-tagger&amp;utm_campaign=8qrnOW\" class=\"_link_o9xde_39\" rel=\"nofollow noopener\" target=\"_blank\">Tore Str\u00f8m\u00f8y<\/a> m\u00e5tte slutte i NRK, kom. Etter en n\u00e6rmere 40 \u00e5r lang karriere i statskanalen, med seersuksesser som blant annet \u00abTore p\u00e5 sporet\u00bb, var det over.<\/strong> <\/p>\n<p><img alt=\"Foto: Mattis Sandblad \/ VG\" class=\"_image_qp4xg_65 layout-component layout-normal\" data-fullscreen- data-track-element-type=\"Article image fullscreen\" data-track-name=\"ImageFullscreen\" decoding=\"async\" loading=\"lazy\" height=\"3736\" itemprop=\"image\"  src=\"https:\/\/www.europesays.com\/no\/wp-content\/uploads\/2025\/10\/033db056-8333-4d8f-b4fe-61ca27906b8d\"  style=\"object-position:0% 0%\" width=\"5343\"\/>Foto: Mattis Sandblad \/ VG<\/p>\n<p class=\"_paragraph_o9xde_4 _paragraph_xtcu6_10 layout-component text-serif-m layout-normal text-serif-m layout-padded\">Mot hans vilje, har han ogs\u00e5 tidligere fortalt. N\u00e5 sier han: <\/p>\n<p class=\"_paragraph_o9xde_4 _paragraph_xtcu6_10 layout-component text-serif-m layout-normal text-serif-m layout-padded\">\u2013 Jeg fikk vel egentlig bare beskjed om at hvis jeg ikke skrev under p\u00e5 sluttavtalen, s\u00e5 ville de g\u00e5 ut offentlig og si at de hadde gitt meg sparken. <\/p>\n<p class=\"_paragraph_o9xde_4 _paragraph_xtcu6_10 layout-component text-serif-m layout-normal text-serif-m layout-padded\"><strong class=\"_strong_o9xde_25\">\u2013 Jeg husker ikke engang at jeg signerte noen avtale, selv om jeg vet at jeg gjorde det, sier Str\u00f8m\u00f8y. <\/strong><\/p>\n<p class=\"_paragraph_o9xde_4 _paragraph_xtcu6_10 layout-component text-serif-m layout-normal text-serif-m layout-padded\">Regiondirekt\u00f8r Nareas Sae-Khow i NRK Midt sier til VG at han har lest Str\u00f8m\u00f8ys bok, og skriver f\u00f8lgende til VG:<\/p>\n<p class=\"_paragraph_o9xde_4 _paragraph_xtcu6_10 layout-component text-serif-m layout-normal text-serif-m layout-padded\">\u2013 Jeg har stor forst\u00e5else for at Str\u00f8m\u00f8y synes at dette har v\u00e6rt en t\u00f8ff og vanskelig tid. Ogs\u00e5 vi i NRK mener at dette har v\u00e6rt en vanskelig prosess.<\/p>\n<p class=\"_paragraph_o9xde_4 _paragraph_xtcu6_10 layout-component text-serif-m layout-normal text-serif-m layout-padded\">\u2013 Vi mener fortsatt det var riktig \u00e5 avslutte samarbeidet. Det har i denne prosessen v\u00e6rt mange samtaler og m\u00f8ter mellom Str\u00f8m\u00f8y og NRK om samarbeid og rolleforst\u00e5else. Avtalen om \u00e5 si opp oppdragstakerkontrakten mellom NRK og Str\u00f8m\u00f8y ble gjensidig signert i 2024.<\/p>\n<p class=\"_paragraph_o9xde_4 _paragraph_xtcu6_10 layout-component text-serif-m layout-normal text-serif-m layout-padded\">Nyheten om Str\u00f8m\u00f8ys exit kom etter en periode med <a href=\"https:\/\/www.vg.no\/rampelys\/i\/3MBBP9\/ntb-tore-stroemoey-ferdig-i-nrk\" data-track-element-type=\"Link\" data-track-id=\"link:3MBBP9\" class=\"_link_o9xde_39\" rel=\"nofollow noopener\" target=\"_blank\">flere stormer og kontroverser<\/a>, og spesielt alt <a href=\"https:\/\/www.vg.no\/stories\/279063\/nrk-trekker-bamsegutt-serie\" class=\"_link_o9xde_39\" rel=\"nofollow noopener\" target=\"_blank\">br\u00e5ket rundt \u00abIngen elsker Bamsegutt\u00bb<\/a>, dokumentarserien som NRK valgte \u00e5 avpublisere hovedsakelig fordi de hadde utelatt \u00e5 fortelle om en sedelighetsdom fra 1991. Og som etter hvert f\u00f8rte til at NRK ble<a href=\"https:\/\/www.vg.no\/rampelys\/i\/JQkPom\/nrk-programmet-ingen-elsker-bamsegutt-felt-i-pressens-faglige-utvalg\" data-track-element-type=\"Link\" data-track-id=\"link:JQkPom\" class=\"_link_o9xde_39\" rel=\"nofollow noopener\" target=\"_blank\"> felt i Pressens Faglige Utvalg. <\/a><\/p>\n<p><img alt=\"Foto: NRK \/ NRK\" class=\"_image_qp4xg_65 layout-component layout-normal\" data-fullscreen- data-track-element-type=\"Article image fullscreen\" data-track-name=\"ImageFullscreen\" decoding=\"async\" loading=\"lazy\" height=\"1052\" itemprop=\"image\"  src=\"https:\/\/www.europesays.com\/no\/wp-content\/uploads\/2025\/10\/cfc20eaa-96ac-4abc-a17f-d3c33564d018\"  style=\"object-position:0% 0%\" width=\"1874\"\/>Foto: NRK \/ NRK<\/p>\n<p class=\"_paragraph_o9xde_4 _paragraph_xtcu6_10 layout-component text-serif-m layout-normal text-serif-m layout-padded\">Slutten <a href=\"https:\/\/www.vg.no\/rampelys\/i\/W06kaj\/tore-stroemoey-om-nrk-sjokket-jeg-har-ikke-saa-mye-aa-tape\" data-track-element-type=\"Link\" data-track-id=\"link:W06kaj\" class=\"_link_o9xde_39\" rel=\"nofollow noopener\" target=\"_blank\">kom som et sjokk <\/a>p\u00e5 Str\u00f8m\u00f8y. Han var allerede langt nede etter mediekj\u00f8ret og interne granskinger etter Bamsegutt-gate.<\/p>\n<p class=\"_paragraph_o9xde_4 _paragraph_xtcu6_10 layout-component text-serif-m layout-normal text-serif-m layout-padded\">\u2013 Jeg skj\u00f8nte det nok ikke da, men jeg burde v\u00e6rt sykmeldt for lengst p\u00e5 det tidspunktet. S\u00e5 med den formen jeg var i da jeg ble sparket, var jeg rett og slett ikke i stand til \u00e5 forsvare meg, sier han og legger til: <\/p>\n<p class=\"_paragraph_o9xde_4 _paragraph_xtcu6_10 layout-component text-serif-m layout-normal text-serif-m layout-padded\">\u2013 Legen min diagnostiserte meg med PTSD, posttraumatisk stresslidelse, litt senere p\u00e5 h\u00f8sten i fjor. Legen skrev ogs\u00e5 et brev til NRK-ledelsen om hvor d\u00e5rlig det sto til, og at jeg m\u00e5tte f\u00e5 en forklaring p\u00e5 hva som f\u00f8rte til oppsigelsen, siden dette var viktig for \u00e5 komme videre og tilbake i arbeidslivet.<\/p>\n<p class=\"_paragraph_o9xde_4 _paragraph_xtcu6_10 layout-component text-serif-m layout-normal text-serif-m layout-padded\">VG har sett brevet legen sendte, og som if\u00f8lge Str\u00f8m\u00f8y fremdeles ikke har f\u00f8rt frem. <\/p>\n<p class=\"_paragraph_o9xde_4 _paragraph_xtcu6_10 layout-component text-serif-m layout-normal text-serif-m layout-padded\"><strong class=\"_strong_o9xde_25\">\u2013 I boken legger du skylden p\u00e5 NRK-ledelsen for at du ble langtidssykmeldt i et \u00e5r?<\/strong><\/p>\n<p class=\"_paragraph_o9xde_4 _paragraph_xtcu6_10 layout-component text-serif-m layout-normal text-serif-m layout-padded\">\u2013 Ja, de m\u00e5 ta sin del av ansvaret. Det var deres valg og vurderinger som sendte oss ut i elendigheten. Jeg ba innstendig om at min rolle ble klarlagt, at det skulle g\u00e5 tydelig fram at avgj\u00f8relsene rundt dokumentaren ble tatt av redakt\u00f8rer, ikke meg. <\/p>\n<p class=\"_paragraph_o9xde_4 _paragraph_xtcu6_10 layout-component text-serif-m layout-normal text-serif-m layout-padded\">\u2013 Jeg ble syk p\u00e5 jobben. Hadde NRK gjort dette p\u00e5 rett m\u00e5te, hadde jeg kanskje berget \u2013 og ikke f\u00e5tt denne voldsomme runden, sier han til VG.<\/p>\n<p><img alt=\"Tore Str\u00f8m\u00f8y var langt nede i fjor h\u00f8st, her fra et intervju med VG bare dager etter at han m\u00e5tte g\u00e5 fra NRK-jobben.  Foto: Annemor Larsen \/ VG\" class=\"_image_qp4xg_65 layout-component layout-normal\" data-fullscreen- data-track-element-type=\"Article image fullscreen\" data-track-name=\"ImageFullscreen\" decoding=\"async\" loading=\"lazy\" height=\"8192\" itemprop=\"image\"  src=\"https:\/\/www.europesays.com\/no\/wp-content\/uploads\/2025\/10\/435d42da-4d38-4b31-b521-639c6f18f503\"  style=\"object-position:0% 0%\" width=\"5464\"\/>Tore Str\u00f8m\u00f8y var langt nede i fjor h\u00f8st, her fra et intervju med VG bare dager etter at han m\u00e5tte g\u00e5 fra NRK-jobben.  Foto: Annemor Larsen \/ VG<\/p>\n<p class=\"_paragraph_o9xde_4 _paragraph_xtcu6_10 layout-component text-serif-m layout-normal text-serif-m layout-padded\">Han er veldig skuffet over kringkastingssjefens h\u00e5ndtering:<\/p>\n<p class=\"_paragraph_o9xde_4 _paragraph_xtcu6_10 layout-component text-serif-m layout-normal text-serif-m layout-padded\">\u2013 Jeg skulle \u00f8nske at hun tok ansvaret, at hun ikke kastet de hun har under seg under bussen. Jeg har flere ganger bedt om en forklaring p\u00e5 hva jeg har gjort galt \u2013 og hvorfor m\u00e5tte jeg g\u00e5 p\u00e5 dagen? Og hvis hun ikke kan gi meg det, s\u00e5 kan hun i det minste be om unnskyldning. <\/p>\n<p class=\"_paragraph_o9xde_4 _paragraph_xtcu6_10 layout-component text-serif-m layout-normal text-serif-m layout-padded\"><strong class=\"_strong_o9xde_25\">\u2013 Det er veldig vanskelig \u00e5 g\u00e5 videre uten det. Jeg vet fortsatt ikke hvorfor jeg m\u00e5tte kastes p\u00e5 minuttet, sier han.<\/strong><\/p>\n<p> NRK: \u2013 Lykke til videre<\/p>\n<p class=\"_paragraph_o9xde_4 _paragraph_xtcu6_10 layout-component text-serif-m layout-normal text-serif-m layout-padded\">Kringkastingssjef Vibeke F\u00fcrst Haugen er forelagt det Str\u00f8m\u00f8y sier i denne saken, men \u00f8nsker ikke \u00e5 kommentere, f\u00e5r VG opplyst av kommunikasjonssjef Ellen Sporst\u00f8l i NRK. Hun har heller ikke svart p\u00e5 VGs sp\u00f8rsm\u00e5l oversendt p\u00e5 e-post. <\/p>\n<p class=\"_paragraph_o9xde_4 _paragraph_xtcu6_10 layout-component text-serif-m layout-normal text-serif-m layout-padded\">Heller ikke regionredakt\u00f8r Nareas Sae-Khow i NRK Midt \u00f8nsker \u00e5 svare p\u00e5 VGs konkrete sp\u00f8rsm\u00e5l rundt saken, som NRKs h\u00e5ndtering og om det er aktuelt \u00e5 gi Str\u00f8m\u00f8y en forklaring eller en unnskyldning. <\/p>\n<p class=\"_paragraph_o9xde_4 _paragraph_xtcu6_10 layout-component text-serif-m layout-normal text-serif-m layout-padded\"><strong class=\"_strong_o9xde_25\">Istedenfor takker han Str\u00f8m\u00f8y for innsatsen. <\/strong><\/p>\n<p><img decoding=\"async\" alt=\"Bilde av Regionredakt\u00f8r Nareas Sae-Khow i NRK Midt\" class=\"_image_ygndg_42\" height=\"22\" itemprop=\"image\" loading=\"lazy\"  src=\"https:\/\/www.europesays.com\/no\/wp-content\/uploads\/2025\/10\/ab09a004-93e0-4ee6-bd16-0d9e493c3d59\"  width=\"40\"\/><strong class=\"_name_ygndg_51 title-serif-xs\">Regionredakt\u00f8r Nareas Sae-Khow i NRK Midt<\/strong><\/p>\n<p class=\"_paragraph_o9xde_4 _paragraph_xtcu6_10 layout-component text-serif-m layout-normal text-serif-m layout-padded\">\u2013 Som regionredakt\u00f8r \u00f8nsker jeg \u00e5 takke Str\u00f8m\u00f8y for den mange\u00e5rige innsatsen han har lagt ned for oss i NRK. Vi \u00f8nsker ham masse lykke til videre med nye prosjekter fremover, skriver Nareas Sae-Khow.<\/p>\n<p class=\"_paragraph_o9xde_4 _paragraph_xtcu6_10 layout-component text-serif-m layout-normal text-serif-m layout-padded\"><strong class=\"_strong_o9xde_25\">S\u00e5 langt har Tore Str\u00f8m\u00f8y hverken f\u00e5tt noen forklaring eller unnskyldning, forteller han. <\/strong><\/p>\n<p class=\"_paragraph_o9xde_4 _paragraph_xtcu6_10 layout-component text-serif-m layout-normal text-serif-m layout-padded\">VG har sett et brev han sendte til kringkastingssjefen senest i v\u00e5r der han forklarte hvor viktig dette var for ham. <\/p>\n<p class=\"_paragraph_o9xde_4 _paragraph_xtcu6_10 layout-component text-serif-m layout-normal text-serif-m layout-padded\">\u2013 Men kringkastingssjefen og andre sjefer viser bare til sluttavtalen vi skrev. Det er ingen som kommenterer situasjonen min eller sp\u00f8r hvordan jeg har det, ingen som har tilbudt meg hjelp, ingen som har ringt.<\/p>\n<p class=\"_paragraph_o9xde_4 _paragraph_xtcu6_10 layout-component text-serif-m layout-normal text-serif-m layout-padded\"> Str\u00f8m\u00f8y forklarer at han p\u00e5 et rasjonelt plan skj\u00f8nner at saken har flere sider, og at dette har v\u00e6rt vanskelige vurderinger fra ledelsen.<\/p>\n<p class=\"_paragraph_o9xde_4 _paragraph_xtcu6_10 layout-component text-serif-m layout-normal text-serif-m layout-padded\">\u2013 Men n\u00e5 f\u00f8ler jeg meg bare alene og sviktet, skriver han i boken.<\/p>\n<p class=\"_paragraph_o9xde_4 _paragraph_xtcu6_10 layout-component text-serif-m layout-normal text-serif-m layout-padded\"><strong class=\"_strong_o9xde_25\">Dette er i slutten av april i \u00e5r. Da har Str\u00f8m\u00f8y v\u00e6rt sykmeldt i \u00e5tte m\u00e5neder \u2013 \u00abparkert av legen\u00bb som han selv kaller det. <\/strong><\/p>\n<p class=\"_paragraph_o9xde_4 _paragraph_xtcu6_10 layout-component text-serif-m layout-normal text-serif-m layout-padded\">\u2013 Jeg fikk til slutt klar beskjed om \u00e5 ikke jobbe mer p\u00e5 en stund. Jeg trengte hvile etter \u00e5 ha blitt utsatt for en voldsom psykisk p\u00e5kjenning, sa legen. Jeg var blitt rammet av \u00abden usynlige sykdommen\u00bb. Det f\u00f8les rart \u00e5 v\u00e6re en av politikernes store hodepiner f\u00f8r valget: de langtidssykmeldte. De som anses som en byrde for samfunnet, skriver han i boken.<\/p>\n<p><img alt=\"Foto: Annemor Larsen \/ VG\" class=\"_image_qp4xg_65 layout-component layout-normal\" data-fullscreen- data-track-element-type=\"Article image fullscreen\" data-track-name=\"ImageFullscreen\" decoding=\"async\" loading=\"lazy\" height=\"5464\" itemprop=\"image\"  src=\"https:\/\/www.europesays.com\/no\/wp-content\/uploads\/2025\/10\/53676576-b569-4ba5-92b5-603d08bce058\"  style=\"object-position:0% 0%\" width=\"8192\"\/>Foto: Annemor Larsen \/ VG<\/p>\n<p class=\"_paragraph_o9xde_4 _paragraph_xtcu6_10 layout-component text-serif-m layout-normal text-serif-m layout-padded\">Det hang en lammende t\u00e5ke over ham i flere m\u00e5neder. <\/p>\n<p class=\"_paragraph_o9xde_4 _paragraph_xtcu6_10 layout-component text-serif-m layout-normal text-serif-m layout-padded\"><strong class=\"_strong_o9xde_25\">\u2013 Jeg hadde det s\u00e5 vondt at jeg ikke visste hvor jeg skulle gj\u00f8re av meg, forteller Str\u00f8m\u00f8y.<\/strong><\/p>\n<p class=\"_paragraph_o9xde_4 _paragraph_xtcu6_10 layout-component text-serif-m layout-normal text-serif-m layout-padded\">\u2013 Det er sikkert noen som mener at du har f\u00e5tt sagt ditt flere ganger i denne saken, hvor lenge skal du fortsette \u00e5 klage? <\/p>\n<p class=\"_paragraph_o9xde_4 _paragraph_xtcu6_10 layout-component text-serif-m layout-normal text-serif-m layout-padded\">\u2013 Jeg synes egentlig ikke jeg har klaget s\u00e5 mye, men jeg lover i alle fall at det er slutt n\u00e5. Dette er ikke et \u00f8nske om hevn, men det er ikke lett \u00e5 legge dette bak seg. Jeg har v\u00e6rt bitter, sint, lei meg, alt mulig, sier han og puster ut f\u00f8r han fortsetter:<\/p>\n<p class=\"_paragraph_o9xde_4 _paragraph_xtcu6_10 layout-component text-serif-m layout-normal text-serif-m layout-padded\">\u2013 Akkurat n\u00e5 f\u00f8ler jeg meg veldig rolig. Du synes kanskje jeg h\u00f8res oppgiret ut? Men dette er meg p\u00e5 mitt rolige, ler han.<\/p>\n<p class=\"_paragraph_o9xde_4 _paragraph_xtcu6_10 layout-component text-serif-m layout-normal text-serif-m layout-padded\">Han forklarer at det \u00e5 skrive bok har v\u00e6rt en del av prosessen med \u00e5 pr\u00f8ve \u00e5 bli frisk. <\/p>\n<p class=\"_paragraph_o9xde_4 _paragraph_xtcu6_10 layout-component text-serif-m layout-normal text-serif-m layout-padded\"><strong class=\"_strong_o9xde_25\">\u2013 Jeg har rett og slett skrevet meg ut av elendigheten. Jeg har lyst til \u00e5 f\u00e5 fram at jeg ikke har noe \u00e5 skjemmes over. <\/strong><\/p>\n<p><img alt=\"Tore Str\u00f8m\u00f8y er nerv\u00f8s f\u00f8r mottagelsen av boken. Her p\u00e5 forlaget Bonnier dagen f\u00f8r lansering.   Foto: Mattis Sandblad \/ VG\" class=\"_image_qp4xg_65 layout-component layout-normal\" data-fullscreen- data-track-element-type=\"Article image fullscreen\" data-track-name=\"ImageFullscreen\" decoding=\"async\" loading=\"lazy\" height=\"4000\" itemprop=\"image\"  src=\"https:\/\/www.europesays.com\/no\/wp-content\/uploads\/2025\/10\/8a4ef713-c4f4-4bc4-8102-34d654336373\"  style=\"object-position:0% 0%\" width=\"5496\"\/>Tore Str\u00f8m\u00f8y er nerv\u00f8s f\u00f8r mottagelsen av boken. Her p\u00e5 forlaget Bonnier dagen f\u00f8r lansering.   Foto: Mattis Sandblad \/ VG<\/p>\n<p class=\"_paragraph_o9xde_4 _paragraph_xtcu6_10 layout-component text-serif-m layout-normal text-serif-m layout-padded\">Hovedsporet til Tore, som noen kanskje vil si har g\u00e5tt p\u00e5 repeat, n\u00e5r det gjelder den omstridte dokumentaren, er at det var NRKs redaksjonelle ledelse som bestemte at straffedommen mot Jan Egil Granfoss ble holdt utenfor dokumentarserien. <\/p>\n<p class=\"_paragraph_o9xde_4 _paragraph_xtcu6_10 layout-component text-serif-m layout-normal text-serif-m layout-padded\">\u2013 Jeg var ikke borte i avgj\u00f8relsen om \u00e5 utelate dommen i det hele tatt. Jeg leverte informasjon om dommen videre, jeg gjorde intervju med Jan Egil om dommen, alt dette fikk de. Jeg var ikke et sekund redd for at sjefene ikke skulle turnere dette godt. Jeg stolte p\u00e5 deres redaksjonelle vurdering. <\/p>\n<p class=\"_paragraph_o9xde_4 _paragraph_xtcu6_10 layout-component text-serif-m layout-normal text-serif-m layout-padded\">\u2013 Da det gikk som det gikk, skulle jeg \u00f8nske at NRK hadde en solid og trygg toppsjef som stiller seg foran sine ansatte og tar ansvar.<\/p>\n<p> Skadet for alltid<\/p>\n<p class=\"_paragraph_o9xde_4 _paragraph_xtcu6_10 layout-component text-serif-m layout-normal text-serif-m layout-padded\"><strong class=\"_strong_o9xde_25\">Str\u00f8m\u00f8y var sykmeldt i et \u00e5r, og har n\u00e5 friskmeldt seg, men sier han nok er skadet for alltid.<\/strong><\/p>\n<p><img alt=\"Her fra tidlig i Str\u00f8m\u00f8ys NRK-karriere: NRKs OL-lag til Nagano 1998 representert ved Arne Scheie, Tore Str\u00f8m\u00f8y og Jon Herwig Carlsen.  Foto: Jan Espen Berntsen \/ VG\" class=\"_image_qp4xg_65 layout-component layout-normal\" data-fullscreen- data-track-element-type=\"Article image fullscreen\" data-track-name=\"ImageFullscreen\" decoding=\"async\" loading=\"lazy\" height=\"2048\" itemprop=\"image\"  src=\"https:\/\/www.europesays.com\/no\/wp-content\/uploads\/2025\/10\/58d5b099-4056-4cad-9627-e21fe8657d26\"  style=\"object-position:0% 0%\" width=\"3072\"\/>Her fra tidlig i Str\u00f8m\u00f8ys NRK-karriere: NRKs OL-lag til Nagano 1998 representert ved Arne Scheie, Tore Str\u00f8m\u00f8y og Jon Herwig Carlsen.  Foto: Jan Espen Berntsen \/ VG<\/p>\n<p class=\"_paragraph_o9xde_4 _paragraph_xtcu6_10 layout-component text-serif-m layout-normal text-serif-m layout-padded\">\u2013 Jeg vet faktisk ikke om jeg blir 100 prosent som f\u00f8r. Det handler om at man ikke f\u00e5r helt kontroll p\u00e5 nerver. F\u00e5r du et s\u00e5r, kan du sm\u00f8re p\u00e5 en krem eller noe, men dette, dette som er p\u00e5 innsiden, er vanskelig \u00e5 f\u00e5 tak i. Det er en kostbar l\u00e6rdom.<\/p>\n<p class=\"_paragraph_o9xde_4 _paragraph_xtcu6_10 layout-component text-serif-m layout-normal text-serif-m layout-padded\">Men med boken f\u00f8ler han likevel at han har satt et punktum. <\/p>\n<p class=\"_paragraph_o9xde_4 _paragraph_xtcu6_10 layout-component text-serif-m layout-normal text-serif-m layout-padded\">\u2013 Jeg m\u00e5 pr\u00f8ve \u00e5 se fremover. Jeg har flere historier og ideer i meg, og jeg skulle aller helst gj\u00f8re dem for NRK, for herlighet: Jeg har jo elsket NRK! <\/p>\n<p class=\"_paragraph_o9xde_4 _paragraph_xtcu6_10 layout-component text-serif-m layout-normal text-serif-m layout-padded\">\u2013 Men n\u00e5 m\u00e5 jeg innr\u00f8mme at jeg blir shabby bare jeg kj\u00f8rer forbi Tyholt, der NRK ligger i Trondheim. <\/p>\n<p class=\"_paragraph_o9xde_4 _paragraph_xtcu6_10 layout-component text-serif-m layout-normal text-serif-m layout-padded\">\u2013 S\u00e5 vi f\u00e5r se da om noen f\u00e5r bruk for en 65-\u00e5rig programleder og journalist, sier han og tar seg i det.<\/p>\n<p class=\"_paragraph_o9xde_4 _paragraph_xtcu6_10 layout-component text-serif-m layout-normal text-serif-m layout-padded\">\u2013 Nei, d\u00e6ven. Jeg er jo ikke 65! Eller: Det f\u00f8les i alle fall ikke s\u00e5nn ut, ler han. <\/p>\n<p class=\"_paragraph_o9xde_4 _paragraph_xtcu6_10 layout-component text-serif-m layout-normal text-serif-m layout-padded\">\u2013 Du er ikke klar for \u00e5 g\u00e5 av med pensjon? <\/p>\n<p class=\"_paragraph_o9xde_4 _paragraph_xtcu6_10 layout-component text-serif-m layout-normal text-serif-m layout-padded\">\u2013 Nei, jeg m\u00e5 lage noe, gj\u00f8re noe. Dette har v\u00e6rt hele livet mitt. Jeg f\u00e5r bare h\u00e5pe at jeg ikke har g\u00e5tt ut p\u00e5 dato. <\/p>\n","protected":false},"excerpt":{"rendered":"Tore Str\u00f8m\u00f8y sier han ble langtidssykemeldt med PTSD etter \u00e5 ha m\u00e5ttet slutte i NRK. Denne uken kommer&hellip;\n","protected":false},"author":2,"featured_media":67501,"comment_status":"","ping_status":"","sticky":false,"template":"","format":"standard","meta":{"footnotes":""},"categories":[5],"tags":[150,20,21,24,25,15,19,22,23,17,18,13,30,28,29,787,14,16,3423,26,27,9521],"class_list":{"0":"post-67500","1":"post","2":"type-post","3":"status-publish","4":"format-standard","5":"has-post-thumbnail","7":"category-overskrifter","8":"tag-bok","9":"tag-breaking-news","10":"tag-breakingnews","11":"tag-featured-news","12":"tag-featurednews","13":"tag-headlines","14":"tag-hovedoppslag","15":"tag-latest-news","16":"tag-latestnews","17":"tag-main-news","18":"tag-mainnews","19":"tag-news","20":"tag-no","21":"tag-norge","22":"tag-norway","23":"tag-nrk","24":"tag-nyheter","25":"tag-overskrifter","26":"tag-sakprosa","27":"tag-top-stories","28":"tag-topstories","29":"tag-tore-stromoy"},"share_on_mastodon":{"url":"","error":""},"_links":{"self":[{"href":"https:\/\/www.europesays.com\/no\/wp-json\/wp\/v2\/posts\/67500","targetHints":{"allow":["GET"]}}],"collection":[{"href":"https:\/\/www.europesays.com\/no\/wp-json\/wp\/v2\/posts"}],"about":[{"href":"https:\/\/www.europesays.com\/no\/wp-json\/wp\/v2\/types\/post"}],"author":[{"embeddable":true,"href":"https:\/\/www.europesays.com\/no\/wp-json\/wp\/v2\/users\/2"}],"replies":[{"embeddable":true,"href":"https:\/\/www.europesays.com\/no\/wp-json\/wp\/v2\/comments?post=67500"}],"version-history":[{"count":0,"href":"https:\/\/www.europesays.com\/no\/wp-json\/wp\/v2\/posts\/67500\/revisions"}],"wp:featuredmedia":[{"embeddable":true,"href":"https:\/\/www.europesays.com\/no\/wp-json\/wp\/v2\/media\/67501"}],"wp:attachment":[{"href":"https:\/\/www.europesays.com\/no\/wp-json\/wp\/v2\/media?parent=67500"}],"wp:term":[{"taxonomy":"category","embeddable":true,"href":"https:\/\/www.europesays.com\/no\/wp-json\/wp\/v2\/categories?post=67500"},{"taxonomy":"post_tag","embeddable":true,"href":"https:\/\/www.europesays.com\/no\/wp-json\/wp\/v2\/tags?post=67500"}],"curies":[{"name":"wp","href":"https:\/\/api.w.org\/{rel}","templated":true}]}}