{"id":67523,"date":"2025-10-22T21:40:19","date_gmt":"2025-10-22T21:40:19","guid":{"rendered":"https:\/\/www.europesays.com\/no\/67523\/"},"modified":"2025-10-22T21:40:19","modified_gmt":"2025-10-22T21:40:19","slug":"galatasaray-bodo-glimt-3-1-glimt-rotet-det-til-etter-flere-forsvarstabber","status":"publish","type":"post","link":"https:\/\/www.europesays.com\/no\/67523\/","title":{"rendered":"Galatasaray \u2013 Bod\u00f8\/Glimt 3\u20131 \u2013 Glimt rotet det til etter flere forsvarstabber"},"content":{"rendered":"\n<p class=\"_lead_o9xde_2 _lead_xtcu6_50 layout-component text-serif-m layout-normal text-serif-l layout-component layout-wide layout-padded _wide_17hqh_1 layout-padded\">Med to m\u00e5neder igjen til jul har nordlandsnissen allerede v\u00e6rt p\u00e5 bes\u00f8k i Istanbul. <\/p>\n<p> <img class=\"_image_qp4xg_65 layout-component layout-wide\" data-fullscreen- data-track-element-type=\"Article image fullscreen\" data-track-name=\"ImageFullscreen\" fetchpriority=\"high\" decoding=\"sync\" loading=\"eager\" height=\"102\" itemprop=\"image\"  src=\"https:\/\/www.europesays.com\/no\/wp-content\/uploads\/2025\/10\/6e5e20a62d6f17923f306df6ee7c888f.jpg\"  style=\"object-position:50% 50%;aspect-ratio:1.75;height:auto;object-fit:cover;width:100%\" width=\"102\"\/>  Rapporterer fra Istanbul  Oppdatert onsdag 22. oktober kl. 21:47     <\/p>\n<p class=\"_paragraph_o9xde_4 _paragraph_xtcu6_10 layout-component text-serif-m layout-normal text-serif-m layout-padded\">Der fikk spesielt en nigeriansk superspiss alt han hadde p\u00e5 \u00f8nskelisten. <\/p>\n<p class=\"_paragraph_o9xde_4 _paragraph_xtcu6_10 layout-component text-serif-m layout-normal text-serif-m layout-padded\">To tabber f\u00f8r pause, \u00e9n etter, og Glimt gjorde det tiln\u00e6rmet umulig for seg selv i sin tredje Champions League-match. <\/p>\n<p class=\"_paragraph_o9xde_4 _paragraph_xtcu6_10 layout-component text-serif-m layout-normal text-serif-m layout-padded\">\u2013 Kjetil Knutsen kommer ikke til \u00e5 sove et eneste sekund p\u00e5 hotellet sitt i natt, sier TV 2-ekspert Jesper Mathisen om tabbene.<\/p>\n<p class=\"_paragraph_o9xde_4 _paragraph_xtcu6_10 layout-component text-serif-m layout-normal text-serif-m layout-padded\">Innbytter Andreas Helmersen tente et h\u00e5p for gjestene, men det ble for lite og for sent. Galatasaray vant til slutt fullt fortjent, i en kamp der tabbene og bommene \u00f8dela for Glimt. <\/p>\n<p class=\"_paragraph_o9xde_4 _paragraph_xtcu6_10 layout-component text-serif-m layout-normal text-serif-m layout-padded\">\u2014 Det er en forferdelig feil som ikke skal skje p\u00e5 dette niv\u00e5et, s\u00e5 enkelt er det. Det er utrolig kjipt, sier Fredrik Bj\u00f8rkan til VG, som sto for en kjempetabbe i eget forsvar da Galatasaray fikk opp i 2\u20130-ledelse.<\/p>\n<p class=\"_paragraph_o9xde_4 _paragraph_xtcu6_10 layout-component text-serif-m layout-normal text-serif-m layout-padded\">\u2013 Hva g\u00e5r gjennom hodet ditt da du drar tr\u00f8yen over hodet?<\/p>\n<p class=\"_paragraph_o9xde_4 _paragraph_xtcu6_10 layout-component text-serif-m layout-normal text-serif-m layout-padded\">\u2014 Jeg er nesten i sjokk. Jeg ser ikke at han er der, og plutselig er ballen i m\u00e5l, svarer Bj\u00f8rkan. <\/p>\n<p><img alt=\"Andreas Helmersen r\u00e5sterk i luften og headet inn 3\u20131.   Foto: YASIN AKGUL \/ AFP \/ NTB\" class=\"_image_qp4xg_65 layout-component layout-normal\" data-fullscreen- data-track-element-type=\"Article image fullscreen\" data-track-name=\"ImageFullscreen\" decoding=\"async\" loading=\"lazy\" height=\"4666\" itemprop=\"image\"  src=\"https:\/\/www.europesays.com\/no\/wp-content\/uploads\/2025\/10\/6fe64afe-17dc-4183-8e94-a37f0ae6dea7\"  style=\"object-position:0% 0%\" width=\"6999\"\/>Andreas Helmersen r\u00e5sterk i luften og headet inn 3\u20131.   Foto: YASIN AKGUL \/ AFP \/ NTB<\/p>\n<p class=\"_paragraph_o9xde_4 _paragraph_xtcu6_10 layout-component text-serif-m layout-normal text-serif-m layout-padded\">Bod\u00f8v\u00e6ringene fikk den verst tenkelige starten i lurvelevenet i Istanbul. <\/p>\n<p class=\"_paragraph_o9xde_4 _paragraph_xtcu6_10 layout-component text-serif-m layout-normal text-serif-m layout-padded\">Mario Lemina, rivjernet p\u00e5 midten til Galatasaray, vant ballen lett og spilte gjennom Victor Osimhen. Enkelt kunne en av verdens beste spisser sette inn 1\u20130 f\u00f8r fire minutter var spilt. <\/p>\n<p class=\"_paragraph_o9xde_4 _paragraph_xtcu6_10 layout-component text-serif-m layout-normal text-serif-m layout-padded\">\u2013 Det begynte nesten \u00e5 bli litt parodi etter hvert med antall gjennomspill til dem alene med v\u00e5r keeper, det er sjeldent lurt i fotball, sier Patrick Berg til VG. <\/p>\n<p class=\"_paragraph_o9xde_4 _paragraph_xtcu6_10 layout-component text-serif-m layout-normal text-serif-m layout-padded\">Dagens f\u00f8rste gave. Men hjemmelaget skulle f\u00e5 det enda enklere og gavene skulle bli st\u00f8rre.<\/p>\n<p>Fakta<\/p>\n<p class=\"_paragraph_o9xde_4 _paragraph_xtcu6_10 _paragraph_16v91_10 layout-component text-serif-m layout-normal text-sans-m layout-padded\">Glimt har aldri hatt h\u00f8yere xG mot seg enn de hadde i kveld: 4,38 i expected goals if\u00f8lge statistikkstedet Sofascore. <\/p>\n<p>Vis mer<\/p>\n<p class=\"_paragraph_o9xde_4 _paragraph_xtcu6_10 layout-component text-serif-m layout-normal text-serif-m layout-padded\">Glimt var i ferd med \u00e5 spise seg litt inn i det da Fredrik Bj\u00f8rkan satte fart innover i banen. Et fors\u00f8k p\u00e5 \u00e5 spille ballen tilbake til keeper Nikita Haikin ble enkelt plukket opp av Osimhen. Nigerianeren gjorde ingen feil da han ble for\u00e6rt en gratis mulighet. 2\u20130 til tyrkerne etter en kjempetabbe av den rutinerte venstrebacken. <\/p>\n<p><img alt=\"Foto: Khalil Hamra \/ AP \/ NTB\" class=\"_image_qp4xg_65 layout-component layout-normal\" data-fullscreen- data-track-element-type=\"Article image fullscreen\" data-track-name=\"ImageFullscreen\" decoding=\"async\" loading=\"lazy\" height=\"1523\" itemprop=\"image\"  src=\"https:\/\/www.europesays.com\/no\/wp-content\/uploads\/2025\/10\/522bdc8f-4d48-444d-8720-0ad5c10b3d96\"  style=\"object-position:0% 0%\" width=\"2285\"\/>Foto: Khalil Hamra \/ AP \/ NTB<\/p>\n<p class=\"_paragraph_o9xde_4 _paragraph_xtcu6_10 layout-component text-serif-m layout-normal text-serif-m layout-padded\">Lydniv\u00e5et var ekstremt hos hjemmefansen som koste seg med \u00e5 se laget hittil f\u00e5 en enkel vei til tre poeng. <\/p>\n<p class=\"_paragraph_o9xde_4 _paragraph_xtcu6_10 layout-component text-serif-m layout-normal text-serif-m layout-padded\">Kjetil Knutsen hadde p\u00e5 forh\u00e5nd sagt at Galatasaray var et lag som kunne slippe seg ned innimellom og Glimt fikk til tider rom \u00e5 boltre seg i. <\/p>\n<p class=\"_paragraph_o9xde_4 _paragraph_xtcu6_10 layout-component text-serif-m layout-normal text-serif-m layout-padded\">Likevel skapte de sv\u00e6rt lite frem til Jens Petter Hauge fikk en gigantisk mulighet fem minutter f\u00f8r hvilen. Med en enkel skuddfinte dro han av tidligere Tottenham-stopper Davinson Sanchez f\u00f8r han alene med keeper satte ballen utenfor. <\/p>\n<p class=\"_paragraph_o9xde_4 _paragraph_xtcu6_10 layout-component text-serif-m layout-normal text-serif-m layout-padded\">Like etterp\u00e5: Sondre Brunstad Fet satte ballen i stolpen fra 20 meter. Glimt hadde v\u00e5knet etter to kilevinker. <\/p>\n<p class=\"_paragraph_o9xde_4 _paragraph_xtcu6_10 layout-component text-serif-m layout-normal text-serif-m layout-padded\">Men etter pause var Galatasaray igjen det beste laget, selv om Sondre Auklend fikk en stor mulighet han misbrukte. <\/p>\n<p class=\"_paragraph_o9xde_4 _paragraph_xtcu6_10 layout-component text-serif-m layout-normal text-serif-m layout-padded\">Da Haitam Aleesami like etter mistet ballen 20 meter fra eget m\u00e5l, skj\u00f8nte alle hva som kom til \u00e5 skje. <\/p>\n<p class=\"_paragraph_o9xde_4 _paragraph_xtcu6_10 layout-component text-serif-m layout-normal text-serif-m layout-padded\">Denne gangen ikke Osimhen, men Yunus Akg\u00fcn som til slutt fikk satt ballen i m\u00e5l etter litt rot fra Nikita Haikin. <\/p>\n<p class=\"_paragraph_o9xde_4 _paragraph_xtcu6_10 layout-component text-serif-m layout-normal text-serif-m layout-padded\">\u2013 S\u00e5 klart at f\u00f8lelsen er ikke god n\u00e5r vi taper, og n\u00e5r jeg er involvert i et baklengsm\u00e5l. Man m\u00e5 ta l\u00e6rdom og bare se fremover, sier Aleesami til TV 2. <\/p>\n<p class=\"_paragraph_o9xde_4 _paragraph_xtcu6_10 layout-component text-serif-m layout-normal text-serif-m layout-padded\">Andreas Helmersen stanget inn en redusering og Glimt kom fra dette med langt mer \u00e6re i behold enn det kunne blitt da vertene kj\u00f8rte kampen i andre omgang. <\/p>\n<p class=\"_paragraph_o9xde_4 _paragraph_xtcu6_10 layout-component text-serif-m layout-normal text-serif-m layout-padded\">For Glimt \u00f8dela personlige feil og misbrukte sjanser og to poeng er det bod\u00f8v\u00e6ringene har igjen etter tre kamper i Champions League. <\/p>\n","protected":false},"excerpt":{"rendered":"Med to m\u00e5neder igjen til jul har nordlandsnissen allerede v\u00e6rt p\u00e5 bes\u00f8k i Istanbul. Rapporterer fra Istanbul Oppdatert&hellip;\n","protected":false},"author":2,"featured_media":67524,"comment_status":"","ping_status":"","sticky":false,"template":"","format":"standard","meta":{"footnotes":""},"categories":[59],"tags":[517,706,3309,30,28,29,83,82],"class_list":{"0":"post-67523","1":"post","2":"type-post","3":"status-publish","4":"format-standard","5":"has-post-thumbnail","7":"category-sport","8":"tag-bodo-glimt","9":"tag-champions-league","10":"tag-kjetil-knutsen","11":"tag-no","12":"tag-norge","13":"tag-norway","14":"tag-sport","15":"tag-sports"},"share_on_mastodon":{"url":"","error":""},"_links":{"self":[{"href":"https:\/\/www.europesays.com\/no\/wp-json\/wp\/v2\/posts\/67523","targetHints":{"allow":["GET"]}}],"collection":[{"href":"https:\/\/www.europesays.com\/no\/wp-json\/wp\/v2\/posts"}],"about":[{"href":"https:\/\/www.europesays.com\/no\/wp-json\/wp\/v2\/types\/post"}],"author":[{"embeddable":true,"href":"https:\/\/www.europesays.com\/no\/wp-json\/wp\/v2\/users\/2"}],"replies":[{"embeddable":true,"href":"https:\/\/www.europesays.com\/no\/wp-json\/wp\/v2\/comments?post=67523"}],"version-history":[{"count":0,"href":"https:\/\/www.europesays.com\/no\/wp-json\/wp\/v2\/posts\/67523\/revisions"}],"wp:featuredmedia":[{"embeddable":true,"href":"https:\/\/www.europesays.com\/no\/wp-json\/wp\/v2\/media\/67524"}],"wp:attachment":[{"href":"https:\/\/www.europesays.com\/no\/wp-json\/wp\/v2\/media?parent=67523"}],"wp:term":[{"taxonomy":"category","embeddable":true,"href":"https:\/\/www.europesays.com\/no\/wp-json\/wp\/v2\/categories?post=67523"},{"taxonomy":"post_tag","embeddable":true,"href":"https:\/\/www.europesays.com\/no\/wp-json\/wp\/v2\/tags?post=67523"}],"curies":[{"name":"wp","href":"https:\/\/api.w.org\/{rel}","templated":true}]}}