{"id":67551,"date":"2025-10-22T22:22:11","date_gmt":"2025-10-22T22:22:11","guid":{"rendered":"https:\/\/www.europesays.com\/no\/67551\/"},"modified":"2025-10-22T22:22:11","modified_gmt":"2025-10-22T22:22:11","slug":"fylkestinget-har-gjort-et-viktig-og-nodvendig-valg-fvn-no","status":"publish","type":"post","link":"https:\/\/www.europesays.com\/no\/67551\/","title":{"rendered":"(+) Fylkestinget har gjort et viktig og n\u00f8dvendig valg &#8211; fvn.no"},"content":{"rendered":"<ol>\n<li><a href=\"https:\/\/news.google.com\/rss\/articles\/CBMihgFBVV95cUxPcFBjNHRqSFZJZmNYRFNpMlhwM2lzSnc0UWtMZk9pWHloTjJrMEVueDFoemRzSUNvSFIxamF3d0hhZVZvcVJnOGNzeml6QS1lR0U1MnVjS194MENSRm5UTUw3Zmp5dS1NbllabDdqa0tNbVd0eFdHUzQ2czh6WV9fbFdYSU16dw?oc=5\" target=\"_blank\" rel=\"nofollow noopener\">(+) Fylkestinget har gjort et viktig og n\u00f8dvendig valg<\/a>&nbsp;&nbsp;fvn.no<\/li>\n<li><a href=\"https:\/\/news.google.com\/rss\/articles\/CBMijwFBVV95cUxQUjBYaWtpbUhreTNyVDRFZmpid2F5OGVlY0U2MEsxdDkyMWhqUDh6c1ZSV2N0cEJNVmJnYWdjNlVLWnhhSkZJQTNqSnhLTUtSTGVoNjJoZ0haVzc5aDNLb3FYNS1OdVZ2amh6VGVEMUZKNG1TNnVYdm1VVUdYYndCNTZvajRDcW5rSkpRUkhlNA?oc=5\" target=\"_blank\" rel=\"nofollow noopener\">Ordf\u00f8rere skal f\u00f8lge avstemning i fylkestinget<\/a>&nbsp;&nbsp;NRK<\/li>\n<li><a href=\"https:\/\/news.google.com\/rss\/articles\/CBMijgFBVV95cUxOY2dEMW11ZUFoY0hDMS02VGQ5Rkd5c3ZtTnIzWVI5ZUxKeG81UnQ0R2FQLWc0RU9uTkZQWkdFMWZ2eW5ZMXB6QUNVc3lUeHhxZUlkRlVKVHczRU9scHVSdnVjcFVYN2ZnV2NPNUlQQmliT0pUUXFHNkVyZ0lTZ25lUDdNd0VXQ0l3bzNSMEdR?oc=5\" target=\"_blank\" rel=\"nofollow noopener\">(+) \u2013 Helt hull i hodet<\/a>&nbsp;&nbsp;agderposten.no<\/li>\n<li><a href=\"https:\/\/news.google.com\/rss\/articles\/CBMinAFBVV95cUxPMDV3UzNnV2QzN3hNMWU1d1ZDUE1IejJ3bUhfSFlzR1FlRXpHRDR4Q3c5Vl95TnU0bUZWV1BVQkxXUkVfdkxzQ0ZVZHMxNTZmWUozQ3hkTklhNmkycFBCY0cwTEJCdl9FSnJUOEdlbGtnbFBGZkFXbFM0YzNYX0pselRNdEs0WVJJVHMzYmxUVTdtZXBXS3hvaEFXZlQ?oc=5\" target=\"_blank\" rel=\"nofollow noopener\">\u00ab\u00c5 videref\u00f8re dagens 28 tannklinikker er rett og slett ikke lengre et alternativ\u00bb<\/a>&nbsp;&nbsp;lister24.no<\/li>\n<li><a href=\"https:\/\/news.google.com\/rss\/articles\/CBMiuwFBVV95cUxPVzM4Q2JfR0xtTzFRSmtjM1ZxN041cER3RUQyeThWV0tzcWprTlJHdDFFM054SjhVUGdBSjk5SFhxNks2Ulhoa0VGdEdVaTJpUlk1NUU4TmEyWjQycVhId0pjalJubngtTUVsN01kVEdMTUJVQ3pMdGxpY01qS0ZnSmlRUnpQMVlVOWlYbVpzVWs2aVVfclJUVWprdjVDRUdDMFhLeDFNdVYtbjFtYlBWZlU0UmpXNGFoMXVj?oc=5\" target=\"_blank\" rel=\"nofollow noopener\">Tannhelsetilbud, Flekkefjord | Kutter Kvinesdal og Sirdal: Vedtok \u00e5 sentralisere de offentlige tannklinikkene<\/a>&nbsp;&nbsp;Avisen Agder<\/li>\n<\/ol>\n","protected":false},"excerpt":{"rendered":"(+) Fylkestinget har gjort et viktig og n\u00f8dvendig valg&nbsp;&nbsp;fvn.no Ordf\u00f8rere skal f\u00f8lge avstemning i fylkestinget&nbsp;&nbsp;NRK (+) \u2013 Helt&hellip;\n","protected":false},"author":2,"featured_media":67552,"comment_status":"","ping_status":"","sticky":false,"template":"","format":"standard","meta":{"footnotes":""},"categories":[10],"tags":[4143,20,21,24,25,9616,15,22,23,13,30,28,29,14,16,9615,2661,26,27],"class_list":{"0":"post-67551","1":"post","2":"type-post","3":"status-publish","4":"format-standard","5":"has-post-thumbnail","7":"category-norge","8":"tag-bemanning","9":"tag-breaking-news","10":"tag-breakingnews","11":"tag-featured-news","12":"tag-featurednews","13":"tag-fylkestinget","14":"tag-headlines","15":"tag-latest-news","16":"tag-latestnews","17":"tag-news","18":"tag-no","19":"tag-norge","20":"tag-norway","21":"tag-nyheter","22":"tag-overskrifter","23":"tag-sentralisering","24":"tag-tilbud","25":"tag-top-stories","26":"tag-topstories"},"share_on_mastodon":{"url":"","error":""},"_links":{"self":[{"href":"https:\/\/www.europesays.com\/no\/wp-json\/wp\/v2\/posts\/67551","targetHints":{"allow":["GET"]}}],"collection":[{"href":"https:\/\/www.europesays.com\/no\/wp-json\/wp\/v2\/posts"}],"about":[{"href":"https:\/\/www.europesays.com\/no\/wp-json\/wp\/v2\/types\/post"}],"author":[{"embeddable":true,"href":"https:\/\/www.europesays.com\/no\/wp-json\/wp\/v2\/users\/2"}],"replies":[{"embeddable":true,"href":"https:\/\/www.europesays.com\/no\/wp-json\/wp\/v2\/comments?post=67551"}],"version-history":[{"count":0,"href":"https:\/\/www.europesays.com\/no\/wp-json\/wp\/v2\/posts\/67551\/revisions"}],"wp:featuredmedia":[{"embeddable":true,"href":"https:\/\/www.europesays.com\/no\/wp-json\/wp\/v2\/media\/67552"}],"wp:attachment":[{"href":"https:\/\/www.europesays.com\/no\/wp-json\/wp\/v2\/media?parent=67551"}],"wp:term":[{"taxonomy":"category","embeddable":true,"href":"https:\/\/www.europesays.com\/no\/wp-json\/wp\/v2\/categories?post=67551"},{"taxonomy":"post_tag","embeddable":true,"href":"https:\/\/www.europesays.com\/no\/wp-json\/wp\/v2\/tags?post=67551"}],"curies":[{"name":"wp","href":"https:\/\/api.w.org\/{rel}","templated":true}]}}