{"id":67553,"date":"2025-10-22T22:24:20","date_gmt":"2025-10-22T22:24:20","guid":{"rendered":"https:\/\/www.europesays.com\/no\/67553\/"},"modified":"2025-10-22T22:24:20","modified_gmt":"2025-10-22T22:24:20","slug":"sykdsomsdrama-for-molde-spiller-samukele-kabini-ble-hentet-av-ambulanse","status":"publish","type":"post","link":"https:\/\/www.europesays.com\/no\/67553\/","title":{"rendered":"Sykdsomsdrama for Molde-spiller Samukele Kabini \u2013 ble hentet av ambulanse"},"content":{"rendered":"\n<p class=\"_lead_o9xde_2 _lead_xtcu6_50 layout-component text-serif-m layout-normal text-serif-l layout-component layout-wide layout-padded _wide_17hqh_1 layout-padded\">Molde-backen Samukele Kabini (21) gikk glipp av helgens kamp mot Sandefjord p\u00e5 grunn av en allergisk reaksjon.<\/p>\n<p><img alt=\"Samukele Kabini (til v.) ble syk sist helg og gikk glipp av Moldes kamp mot Sandefjord.  Foto: Svein Ove Ekornesv\u00e5g \/ NTB\" class=\"_image_qp4xg_65 layout-component layout-wide\" data-fullscreen- data-track-element-type=\"Article image fullscreen\" data-track-name=\"ImageFullscreen\" fetchpriority=\"high\" decoding=\"sync\" loading=\"eager\" height=\"2512\" itemprop=\"image\"  src=\"https:\/\/www.europesays.com\/no\/wp-content\/uploads\/2025\/10\/fe5b0395-7cc8-49d3-8c8a-c89685157533\"  style=\"object-position:0% 0%\" width=\"3768\"\/>Samukele Kabini (til v.) ble syk sist helg og gikk glipp av Moldes kamp mot Sandefjord.  Foto: Svein Ove Ekornesv\u00e5g \/ NTB<\/p>\n<ul aria-hidden=\"true\" class=\"_images_18f0k_111\">\n<li><a class=\"_link_18f0k_116\" href=\"https:\/\/www.vg.no\/forfatter\/ntb\" style=\"z-index:1\" title=\"NTB\" rel=\"nofollow noopener\" target=\"_blank\"><img alt=\"Bilde av NTB\" class=\"_image_18f0k_93\" fetchpriority=\"low\" loading=\"lazy\" decoding=\"async\" itemprop=\"image\"  src=\"https:\/\/www.europesays.com\/no\/wp-content\/uploads\/2025\/10\/1761171860_118_c33980b0-5d07-4027-84a1-813f90a7c8d6\"  width=\"480\"\/><\/a><\/li>\n<\/ul>\n<p> Oppdatert onsdag 22. oktober kl. 16:18     <\/p>\n<p class=\"_paragraph_o9xde_4 _paragraph_xtcu6_10 layout-component text-serif-m layout-normal text-serif-m layout-padded\"> Det er <a href=\"https:\/\/www.rbnett.no\/sport\/moldefk\/n\/B05r6v\/molde-spiller-til-sjukehus-i-ambulanse\" class=\"_link_o9xde_39\" rel=\"nofollow noopener\" target=\"_blank\">Romsdals Budstikke<\/a> som forteller om den skremmende opplevelsen 21-\u00e5ringen hadde i helgen. Kabini ble d\u00e5rlig etter et m\u00e5ltid sammen med lagkamerater, og noen dramatiske timer ventet.<\/p>\n<p class=\"_paragraph_o9xde_4 _paragraph_xtcu6_10 layout-component text-serif-m layout-normal text-serif-m layout-padded\">\u2013 Jeg var p\u00e5 bes\u00f8k hos noen venner og f\u00f8lte meg rar etter at vi spiste middag. Etter at jeg kom hjem, ble jeg enda d\u00e5rligere. Da skj\u00f8nte jeg at noe var galt. Jeg ble ganske redd og ringte til klubbens doktor, sier s\u00f8rafrikaneren til avisen.<\/p>\n<p class=\"_paragraph_o9xde_4 _paragraph_xtcu6_10 layout-component text-serif-m layout-normal text-serif-m layout-padded\">Kabini ble unders\u00f8kt av klubblege Martin Engeland, som ringte etter ambulanse. Spilleren ble fraktet til Sjukehuset Nordm\u00f8re og Romsdal, der han ble over natten.<\/p>\n<p class=\"_paragraph_o9xde_4 _paragraph_xtcu6_10 layout-component text-serif-m layout-normal text-serif-m layout-padded\">Han opplevde blant annet at ansiktet hovnet kraftig opp, at det kl\u00f8dde flere steder p\u00e5 huden, og at han fikk vansker med \u00e5 puste. \u00c5rsaken var n\u00f8tteallergi.<\/p>\n<p class=\"_paragraph_o9xde_4 _paragraph_xtcu6_10 layout-component text-serif-m layout-normal text-serif-m layout-padded\">\u2013 Jeg skj\u00f8nte at det m\u00e5tte v\u00e6re n\u00f8tter. Jeg fikk p\u00e5vist n\u00f8tteallergi da jeg var liten gutt, og jeg hadde en lignende reaksjon for cirka ti \u00e5r siden. Jeg er veldig forsiktig med hva jeg spiser, men de som laget maten n\u00e5 visste ikke at jeg var allergisk. Vi spiste bare kylling og ris, men det var litt pean\u00f8tter i sausen uten at jeg merket det. Jeg m\u00e5 v\u00e6re enda mer forsiktig framover slik at dette ikke skjer igjen, sier Kabini.<\/p>\n<p class=\"_paragraph_o9xde_4 _paragraph_xtcu6_10 layout-component text-serif-m layout-normal text-serif-m layout-padded\">Han var tilbake p\u00e5 Molde-trening onsdag og melder seg klar til kommende helgs bortekamp mot Bod\u00f8\/Glimt.<\/p>\n<p class=\"_paragraph_o9xde_4 _paragraph_xtcu6_10 layout-component text-serif-m layout-normal text-serif-m layout-padded\">Molde tapte 1-3 hjemme for Sandefjord uten Kabini. Venstrebacken har spilt 14 eliteserie- og fem cupkamper for Molde i \u00e5r.<\/p>\n","protected":false},"excerpt":{"rendered":"Molde-backen Samukele Kabini (21) gikk glipp av helgens kamp mot Sandefjord p\u00e5 grunn av en allergisk reaksjon. Samukele&hellip;\n","protected":false},"author":2,"featured_media":67554,"comment_status":"","ping_status":"","sticky":false,"template":"","format":"standard","meta":{"footnotes":""},"categories":[59],"tags":[134,869,30,28,29,83,82],"class_list":{"0":"post-67553","1":"post","2":"type-post","3":"status-publish","4":"format-standard","5":"has-post-thumbnail","7":"category-sport","8":"tag-eliteserien","9":"tag-molde-fk","10":"tag-no","11":"tag-norge","12":"tag-norway","13":"tag-sport","14":"tag-sports"},"share_on_mastodon":{"url":"","error":""},"_links":{"self":[{"href":"https:\/\/www.europesays.com\/no\/wp-json\/wp\/v2\/posts\/67553","targetHints":{"allow":["GET"]}}],"collection":[{"href":"https:\/\/www.europesays.com\/no\/wp-json\/wp\/v2\/posts"}],"about":[{"href":"https:\/\/www.europesays.com\/no\/wp-json\/wp\/v2\/types\/post"}],"author":[{"embeddable":true,"href":"https:\/\/www.europesays.com\/no\/wp-json\/wp\/v2\/users\/2"}],"replies":[{"embeddable":true,"href":"https:\/\/www.europesays.com\/no\/wp-json\/wp\/v2\/comments?post=67553"}],"version-history":[{"count":0,"href":"https:\/\/www.europesays.com\/no\/wp-json\/wp\/v2\/posts\/67553\/revisions"}],"wp:featuredmedia":[{"embeddable":true,"href":"https:\/\/www.europesays.com\/no\/wp-json\/wp\/v2\/media\/67554"}],"wp:attachment":[{"href":"https:\/\/www.europesays.com\/no\/wp-json\/wp\/v2\/media?parent=67553"}],"wp:term":[{"taxonomy":"category","embeddable":true,"href":"https:\/\/www.europesays.com\/no\/wp-json\/wp\/v2\/categories?post=67553"},{"taxonomy":"post_tag","embeddable":true,"href":"https:\/\/www.europesays.com\/no\/wp-json\/wp\/v2\/tags?post=67553"}],"curies":[{"name":"wp","href":"https:\/\/api.w.org\/{rel}","templated":true}]}}