{"id":67555,"date":"2025-10-22T22:29:10","date_gmt":"2025-10-22T22:29:10","guid":{"rendered":"https:\/\/www.europesays.com\/no\/67555\/"},"modified":"2025-10-22T22:29:10","modified_gmt":"2025-10-22T22:29:10","slug":"det-blir-vatt","status":"publish","type":"post","link":"https:\/\/www.europesays.com\/no\/67555\/","title":{"rendered":"&#8211; Det blir v\u00e5tt"},"content":{"rendered":"<p class=\"kicker \" style=\"\">V\u00e6ret:<\/p>\n<p>  Mer regn i vente for S\u00f8r- og \u00d8stlandet. Meteorologen ber folk sjekke slukene og advarer om v\u00e6romslag i nord.<\/p>\n<p>\n    LAVTRYKK: Meteorolog Rafael Escobar L\u00f8vdahl sier at det er et ordentlig h\u00f8stv\u00e6r som preger landet for tida. Foto: Bj\u00f8rn Langsem \/ Dagbladet\n  <\/p>\n<p>    Kort fortalt<\/p>\n<ul lang=\"nb-NO\">\n<li>Meteorologene melder at nedb\u00f8ren fortsetter p\u00e5 \u00d8st- og S\u00f8rlandet.<\/li>\n<li>Det er et lavtrykk som ligger vest for landet som har skylden for at det pumpes mild og fuktig luft innover landet.<\/li>\n<li>Fredag ventes det spesielt mye regn p\u00e5 \u00d8st- og S\u00f8rlandet, og vindfulle forhold p\u00e5 nordvestlandet.<\/li>\n<li>I Nord-Norge varsles det om v\u00e6romslag fra vinter til mildv\u00e6r, noe som gir glatte veier.<\/li>\n<\/ul>\n<p class=\"italic ai-disclaimer\" data-lab-italic=\"italic\">Sammendraget er laget av ChatGPT og godkjent av Dagbladet.<\/p>\n<p>      Vis mer<br \/>\n      Vis mindre<\/p>\n<p>Meteorolog i Meteorologisk institutt, Rafael Escobar L\u00f8vdahl, opplyser til Dagbladet at\u00a0det v\u00e5te v\u00e6ret som har preget spesielt \u00d8st- og S\u00f8rlandet det siste d\u00f8gnet, f\u00e5r fortsette noen dager til.\u00a0<\/p>\n<p>&#8211; N\u00e5 er det ordentlig h\u00f8st, og det er som forventet, sier han.\u00a0<\/p>\n<p>Fra mandag kveld og gjennom tirsdagen gjaldt det et gult farevarsel for deler av Telemark og Agder.\u00a0<\/p>\n<p>L\u00f8vdahl opplyser at det var ogs\u00e5 her det kom mest nedb\u00f8r, mellom 60 og 80 millimeter nedb\u00f8r.\u00a0<\/p>\n<blockquote class=\"twitter-tweet\">\n<p lang=\"no\" dir=\"ltr\">Mykje nedb\u00f8r \u00d8stafjells i g\u00e5r \u2614 Det gule farevarselet er no avslutta. <br \/>I kartet ser de kor mykje som kom p\u00e5 utvalde stasjonar fr\u00e5 kl. 0800 tysdag til kl. 0800 onsdag. <a href=\"https:\/\/t.co\/BJiTiTrs98\" rel=\"nofollow\">pic.twitter.com\/BJiTiTrs98<\/a><\/p>\n<p>\u2014 Meteorologene (@Meteorologene) <a href=\"https:\/\/twitter.com\/Meteorologene\/status\/1980902718915924445?ref_src=twsrc%5Etfw\" rel=\"nofollow noopener\" target=\"_blank\">October 22, 2025<\/a><\/p><\/blockquote>\n<p>Lavtrykksdominert\t<\/p>\n<p>L\u00f8vdahl r\u00f8per at det er ventet en bedring i v\u00e6ret, men at fredagen igjen vil by p\u00e5 s\u00e6rlige v\u00e5te forhold.\u00a0<\/p>\n<p>Det er lavtrykket som ligger vest for landet som dominerer og som har skylda for at det pumpes fuktig og mild luft inn over landet.\u00a0<\/p>\n<p>        RYBNIK, POLEN: S\u00f8ndag 20. oktober slo et team fra det polske sportsfiskeakademiet fiskerekord da de halte i land en gigantisk malle p\u00e5 2,95 meter. Video: Polska Akademia W\u0119dkarska. Reporter: Christina H. Korneliussen<\/p>\n<p> I tillegg ligger det et lavtrykk i Barentshavet, mellom Spitsbergen og Nord-Norge, som preger nordlige deler av landet. <\/p>\n<p class=\"font-weight-bold m-font-weight-bold\" data-lab-font_weight=\"font-weight-bold\">&#8211; Sammenliknet med i g\u00e5r, blir det lettere v\u00e6r i S\u00f8r-Norge. V\u00e5test vil det bli p\u00e5 \u00d8stlandet og S\u00f8rlandet, f\u00f8r vi f\u00e5r en bedring i morgen, torsdag.\u00a0<\/p>\n<p>Da sp\u00e5s v\u00e6rvinneren \u00e5 bli Vestlandet, kanskje spesielt nordlige deler, der det er ventet mindre nedb\u00f8r og at sola kan titte fram.\u00a0<\/p>\n<p>          <img loading=\"lazy\" decoding=\"async\" src=\"https:\/\/www.europesays.com\/no\/wp-content\/uploads\/2025\/10\/1761172149_301_83756505.webp\" width=\"686\" height=\"392\" title=\"S\u00d8R-NORGE: Nedb\u00f8rprognosen for fredag ettermiddag. Jo m\u00f8rkere farge, jo mer nedb\u00f8r er varslet. Foto: Skjermdump \/ Meteored\" alt=\"\" class=\"\" style=\"--aspect-ratio-image: 1.75; \"\/><\/p>\n<p>\n          S\u00d8R-NORGE: Nedb\u00f8rprognosen for fredag ettermiddag. Jo m\u00f8rkere farge, jo mer nedb\u00f8r er varslet. Foto: Skjermdump \/ Meteored\n      <\/p>\n<p>&#8211; Det blir v\u00e5tt igjen p\u00e5 fredag, og igjen er det s\u00e6rlig \u00d8stlandet og S\u00f8rlandet som rammes. Men det kommer ogs\u00e5 nedb\u00f8r i vest. I tillegg kan det bli ganske vindfullt p\u00e5 Nordvestlandet, sier meteorologen, som ber trafikanter om \u00e5 v\u00e6re oppmerksom p\u00e5 vanndammer som samles opp i veibanen.\u00a0<\/p>\n<p class=\"font-weight-bold m-font-weight-bold\" data-lab-font_weight=\"font-weight-bold\">&#8211; Det kan v\u00e6re fare for vannplaning, s\u00e5 pass p\u00e5 farten og kj\u00f8r etter forholdene, sier han.\u00a0<\/p>\n<p>    <a itemprop=\"url\" href=\"https:\/\/www.dagbladet.no\/nyheter\/ransdomt-saksokte-banken-og-vant\/83601062\" rel=\"nofollow noopener\" target=\"_blank\"><\/p>\n<p>      <img loading=\"lazy\" decoding=\"async\" src=\"https:\/\/www.europesays.com\/no\/wp-content\/uploads\/2025\/10\/1761172149_12_83617887.webp\" width=\"980\" height=\"441\" title=\"Ransd\u00f8mt saks\u00f8kte banken og vant\" alt=\"\" class=\"lazyload\" style=\"--aspect-ratio-image: 2.22; \"\/><\/p>\n<p>        Ransd\u00f8mt saks\u00f8kte banken og vant<\/p>\n<p>    <\/a><\/p>\n<p>L\u00f8vdahl kommer ogs\u00e5 med oppfordringen om \u00e5 sjekke slukene:\u00a0<\/p>\n<p>&#8211; Vi har hatt en del l\u00f8vfall, og det kan v\u00e6re greit \u00e5 sjekke at sluk og ledninger ikke er tette slik at vannet f\u00f8res vekk fra hus. I tillegg kan det v\u00e6re greit \u00e5 sjekke b\u00e5ten som man har f\u00e5tt p\u00e5 land, om presenningen er festet stramt og godt, sier han.\u00a0<\/p>\n<blockquote class=\"twitter-tweet\">\n<p lang=\"no\" dir=\"ltr\">Kort solpause i deler av S\u00f8r-Norge torsdag \ud83c\udf1e, men p\u00e5 fredag snur v\u00e6ret: regn \u00d8stafjells, vind p\u00e5 Nordvestlandet, og Tr\u00f8ndelag f\u00e5r regn senere \ud83c\udf27\ufe0f\ud83d\udca8 <a href=\"https:\/\/t.co\/GOIUfW5xOs\" rel=\"nofollow\">pic.twitter.com\/GOIUfW5xOs<\/a><\/p>\n<p>\u2014 Meteorologene (@Meteorologene) <a href=\"https:\/\/twitter.com\/Meteorologene\/status\/1980949280723497301?ref_src=twsrc%5Etfw\" rel=\"nofollow noopener\" target=\"_blank\">October 22, 2025<\/a><\/p><\/blockquote>\n<p>    <a itemprop=\"url\" href=\"https:\/\/www.dagbladet.no\/nyheter\/her-startet-braket\/83750316\" rel=\"nofollow noopener\" target=\"_blank\"><\/p>\n<p>      <img loading=\"lazy\" decoding=\"async\" src=\"https:\/\/www.europesays.com\/no\/wp-content\/uploads\/2025\/10\/1761172150_894_83751434.webp\" width=\"980\" height=\"441\" title=\"Her startet br\u00e5ket\" alt=\"\" class=\"lazyload\" style=\"--aspect-ratio-image: 2.22; \"\/><\/p>\n<p>        Her startet br\u00e5ket<\/p>\n<p>    <\/a><\/p>\n<p>Advarer\t<\/p>\n<p class=\"font-weight-bold m-font-weight-bold\" data-lab-font_weight=\"font-weight-bold\">Samtidig r\u00e5der det en annen v\u00e6rsituasjon i Nord-Norge. Det gj\u00f8r at meteorologen kommer med en advarsel som f\u00f8lge av et v\u00e6romslag.\u00a0<\/p>\n<p>&#8211; I nord har det v\u00e6rt full vinter, men n\u00e5 kommer v\u00e6romslaget til mildv\u00e6r. Det blir glatt og vanskelige kj\u00f8reforhold, og omslaget er ventet i l\u00f8pet av dagen. Allerede har det begynt \u00e5 trekke nedb\u00f8r inn over landsdelen, sier L\u00f8vdahl.\u00a0<\/p>\n<p>Meteorologisk institutt har delt innlegg de siste dagene som viser sn\u00f8rike og vinterlige forhold i nord. If\u00f8lge L\u00f8vdahl, som har sjekket hvor mye sn\u00f8 som har kommet, er det ikke uvanlige sn\u00f8mengder som har falt i landsdelen.\u00a0<\/p>\n<p>&#8211; Sn\u00f8mengdene vi har sett i nord p\u00e5 denne tida er ikke et uvanlig syn, sier han.\u00a0<\/p>\n<blockquote class=\"twitter-tweet\">\n<p lang=\"no\" dir=\"ltr\">Vervarslinga i Nord-Norge i Troms\u00f8 rapporterer om rundt 20 cm sn\u00f8 og et nydelig eventyrlandskap rett utenfor d\u00f8ren i dag \u2744\ufe0f\ud83d\ude0d Nyt dagen, for sn\u00f8en vil ikke bli liggende s\u00e5 veldig lenge denne gangen \u2603\ufe0f<br \/>\ud83d\udccdEirin Walstad Ristesund, MET. <a href=\"https:\/\/t.co\/TLDQvPx4AF\" rel=\"nofollow\">pic.twitter.com\/TLDQvPx4AF<\/a><\/p>\n<p>\u2014 Meteorologene (@Meteorologene) <a href=\"https:\/\/twitter.com\/Meteorologene\/status\/1980543901363532072?ref_src=twsrc%5Etfw\" rel=\"nofollow noopener\" target=\"_blank\">October 21, 2025<\/a><\/p><\/blockquote>\n<p><script async src=\"https:\/\/platform.twitter.com\/widgets.js\" charset=\"utf-8\"><\/script><\/p>\n","protected":false},"excerpt":{"rendered":"V\u00e6ret: Mer regn i vente for S\u00f8r- og \u00d8stlandet. Meteorologen ber folk sjekke slukene og advarer om v\u00e6romslag&hellip;\n","protected":false},"author":2,"featured_media":67556,"comment_status":"","ping_status":"","sticky":false,"template":"","format":"standard","meta":{"footnotes":""},"categories":[10],"tags":[20,21,24,25,15,2539,22,23,13,30,28,29,14,16,26,27,387],"class_list":{"0":"post-67555","1":"post","2":"type-post","3":"status-publish","4":"format-standard","5":"has-post-thumbnail","7":"category-norge","8":"tag-breaking-news","9":"tag-breakingnews","10":"tag-featured-news","11":"tag-featurednews","12":"tag-headlines","13":"tag-innenriks","14":"tag-latest-news","15":"tag-latestnews","16":"tag-news","17":"tag-no","18":"tag-norge","19":"tag-norway","20":"tag-nyheter","21":"tag-overskrifter","22":"tag-top-stories","23":"tag-topstories","24":"tag-vaeret"},"share_on_mastodon":{"url":"","error":""},"_links":{"self":[{"href":"https:\/\/www.europesays.com\/no\/wp-json\/wp\/v2\/posts\/67555","targetHints":{"allow":["GET"]}}],"collection":[{"href":"https:\/\/www.europesays.com\/no\/wp-json\/wp\/v2\/posts"}],"about":[{"href":"https:\/\/www.europesays.com\/no\/wp-json\/wp\/v2\/types\/post"}],"author":[{"embeddable":true,"href":"https:\/\/www.europesays.com\/no\/wp-json\/wp\/v2\/users\/2"}],"replies":[{"embeddable":true,"href":"https:\/\/www.europesays.com\/no\/wp-json\/wp\/v2\/comments?post=67555"}],"version-history":[{"count":0,"href":"https:\/\/www.europesays.com\/no\/wp-json\/wp\/v2\/posts\/67555\/revisions"}],"wp:featuredmedia":[{"embeddable":true,"href":"https:\/\/www.europesays.com\/no\/wp-json\/wp\/v2\/media\/67556"}],"wp:attachment":[{"href":"https:\/\/www.europesays.com\/no\/wp-json\/wp\/v2\/media?parent=67555"}],"wp:term":[{"taxonomy":"category","embeddable":true,"href":"https:\/\/www.europesays.com\/no\/wp-json\/wp\/v2\/categories?post=67555"},{"taxonomy":"post_tag","embeddable":true,"href":"https:\/\/www.europesays.com\/no\/wp-json\/wp\/v2\/tags?post=67555"}],"curies":[{"name":"wp","href":"https:\/\/api.w.org\/{rel}","templated":true}]}}