{"id":67577,"date":"2025-10-22T22:52:15","date_gmt":"2025-10-22T22:52:15","guid":{"rendered":"https:\/\/www.europesays.com\/no\/67577\/"},"modified":"2025-10-22T22:52:15","modified_gmt":"2025-10-22T22:52:15","slug":"sv-anklager-ap-for-a-skjule-spor-en-storopprydning","status":"publish","type":"post","link":"https:\/\/www.europesays.com\/no\/67577\/","title":{"rendered":"SV anklager Ap for \u00e5 skjule spor: \u2013 En storopprydning"},"content":{"rendered":"\n<p class=\"_lead_o9xde_2 _lead_xtcu6_50 layout-component text-serif-m layout-normal text-serif-l layout-component layout-wide layout-padded _wide_17hqh_1 layout-padded\">F\u00f8rst gikk Arbeiderpartiet til valg p\u00e5 at barnetrygden ikke skulle trekkes fra sosialhjelpen. N\u00e5 er l\u00f8ftet fjernet fra nettsiden \u2013 og kuttet foresl\u00e5tt i statsbudsjettet.<\/p>\n<p><img alt=\" Foto: Siv Dolmen\" class=\"_image_qp4xg_65 layout-component layout-wide\" data-fullscreen- data-track-element-type=\"Article image fullscreen\" data-track-name=\"ImageFullscreen\" fetchpriority=\"high\" decoding=\"sync\" loading=\"eager\" height=\"4333\" itemprop=\"image\"  src=\"https:\/\/www.europesays.com\/no\/wp-content\/uploads\/2025\/10\/59637b81-da4c-4b6d-a709-d278fcc99e04\"  style=\"object-position:0% 0%\" width=\"6500\"\/> Foto: Siv Dolmen<\/p>\n<ul aria-hidden=\"true\" class=\"_images_18f0k_111\">\n<li><a class=\"_link_18f0k_116\" href=\"https:\/\/www.vg.no\/forfatter\/marie-dreyer-bakken\" style=\"z-index:1\" title=\"Marie Dreyer Bakken\" rel=\"nofollow noopener\" target=\"_blank\"><img alt=\"Bilde av Marie Dreyer Bakken\" class=\"_image_18f0k_93\" fetchpriority=\"low\" loading=\"lazy\" decoding=\"async\" itemprop=\"image\"  src=\"https:\/\/www.europesays.com\/no\/wp-content\/uploads\/2025\/10\/1761173534_337_a58fd05d-9a13-4704-bd0c-ffb8040bb859\"  width=\"480\"\/><\/a><\/li>\n<\/ul>\n<p> Oppdatert tirsdag 21. oktober kl. 20:51     <\/p>\n<p class=\"_paragraph_o9xde_4 _paragraph_xtcu6_10 layout-component text-serif-m layout-normal text-serif-m layout-padded\">\u2013 N\u00e5 har de endret p\u00e5 nettsiden sin for \u00e5 skjule sporene. Folk skal ikke f\u00f8res bak lyset p\u00e5 denne m\u00e5ten, sier sier SV-leder <a href=\"https:\/\/www.vg.no\/tag\/kirsti-bergstoe?utm_source=vg-article&amp;utm_medium=auto-tagger&amp;utm_campaign=kw46zL\" class=\"_link_o9xde_39\" rel=\"nofollow noopener\" target=\"_blank\">Kirsti Bergst\u00f8<\/a> til VG. <\/p>\n<p class=\"_paragraph_o9xde_4 _paragraph_xtcu6_10 layout-component text-serif-m layout-normal text-serif-m layout-padded\">Saken starter med dette:<\/p>\n<ul class=\"_list_o9xde_3 _list_xtcu6_9 _unordered_o9xde_106 layout-component text-serif-m layout-normal text-serif-m layout-padded\">\n<li class=\"_item_o9xde_30\">I 2021 fikk SV gjennomslag for en endring i sosialtjenesteloven.<\/li>\n<li class=\"_item_o9xde_30\">Endringen sikret at barnetrygdbarnetrygdBarnetrygd er en \u00f8konomisk st\u00f8tte som gis til foreldre for \u00e5 bidra til kostnadene ved \u00e5 oppdra barn. ble holdt utenfor ved beregning av \u00f8konomisk sosialhjelp\u00f8konomisk sosialhjelp\u00d8konomisk sosialhjelp er en midlertidig \u00f8konomisk st\u00f8tte som gis til personer eller familier som ikke kan fors\u00f8rge seg selv gjennom arbeid eller andre inntektskilder. fra 1. september 2022. <\/li>\n<li class=\"_item_o9xde_30\">Ogs\u00e5 Arbeiderpartiet har skrytt av lovendringen og profilert den p\u00e5 egen nettside.  <\/li>\n<\/ul>\n<p class=\"_paragraph_o9xde_4 _paragraph_xtcu6_10 layout-component text-serif-m layout-normal text-serif-m layout-padded\">Men i budsjettforslaget for 2026 foresl\u00e5r regjeringenforesl\u00e5r regjeringenForslagets ordlyd er som f\u00f8lger: &laquo;Utm\u00e5ling av \u00f8konomisk st\u00f8nad \u2013 Regjeringa<br \/>\nforesl\u00e5r \u00e5 auke dei statleg rettleiande satsane. Dette gjeld s\u00e6rleg satsar for barn. Samtidig blir det foresl\u00e5tt \u00e5 fjerne f\u00f8resegna om at ein skal sj\u00e5 bort fr\u00e5 barnetrygd ved vurdering av s\u00f8knad om \u00f8konomisk st\u00f8nad. Samla sett er endringane provenyn\u00f8ytrale.&raquo; \u00e5 fjerne forskriften om at barnetrygden skal bli sett bort fra i beregningen.<\/p>\n<p class=\"_paragraph_o9xde_4 _paragraph_xtcu6_10 layout-component text-serif-m layout-normal text-serif-m layout-padded\">Det betyr i praksis at barnefamilier som mottar barnetrygd kan f\u00e5 mindre penger i sosialhjelp. <\/p>\n<p class=\"_paragraph_o9xde_4 _paragraph_xtcu6_10 layout-component text-serif-m layout-normal text-serif-m layout-padded\"><strong class=\"_strong_o9xde_25\">Men saken stopper ikke der. <\/strong><\/p>\n<p class=\"_paragraph_o9xde_4 _paragraph_xtcu6_10 layout-component text-serif-m layout-normal text-serif-m layout-padded\">For kun noen dager siden sto det fortsatt at \u00abbarnetrygden <strong class=\"_strong_o9xde_25\">ikke<\/strong> skal telle med ved beregning av sosialhjelp\u00bb p\u00e5 Arbeiderpartiets nettside:<\/p>\n<p><img alt=\"Foto: Skjermdump\" class=\"_image_qp4xg_65 layout-component layout-normal\" data-fullscreen- data-track-element-type=\"Article image fullscreen\" data-track-name=\"ImageFullscreen\" decoding=\"async\" loading=\"lazy\" height=\"1021\" itemprop=\"image\"  src=\"https:\/\/www.europesays.com\/no\/wp-content\/uploads\/2025\/10\/f320234b-8f46-4f05-b9db-26322b8a7c88\"  style=\"object-position:0% 0%\" width=\"1600\"\/>Foto: Skjermdump<\/p>\n<p class=\"_paragraph_o9xde_4 _paragraph_xtcu6_10 layout-component text-serif-m layout-normal text-serif-m layout-padded\">SV <a href=\"https:\/\/www.vl.no\/nyheter\/ap-reklamerer-med-sv-seier-som-de-selv-kutter-i-budsjettet\/10010557\" class=\"_link_o9xde_39\" rel=\"nofollow noopener\" target=\"_blank\">gikk derfor ut i V\u00e5rt Land<\/a> og kritiserte Ap for at de reklamerer med noe de kutter.<\/p>\n<p class=\"_paragraph_o9xde_4 _paragraph_xtcu6_10 layout-component text-serif-m layout-normal text-serif-m layout-padded\">Men tirsdag morgen ser partiets nettside annerledes ut:<\/p>\n<p><img alt=\"Foto: Skjermdump\" class=\"_image_qp4xg_65 layout-component layout-normal\" data-fullscreen- data-track-element-type=\"Article image fullscreen\" data-track-name=\"ImageFullscreen\" decoding=\"async\" loading=\"lazy\" height=\"350\" itemprop=\"image\"  src=\"https:\/\/www.europesays.com\/no\/wp-content\/uploads\/2025\/10\/5f88bca3-07f9-4108-815e-705227417284\"  style=\"object-position:0% 0%\" width=\"1600\"\/>Foto: Skjermdump<\/p>\n<p class=\"_paragraph_o9xde_4 _paragraph_xtcu6_10 layout-component text-serif-m layout-normal text-serif-m layout-padded\">\u2013 Det vi ser n\u00e5 er en storopprydning p\u00e5 nettsiden, mener SV-lederen. <\/p>\n<p class=\"_paragraph_o9xde_4 _paragraph_xtcu6_10 layout-component text-serif-m layout-normal text-serif-m layout-padded\">Under partiets side <a href=\"https:\/\/www.arbeiderpartiet.no\/aktuelt\/ap-regjeringens-resultater\/\" class=\"_link_o9xde_39\" rel=\"nofollow noopener\" target=\"_blank\">\u00abRegjeringens resultater\u00bb<\/a> beskriver de imidlertid lovendringen fortsatt som <strong class=\"_strong_o9xde_25\">\u00e9n av de viktigste sakene<\/strong> Ap har levert i regjering: <\/p>\n<p class=\"_paragraph_o9xde_4 _paragraph_xtcu6_10 layout-component text-serif-m layout-normal text-serif-m layout-padded\">\u00abBarnetrygden holdes ogs\u00e5 utenfor ved beregning av \u00f8konomisk sosialhjelp\u00bb. <\/p>\n<p><img alt=\"Foto: Skjerdump\" class=\"_image_qp4xg_65 layout-component layout-normal\" data-fullscreen- data-track-element-type=\"Article image fullscreen\" data-track-name=\"ImageFullscreen\" decoding=\"async\" loading=\"lazy\" height=\"152\" itemprop=\"image\"  src=\"https:\/\/www.europesays.com\/no\/wp-content\/uploads\/2025\/10\/1cec30ff-9500-4049-abac-536419080556\"  style=\"object-position:0% 0%\" width=\"759\"\/>Foto: Skjerdump<\/p>\n<p class=\"_paragraph_o9xde_4 _paragraph_xtcu6_10 layout-component text-serif-m layout-normal text-serif-m layout-padded\">\u2013 De har skrytt veldig av \u00f8kning av barnetryden og fremstilt det som sin egen seier, sier Bergst\u00f8. <\/p>\n<p class=\"_paragraph_o9xde_4 _paragraph_xtcu6_10 layout-component text-serif-m layout-normal text-serif-m layout-padded\">Hun mener forslaget b\u00f8r trekkes tilbake. <\/p>\n<p class=\"_paragraph_o9xde_4 _paragraph_xtcu6_10 layout-component text-serif-m layout-normal text-serif-m layout-padded\">\u2013 De fjerner en rettighet for de aller fattigste familiene. <\/p>\n<p class=\"_paragraph_o9xde_4 _paragraph_xtcu6_10 layout-component text-serif-m layout-normal text-serif-m layout-padded\">\u2013 Dette er et m\u00e5lrettet kutt mot de som har d\u00e5rlig r\u00e5d. N\u00e5r St\u00f8re skryter av at barnetrygda er \u00f8kt til v\u00e5rt h\u00f8yeste niv\u00e5, noe SV har presset frem, skal ikke det bety kutt fra de aller fattigste. Det er dypt usosialt. <\/p>\n<p class=\"_paragraph_o9xde_4 _paragraph_xtcu6_10 layout-component text-serif-m layout-normal text-serif-m layout-padded\">\u2013 Dette er et soleklart l\u00f8ftebrudd. Her har de g\u00e5tt til valg p\u00e5 SVs gjennomslag, mens de har laget et statsbudsjett der det er fjernet, mener Bergst\u00f8. <\/p>\n<p class=\"_paragraph_o9xde_4 _paragraph_xtcu6_10 layout-component text-serif-m layout-normal text-serif-m layout-padded\">Arbeids- og inkluderingsminister Kjersti Stenseng (Ap) svarer at regjeringen i statsbudsjettet for 2026 \u00abforesl\u00e5r nye veiledende satser for sosialhjelp\u00bb.<\/p>\n<p class=\"_paragraph_o9xde_4 _paragraph_xtcu6_10 layout-component text-serif-m layout-normal text-serif-m layout-padded\">\u2014 Forslaget til regjeringen inneb\u00e6rer \u00e5 \u00f8ke de veiledende satsene, s\u00e6rlig for barn. Samtidig foresl\u00e5r vi \u00e5 fjerne bestemmelsen som sier at barnetrygden skal holdes utenfor sosialhjelpen. De veiledende satsene for barn legges p\u00e5 det SIFO anbefaler. Kommunene skal fortsette \u00e5 gj\u00f8re individuelle vurderinger av hver enkelt s\u00f8knad om sosialhjelp i hvert enkelt tilfelle. De fleste f\u00e5r sosialhjelp i kort tid, og barns behov skal selvsagt veie tungt i hver enkelt vurdering.<\/p>\n<p class=\"_paragraph_o9xde_4 _paragraph_xtcu6_10 layout-component text-serif-m layout-normal text-serif-m layout-padded\">VG har tirsdag ettermiddag ogs\u00e5 sendt kritikken til St\u00f8res statssekret\u00e6r Kristoffer Thoner, i tillegg til flere sp\u00f8rsm\u00e5l, blant annet om hvorfor Ap foresl\u00e5r \u00e5 fjerne forskriften som de selv har skrytt av og hvorfor nettsiden er endret, men har s\u00e5 langt ikke f\u00e5tt svar.<\/p>\n<p class=\"_paragraph_o9xde_4 _paragraph_xtcu6_10 layout-component text-serif-m layout-normal text-serif-m layout-padded\">Arbeiderpartiets pressesjef Per Anders Torvik Langer\u00f8d opplyser p\u00e5 SMS til VG at det ikke vil bli svart mer utover hva Stenseng allerede har svart.<\/p>\n<p class=\"_paragraph_o9xde_4 _paragraph_xtcu6_10 layout-component text-serif-m layout-normal text-serif-m layout-padded\"><strong class=\"_strong_o9xde_25\">Les ogs\u00e5:<\/strong> <a href=\"https:\/\/www.vg.no\/nyheter\/i\/JbVe5R\/budsjett-2026-regjeringen-kutter-i-flere-barnefamilieordninger\" data-track-element-type=\"Link\" data-track-id=\"link:JbVe5R\" class=\"_link_o9xde_39\" rel=\"nofollow noopener\" target=\"_blank\">SV og R\u00f8dt: &#8211; M\u00e5lrettede kutt mot barnefamiliene<\/a> <\/p>\n","protected":false},"excerpt":{"rendered":"F\u00f8rst gikk Arbeiderpartiet til valg p\u00e5 at barnetrygden ikke skulle trekkes fra sosialhjelpen. N\u00e5 er l\u00f8ftet fjernet fra&hellip;\n","protected":false},"author":2,"featured_media":67578,"comment_status":"","ping_status":"","sticky":false,"template":"","format":"standard","meta":{"footnotes":""},"categories":[5],"tags":[1513,3303,20,21,24,25,15,19,2471,22,23,17,18,13,30,28,29,14,16,2107,26,27,205],"class_list":{"0":"post-67577","1":"post","2":"type-post","3":"status-publish","4":"format-standard","5":"has-post-thumbnail","7":"category-overskrifter","8":"tag-arbeiderpartiet-ap","9":"tag-barnetrygd","10":"tag-breaking-news","11":"tag-breakingnews","12":"tag-featured-news","13":"tag-featurednews","14":"tag-headlines","15":"tag-hovedoppslag","16":"tag-kirsti-bergsto","17":"tag-latest-news","18":"tag-latestnews","19":"tag-main-news","20":"tag-mainnews","21":"tag-news","22":"tag-no","23":"tag-norge","24":"tag-norway","25":"tag-nyheter","26":"tag-overskrifter","27":"tag-sosialistisk-venstreparti-sv","28":"tag-top-stories","29":"tag-topstories","30":"tag-vgsamfunn"},"share_on_mastodon":{"url":"","error":""},"_links":{"self":[{"href":"https:\/\/www.europesays.com\/no\/wp-json\/wp\/v2\/posts\/67577","targetHints":{"allow":["GET"]}}],"collection":[{"href":"https:\/\/www.europesays.com\/no\/wp-json\/wp\/v2\/posts"}],"about":[{"href":"https:\/\/www.europesays.com\/no\/wp-json\/wp\/v2\/types\/post"}],"author":[{"embeddable":true,"href":"https:\/\/www.europesays.com\/no\/wp-json\/wp\/v2\/users\/2"}],"replies":[{"embeddable":true,"href":"https:\/\/www.europesays.com\/no\/wp-json\/wp\/v2\/comments?post=67577"}],"version-history":[{"count":0,"href":"https:\/\/www.europesays.com\/no\/wp-json\/wp\/v2\/posts\/67577\/revisions"}],"wp:featuredmedia":[{"embeddable":true,"href":"https:\/\/www.europesays.com\/no\/wp-json\/wp\/v2\/media\/67578"}],"wp:attachment":[{"href":"https:\/\/www.europesays.com\/no\/wp-json\/wp\/v2\/media?parent=67577"}],"wp:term":[{"taxonomy":"category","embeddable":true,"href":"https:\/\/www.europesays.com\/no\/wp-json\/wp\/v2\/categories?post=67577"},{"taxonomy":"post_tag","embeddable":true,"href":"https:\/\/www.europesays.com\/no\/wp-json\/wp\/v2\/tags?post=67577"}],"curies":[{"name":"wp","href":"https:\/\/api.w.org\/{rel}","templated":true}]}}