{"id":67581,"date":"2025-10-22T22:58:23","date_gmt":"2025-10-22T22:58:23","guid":{"rendered":"https:\/\/www.europesays.com\/no\/67581\/"},"modified":"2025-10-22T22:58:23","modified_gmt":"2025-10-22T22:58:23","slug":"fo-leder-marianne-solberg-reagerer-pa-avsloringer-torturlignende","status":"publish","type":"post","link":"https:\/\/www.europesays.com\/no\/67581\/","title":{"rendered":"FO-leder Marianne Solberg reagerer p\u00e5 avsl\u00f8ringer: \u2013 Torturlignende"},"content":{"rendered":"\n<ul class=\"_list_o9xde_3 _list_64s2r_85 _unordered_o9xde_106 text-sans-m\">\n<li class=\"_item_o9xde_30\">FO-leder Marianne Solberg er rystet over Sivilombudets funn ved Ungdomsenhet Vest.<\/li>\n<li class=\"_item_o9xde_30\">Mindre\u00e5rige ble satt p\u00e5 sikkerhetscelle; \u00e9n l\u00e5 naken i 14 timer. <\/li>\n<li class=\"_item_o9xde_30\">Solberg kaller dette \u00abtorturlignende\u00bb.<\/li>\n<li class=\"_item_o9xde_30\">Hun krever stans i bruk av sikkerhetsceller for mindre\u00e5rige, og en redegj\u00f8relse fra KDI. <\/li>\n<li class=\"_item_o9xde_30\">Justisministeren sier beskrivelsene er uakseptable.<\/li>\n<\/ul>\n<p>Vis mer <\/p>\n<p class=\"_paragraph_o9xde_4 _paragraph_xtcu6_10 layout-component text-serif-m layout-normal text-serif-m layout-padded\">Hun er en av flere som reagerer. <\/p>\n<p class=\"_paragraph_o9xde_4 _paragraph_xtcu6_10 layout-component text-serif-m layout-normal text-serif-m layout-padded\">\u2013 Det er nesten s\u00e5 jeg ikke vet hvilke ord man skal bruke. Dette er en forferdelig behandling av barn.\u00a0Det\u00a0tror\u00a0jeg\u00a0alle\u00a0som ser saken forst\u00e5r og\u00a0reagerer p\u00e5.\u00a0Det er nedverdigende, og p\u00e5f\u00f8rer enorme psykiske belastninger.<\/p>\n<p class=\"_paragraph_o9xde_4 _paragraph_xtcu6_10 layout-component text-serif-m layout-normal text-serif-m layout-padded\">Det sier leder Marianne Solberg i Fellesorganisasjonen til VG. <\/p>\n<p><img alt=\"En plastmadrass og et hull i gulvet som fungerer som toalett \u2013 slik soner mindre\u00e5rige som blir plassert p\u00e5 sikkerhetscelle i Bergen.   Foto: Sivilombudet \/ Sivilombudet\" class=\"_image_qp4xg_65 layout-component layout-normal\" data-fullscreen- data-track-element-type=\"Article image fullscreen\" data-track-name=\"ImageFullscreen\" decoding=\"async\" loading=\"lazy\" height=\"2251\" itemprop=\"image\"  src=\"https:\/\/www.europesays.com\/no\/wp-content\/uploads\/2025\/10\/3d0d88e6-af71-46cf-96aa-896fcbcaf55f\"  style=\"object-position:0% 0%\" width=\"1266\"\/>En plastmadrass og et hull i gulvet som fungerer som toalett \u2013 slik soner mindre\u00e5rige som blir plassert p\u00e5 sikkerhetscelle i Bergen.   Foto: Sivilombudet \/ Sivilombudet<\/p>\n<p class=\"_paragraph_o9xde_4 _paragraph_xtcu6_10 layout-component text-serif-m layout-normal text-serif-m layout-padded\">VG skrev onsdag om skrekkrapporten fra SivilombudetSivilombudetSivilombudet er en norsk institusjon som har som oppgave \u00e5 kontrollere forvaltningen og sikre at offentlige myndigheter ikke beg\u00e5r urett mot enkeltpersoner.. <\/p>\n<p class=\"_paragraph_o9xde_4 _paragraph_xtcu6_10 layout-component text-serif-m layout-normal text-serif-m layout-padded\">Ombudet sl\u00e5r alarm om bruken av sikkerhetscellesikkerhetscelleEn sikkerhetscelle er en strippet celle med begrensede sanseinntrykk. Det er ofte kalt en glattcelle. For mindre\u00e5rige i fengsel skal de kun benyttes n\u00e5r det er tvingende n\u00f8dvendig.  hos Ungdomsenhet Vest i Bergen \u2013 og har p\u00e5pekt <a href=\"https:\/\/www.vg.no\/nyheter\/i\/73X5dW\/sivilombudet-ungdom-i-sikkerhetscelle-i-14-timer-uten-klaer\" data-track-element-type=\"Link\" data-track-id=\"link:73X5dW\" class=\"_link_o9xde_39\" rel=\"nofollow noopener\" target=\"_blank\">en rekke kritikkverdige forhold. <\/a><\/p>\n<p class=\"_paragraph_o9xde_4 _paragraph_xtcu6_10 layout-component text-serif-m layout-normal text-serif-m layout-padded\">Blant annet: <\/p>\n<ul class=\"_list_o9xde_3 _list_xtcu6_9 _unordered_o9xde_106 layout-component text-serif-m layout-normal text-serif-m layout-padded\">\n<li class=\"_item_o9xde_30\">En mindre\u00e5rig ble fratatt pledd og madrass. Og l\u00e5 naken p\u00e5 betonggulvet i sikkerhetscellen i 14 timer. Til sammen var personen 18,5 timer p\u00e5 cellen. <\/li>\n<li class=\"_item_o9xde_30\">Hos en annen innsatt som ble satt p\u00e5 sikkerhetscellen fant sivilombudet at det ikke var dokumentert at ten\u00e5ringen ble tilbudt hverken mat eller vann. <\/li>\n<\/ul>\n<p class=\"_paragraph_o9xde_4 _paragraph_xtcu6_10 layout-component text-serif-m layout-normal text-serif-m layout-padded\">Ungdomsenhet Vest er et av tre fengsler for mindre\u00e5rige i Norge, og ligger p\u00e5 omr\u00e5det til Bj\u00f8rgvin fengsel p\u00e5 Breistein i \u00c5sane.<\/p>\n<p><img alt=\"Ungdomsenhet Vest ligger p\u00e5 omr\u00e5det til Bj\u00f8rgvin fengsel i Bergen. Foto: Paul S. Amundsen \/ VG  Foto: Paul S. Amundsen \/ VG\" class=\"_image_qp4xg_65 layout-component layout-normal\" data-fullscreen- data-track-element-type=\"Article image fullscreen\" data-track-name=\"ImageFullscreen\" decoding=\"async\" loading=\"lazy\" height=\"3830\" itemprop=\"image\"  src=\"https:\/\/www.europesays.com\/no\/wp-content\/uploads\/2025\/10\/c98986d9-26f6-40cb-a546-0858742d202f\"  style=\"object-position:0% 0%\" width=\"5742\"\/>Ungdomsenhet Vest ligger p\u00e5 omr\u00e5det til Bj\u00f8rgvin fengsel i Bergen. Foto: Paul S. Amundsen \/ VG  Foto: Paul S. Amundsen \/ VG<\/p>\n<p class=\"_paragraph_o9xde_4 _paragraph_xtcu6_10 layout-component text-serif-m layout-normal text-serif-m layout-padded\">FO organiserer blant annet ansatte innen kriminalomsorgen, barnevern og andre tjenester med ansvar for barn og unge.<\/p>\n<p>\u2013 Dette er barn<\/p>\n<p class=\"_paragraph_o9xde_4 _paragraph_xtcu6_10 layout-component text-serif-m layout-normal text-serif-m layout-padded\">\u2013\u00a0Uavhengig av hva de er fengslet for er dette fortsatt barn. Og\u00a0vi vet at\u00a0mange\u00a0med god sannsynlighet\u00a0er traumatiserte fra f\u00f8r p\u00e5 grunn av\u00a0krevende opplevelser i livet sitt, sier Solberg.<\/p>\n<p class=\"_paragraph_o9xde_4 _paragraph_xtcu6_10 layout-component text-serif-m layout-normal text-serif-m layout-padded\">Hun sier at FO er kritisk til at mindre\u00e5rige fengsles i Norge. <\/p>\n<p class=\"_paragraph_o9xde_4 _paragraph_xtcu6_10 layout-component text-serif-m layout-normal text-serif-m layout-padded\">\u2013\u00a0N\u00e5r man ser det\u00a0samlet er dette torturlignende tilstander.\u00a0Man isolerer folk, nekter dem tilgang p\u00e5 mat og vann, begrenser tilgang p\u00e5 advokat. Det er et kjempeproblem for rettssikkerheten, sier hun.<\/p>\n<p class=\"_paragraph_o9xde_4 _paragraph_xtcu6_10 layout-component text-serif-m layout-normal text-serif-m layout-padded\">\u2013 Tortur er bevisste handlinger som gir\u00a0en\u00a0person alvorlig fysisk eller psykisk smerte, p\u00e5peker hun, og viser s\u00e6rlig til den psykiske belastningen ungdommer blir p\u00e5f\u00f8rt.<\/p>\n<p>Om tortur<\/p>\n<p class=\"_paragraph_o9xde_4 _paragraph_xtcu6_10 _paragraph_16v91_10 layout-component text-serif-m layout-normal text-sans-m layout-padded\">Fellesorganisasjonen viser s\u00e6rlig til f\u00f8lgende dokumenter: <\/p>\n<ul class=\"_list_o9xde_3 _list_xtcu6_9 _list_16v91_9 _unordered_o9xde_106 layout-component text-serif-m layout-normal text-sans-m layout-padded\">\n<li class=\"_item_o9xde_30\">If\u00f8lge Barnekonvensjonens artikkel 37: \u00abPartene skal sikre at intet barn utsettes for tortur eller annen grusom, umenneskelig eller nedverdigende behandling eller straff.\u00bb\u00a0<\/li>\n<li class=\"_item_o9xde_30\">Sivilombudets rapport (s. 8): &laquo;FNs spesialrapport\u00f8r om tortur har sl\u00e5tt fast at barn som er frihetsber\u00f8vet, har en h\u00f8yere risiko for \u00e5 bli utsatt for tortur og umenneskelig eller nedverdigende behandling, og at selv korte perioder med frihetsber\u00f8velse kan undergrave et barns psykiske og fysiske helse og p\u00e5virke den kognitive utviklingen negativt.\u00bb<\/li>\n<\/ul>\n<p>Vis mer<\/p>\n<p class=\"_paragraph_o9xde_4 _paragraph_xtcu6_10 layout-component text-serif-m layout-normal text-serif-m layout-padded\">Hun reagerer spesielt p\u00e5 at sikkerhetsceller if\u00f8lge rapporten har v\u00e6rt brukt p\u00e5 grunn av selvmordsfare og redusert bemanning. <\/p>\n<p class=\"_paragraph_o9xde_4 _paragraph_xtcu6_10 layout-component text-serif-m layout-normal text-serif-m layout-padded\">\u2013 Vi vet at isolasjon i seg selv \u00f8ker faren for selvmord, selvskading og psykiske lidelser. N\u00e5 m\u00e5 alarmklokkene virkelig g\u00e5 p\u00e5 alle niv\u00e5er. <\/p>\n<p>Krever grep<\/p>\n<p class=\"_paragraph_o9xde_4 _paragraph_xtcu6_10 layout-component text-serif-m layout-normal text-serif-m layout-padded\">N\u00e5 krever hun umiddelbare grep. <\/p>\n<ul class=\"_list_o9xde_3 _list_xtcu6_9 _unordered_o9xde_106 layout-component text-serif-m layout-normal text-serif-m layout-padded\">\n<li class=\"_item_o9xde_30\">En redegj\u00f8relse fra KDIKDIKriminalomsorgsdirektoratet (KDI) er en norsk statlig etat som har ansvar for \u00e5 administrere fengsler og andre straffegjennomf\u00f8ringsinstitusjoner i Norge.. B\u00e5de om omfanget av bruk av sikkerhetsceller \u2013 men ogs\u00e5 en klar plan og forsikring om at\u00a0det blir slutt p\u00e5 denne m\u00e5ten \u00e5 bruke dem.<\/li>\n<li class=\"_item_o9xde_30\">Stopp\u00a0i\u00a0bruk av sikkerhetsceller\u00a0for mindre\u00e5rige\u00a0til det er en klar plan for hvordan det rigges. Og at innholdet i soningen m\u00e5 sikres til det beste for barna.<\/li>\n<li class=\"_item_o9xde_30\">Sette inn bemanningen og kompetansen som trengs for \u00e5 gi barna en god oppf\u00f8lging.<\/li>\n<\/ul>\n<p class=\"_paragraph_o9xde_4 _paragraph_xtcu6_10 layout-component text-serif-m layout-normal text-serif-m layout-padded\">\u2013 \u00c5 kalle det\u00a0en \u00abungdomsenhet\u00bb er en kamuflering av hva dette\u00a0egentlig\u00a0er. Dette er h\u00f8yrisikofengsler\u00a0hvor\u00a0vi\u00a0plasserer barn. N\u00e5 m\u00e5 vi bruke de riktige ordene, sier Solberg.<\/p>\n<p><img alt=\"Sikkerhetscellen i Ungdomsenhet Vest. Foto: Sivilombudet   Foto: Sivilombudet \/ Sivilombudet\" class=\"_image_qp4xg_65 layout-component layout-normal\" data-fullscreen- data-track-element-type=\"Article image fullscreen\" data-track-name=\"ImageFullscreen\" decoding=\"async\" loading=\"lazy\" height=\"1013\" itemprop=\"image\"  src=\"https:\/\/www.europesays.com\/no\/wp-content\/uploads\/2025\/10\/75145abd-dc46-4208-a626-cf2d5f96fac9\"  style=\"object-position:0% 0%\" width=\"1800\"\/>Sikkerhetscellen i Ungdomsenhet Vest. Foto: Sivilombudet   Foto: Sivilombudet \/ SivilombudetForsvarer bruk<\/p>\n<p class=\"_paragraph_o9xde_4 _paragraph_xtcu6_10 layout-component text-serif-m layout-normal text-serif-m layout-padded\"><strong class=\"_strong_o9xde_25\">Regiondirekt\u00f8r Ketil Schreiner Evjen i region vest forsvarer bruken av sikkerhetscelle i det ene konkrete eksempelet som er omtalt av VG.\u00a0<\/strong><\/p>\n<p class=\"_paragraph_o9xde_4 _paragraph_xtcu6_10 layout-component text-serif-m layout-normal text-serif-m layout-padded\">\u2013 Alle rapporter fra <a href=\"https:\/\/www.vg.no\/tag\/sivilombudet?utm_source=vg-article&amp;utm_medium=auto-tagger&amp;utm_campaign=GyzP29\" class=\"_link_o9xde_39\" rel=\"nofollow noopener\" target=\"_blank\">Sivilombudet<\/a> er viktige for oss, og tas sv\u00e6rt alvorlig. Vi vil unders\u00f8ke det som fremkommer n\u00f8ye, sier han i en skriftlig uttalelse.\u00a0<\/p>\n<p class=\"_paragraph_o9xde_4 _paragraph_xtcu6_10 layout-component text-serif-m layout-normal text-serif-m layout-padded\">\u2013 Situasjonen som henvises til med den unge innsatte som ble satt p\u00e5 sikkerhetscelle, var sv\u00e6rt krevende. Med bakgrunn i innsattes psykiske helse mente Ungdomsenhet Vest at fengselet ikke hadde n\u00f8dvendig kompetanse til \u00e5 ivareta vedkommende.\u00a0<\/p>\n<p class=\"_paragraph_o9xde_4 _paragraph_xtcu6_10 layout-component text-serif-m layout-normal text-serif-m layout-padded\">Han forteller at b\u00e5de politiet og fengselet anmodet om tvungen innleggelse i psykiatrien. Men at dette ble avsl\u00e5tt av legevakten i Bergen.<\/p>\n<p class=\"_paragraph_o9xde_4 _paragraph_xtcu6_10 layout-component text-serif-m layout-normal text-serif-m layout-padded\">\u2013 Sikkerhetscelle brukes for \u00e5 beskytte den innsatte mot seg selv, medinnsatte og ansatte og kun n\u00e5r det er tvingende n\u00f8dvendig for innsatte under 18 \u00e5r. V\u00e5rt fremste m\u00e5l er \u00e5 beskytte liv og helse, sier han. <\/p>\n<p class=\"_paragraph_o9xde_4 _paragraph_xtcu6_10 layout-component text-serif-m layout-normal text-serif-m layout-padded\">VG har ogs\u00e5 bedt Evjen kommentere Solbergs uttalelse om at det samlet sett er \u00abtorturlignende\u00bb tilstander. <\/p>\n<p class=\"_paragraph_o9xde_4 _paragraph_xtcu6_10 layout-component text-serif-m layout-normal text-serif-m layout-padded\">Han sier de skal g\u00e5 gjennom rapporten og svare sivilombudet \u2013 og at han ikke \u00f8nsker \u00e5 gi ytterligere kommentarer p\u00e5 n\u00e5v\u00e6rende tidspunkt. <\/p>\n<p><img alt=\"SIVILOMBUD: Hanne Harlem er sivilombud.   Foto: J\u00f8rgen Braastad \/ VG\" class=\"_image_qp4xg_65 layout-component layout-normal\" data-fullscreen- data-track-element-type=\"Article image fullscreen\" data-track-name=\"ImageFullscreen\" decoding=\"async\" loading=\"lazy\" height=\"5464\" itemprop=\"image\"  src=\"https:\/\/www.europesays.com\/no\/wp-content\/uploads\/2025\/10\/8a4634f0-c962-41f5-a98d-7ad4ff9a0558\"  style=\"object-position:0% 0%\" width=\"8192\"\/>SIVILOMBUD: Hanne Harlem er sivilombud.   Foto: J\u00f8rgen Braastad \/ VG<\/p>\n<p class=\"_paragraph_o9xde_4 _paragraph_xtcu6_10 layout-component text-serif-m layout-normal text-serif-m layout-padded\">Sivilombudet avsl\u00f8rte ogs\u00e5 i rapporten at det ikke var vurdert som \u00ab<strong class=\"_strong_o9xde_25\">tvingende n\u00f8dvendig\u00bb<\/strong> da flere av de mindre\u00e5rige ble plassert p\u00e5 sikkerhetscelle, men kun <strong class=\"_strong_o9xde_25\">\u00abstrengt n\u00f8dvendig\u00bb. <\/strong><\/p>\n<p class=\"_paragraph_o9xde_4 _paragraph_xtcu6_10 layout-component text-serif-m layout-normal text-serif-m layout-padded\">Det er en lavere terskel enn loven krever for mindre\u00e5rige. <\/p>\n<p class=\"_paragraph_o9xde_4 _paragraph_xtcu6_10 layout-component text-serif-m layout-normal text-serif-m layout-padded\">De avsl\u00f8rte ogs\u00e5 at nesten alle ungdommene ble utsatt for kroppsvisitasjon da de ble plassert p\u00e5 sikkerhetscelle. <\/p>\n<p class=\"_paragraph_o9xde_4 _paragraph_xtcu6_10 layout-component text-serif-m layout-normal text-serif-m layout-padded\">Flere av beslutningene var ikke journalf\u00f8rt selv om fengselets egne rutiner krevde det. <\/p>\n<p class=\"_paragraph_o9xde_4 _paragraph_xtcu6_10 layout-component text-serif-m layout-normal text-serif-m layout-padded\"><strong class=\"_strong_o9xde_25\">\u2013 If\u00f8lge ansatte ble tvangsvisitasjontvangsvisitasjonTvangsvisitasjon er en prosedyre der en person blir unders\u00f8kt mot sin vilje, ofte for \u00e5 sikre at de ikke har farlige gjenstander p\u00e5 seg. gjennomf\u00f8rt ved at kl\u00e6rne ble klippet av mens den innsatte l\u00e5 p\u00e5 magen p\u00e5 gulvet med hendene i h\u00e5ndjern p\u00e5 ryggen, beskriver Sivilombudet. <\/strong><\/p>\n<p class=\"_paragraph_o9xde_4 _paragraph_xtcu6_10 layout-component text-serif-m layout-normal text-serif-m layout-padded\">If\u00f8lge fengselets egne rutiner skal ungdommene kunne ha egne kl\u00e6r p\u00e5 sikkerhetscellen, med mindre det er en sikkerhetsrisiko. <\/p>\n<p class=\"_paragraph_o9xde_4 _paragraph_xtcu6_10 layout-component text-serif-m layout-normal text-serif-m layout-padded\">Likevel beskriver Sivilombudet at ungdommene systematisk fratatt egne kl\u00e6r \u2013 og fikk kun beholde undert\u00f8y og en rivsikker kappe. <\/p>\n<p><img decoding=\"async\" alt=\"Bilde av Astri Aas-Hansen\" class=\"_image_ygndg_42\" height=\"27\" itemprop=\"image\" loading=\"lazy\"  src=\"https:\/\/www.europesays.com\/no\/wp-content\/uploads\/2025\/10\/4d3a0bc7-f364-4fd7-ae96-a5444914a941\"  width=\"40\"\/><strong class=\"_name_ygndg_51 title-serif-xs\">Astri Aas-Hansen<\/strong><\/p>\n<p class=\"_paragraph_o9xde_4 text-sans-m _description_ygndg_56\">Justisminister (Ap)<\/p>\n<p class=\"_paragraph_o9xde_4 _paragraph_xtcu6_10 layout-component text-serif-m layout-normal text-serif-m layout-padded\">Justisminister Astri Aas-Hansen sier til VG at hun ikke har hatt anledning til \u00e5 lese rapporten enn\u00e5, men:<\/p>\n<p class=\"_paragraph_o9xde_4 _paragraph_xtcu6_10 layout-component text-serif-m layout-normal text-serif-m layout-padded\">\u2013 Jeg vil likevel si at beskrivelsen som gjengis her er uakseptabel, og noe vi er n\u00f8dt til \u00e5 f\u00f8lge opp, skriver hun i en uttalelse til VG. <\/p>\n<p class=\"_paragraph_o9xde_4 _paragraph_xtcu6_10 layout-component text-serif-m layout-normal text-serif-m layout-padded\">\u2013 Det er, og skal v\u00e6re, sv\u00e6rt h\u00f8y terskel for bruk av inngripende tvangsmidler overfor innsatte under 18 \u00e5r. Sikkerhetscelle skal bare brukes som en siste utvei, og for et kortest mulig tidsrom, skriver Aas-Hansen. <\/p>\n<p class=\"_paragraph_o9xde_4 _paragraph_xtcu6_10 layout-component text-serif-m layout-normal text-serif-m layout-padded\">Justispolitisk talsperson Mirell H\u00f8yer-Berntsen i SV reagerer ogs\u00e5 p\u00e5 rapporten. <\/p>\n<p><img decoding=\"async\" alt=\"Bilde av Mirell H\u00f8yer-Berntsen\" class=\"_image_ygndg_42\" height=\"27\" itemprop=\"image\" loading=\"lazy\"  src=\"https:\/\/www.europesays.com\/no\/wp-content\/uploads\/2025\/10\/21102051-6b35-4901-ae16-9118c4d968fb\"  width=\"40\"\/><strong class=\"_name_ygndg_51 title-serif-xs\">Mirell H\u00f8yer-Berntsen<\/strong><\/p>\n<p class=\"_paragraph_o9xde_4 text-sans-m _description_ygndg_56\">Justispolitisk talsperson (SV)<\/p>\n<p class=\"_paragraph_o9xde_4 _paragraph_xtcu6_10 layout-component text-serif-m layout-normal text-serif-m layout-padded\">\u2013 Jeg kan nesten ikke tro det jeg leser. Her har barn blitt etterlatt i sikkerhetsceller, utsatt for tvangsunders\u00f8kelser, og nektet \u00e5 f\u00e5 snakke med advokat. Det kan ikke aksepteres at barn i norske fengsler risikerer \u00e5 bli utsatt for menneskerettsbrudd, sier justispolitisk talsperson Mirell H\u00f8yer-Berntsen i SV til VG. <\/p>\n","protected":false},"excerpt":{"rendered":"FO-leder Marianne Solberg er rystet over Sivilombudets funn ved Ungdomsenhet Vest. Mindre\u00e5rige ble satt p\u00e5 sikkerhetscelle; \u00e9n l\u00e5&hellip;\n","protected":false},"author":2,"featured_media":67582,"comment_status":"","ping_status":"","sticky":false,"template":"","format":"standard","meta":{"footnotes":""},"categories":[10],"tags":[20,21,24,25,2507,15,22,23,13,30,28,29,14,16,9620,26,27],"class_list":{"0":"post-67581","1":"post","2":"type-post","3":"status-publish","4":"format-standard","5":"has-post-thumbnail","7":"category-norge","8":"tag-breaking-news","9":"tag-breakingnews","10":"tag-featured-news","11":"tag-featurednews","12":"tag-fengsel","13":"tag-headlines","14":"tag-latest-news","15":"tag-latestnews","16":"tag-news","17":"tag-no","18":"tag-norge","19":"tag-norway","20":"tag-nyheter","21":"tag-overskrifter","22":"tag-sivilombudet","23":"tag-top-stories","24":"tag-topstories"},"share_on_mastodon":{"url":"","error":""},"_links":{"self":[{"href":"https:\/\/www.europesays.com\/no\/wp-json\/wp\/v2\/posts\/67581","targetHints":{"allow":["GET"]}}],"collection":[{"href":"https:\/\/www.europesays.com\/no\/wp-json\/wp\/v2\/posts"}],"about":[{"href":"https:\/\/www.europesays.com\/no\/wp-json\/wp\/v2\/types\/post"}],"author":[{"embeddable":true,"href":"https:\/\/www.europesays.com\/no\/wp-json\/wp\/v2\/users\/2"}],"replies":[{"embeddable":true,"href":"https:\/\/www.europesays.com\/no\/wp-json\/wp\/v2\/comments?post=67581"}],"version-history":[{"count":0,"href":"https:\/\/www.europesays.com\/no\/wp-json\/wp\/v2\/posts\/67581\/revisions"}],"wp:featuredmedia":[{"embeddable":true,"href":"https:\/\/www.europesays.com\/no\/wp-json\/wp\/v2\/media\/67582"}],"wp:attachment":[{"href":"https:\/\/www.europesays.com\/no\/wp-json\/wp\/v2\/media?parent=67581"}],"wp:term":[{"taxonomy":"category","embeddable":true,"href":"https:\/\/www.europesays.com\/no\/wp-json\/wp\/v2\/categories?post=67581"},{"taxonomy":"post_tag","embeddable":true,"href":"https:\/\/www.europesays.com\/no\/wp-json\/wp\/v2\/tags?post=67581"}],"curies":[{"name":"wp","href":"https:\/\/api.w.org\/{rel}","templated":true}]}}