{"id":67588,"date":"2025-10-22T23:21:22","date_gmt":"2025-10-22T23:21:22","guid":{"rendered":"https:\/\/www.europesays.com\/no\/67588\/"},"modified":"2025-10-22T23:21:22","modified_gmt":"2025-10-22T23:21:22","slug":"strompriser-nord-norge-torsdag-skyter-stromprisen-i-vaeret-skyldes-mindre-vindproduksjon","status":"publish","type":"post","link":"https:\/\/www.europesays.com\/no\/67588\/","title":{"rendered":"Str\u00f8mpriser, Nord-Norge | Torsdag skyter str\u00f8mprisen i v\u00e6ret: \u2013 Skyldes mindre vindproduksjon"},"content":{"rendered":"\n<p>Nord-Norge har skilt seg kraftig ut fra resten av landet n\u00e5r det gjelder str\u00f8mpriser. Onsdag er snittprisen 5,59 \u00f8re per kWh f\u00f8r nettleie.<\/p>\n<p>Til sammenligning ligger snittprisen i S\u00f8r-Norge p\u00e5 1,01 kroner onsdag.<\/p>\n<p>Torsdag \u00f8ker imidlertid prisen i nord til 20,93 \u00f8re i snitt, if\u00f8lge oversikten til <a href=\"https:\/\/www.fjordkraft.no\/strom\/strompriser\/dagens\/\" rel=\"Follow nofollow noopener\" target=\"_blank\">Fjordkraft<\/a>. Prognosen viser at prisen vil gj\u00f8re et hopp til 64,08 \u00f8re rundt klokken 09:00, f\u00f8r den i 12-tiden n\u00e5r en topp p\u00e5 74,81 \u00f8re.<\/p>\n<p>Prishoppet varer imidlertid ikke lenge, forsikrer konserndirekt\u00f8r i Helgeland Kraft, Arild I. Markussen, til Rana Blad.<\/p>\n<p>\u2013 Det vil v\u00e6re noen timer hvor det blir veldig h\u00f8yt i forhold til n\u00e5. Grunnen til at vi f\u00e5r h\u00f8ye priser i noen timer er at vi er koblet opp mot andre nettomr\u00e5der, som NH3 i Tr\u00f8ndelag eller Nord-Sverige, som har bedre overf\u00f8ringskapasitet, forklarer han.<\/p>\n<p><b>\u2013 Bakgrunnen er at det er lite vind i morgen. Vannmagasinene v\u00e5re er proppfulle, men det produseres ogs\u00e5 en god del fra vind. At prisen g\u00e5r opp skyldes mindre vindproduksjon i noen kvarter, og da forsvinner flaskehalsen mot andre nettomr\u00e5der.<\/b><\/p>\n<p>Str\u00f8mprisene i Nord-Norge er prim\u00e6rt lavere enn i s\u00f8r p\u00e5 grunn av kraftoverskudd og lavere ettersp\u00f8rsel etter str\u00f8m. Kort fortalt produseres det mer str\u00f8m enn innbyggerne bruker.<\/p>\n<p>Samtidig har ikke Nord-Norge sterke nok kraftlinjer til \u00e5 frakte alt overskuddet s\u00f8rover, forklarer Markussen.<\/p>\n<p><b>\u2013 Da g\u00e5r vi inn i en flaskehals. Det blir en kamp om \u00e5 f\u00e5 produsere, og da stuper prisene i nord. Hadde vi eksportert mer, hadde vi hatt samme priser som i s\u00f8r.<\/b><\/p>\n<p>Samtidig beregnes prisen per kvarter, ikke time, legger han til. Str\u00f8mprisene kan variere mye innenfor en time, spesielt dersom produksjonen eller forbruket endres i korte perioder.<\/p>\n<p>\u2013 Tidligere var det timespriser, men n\u00e5 er det kvarteroppl\u00f8sning.<\/p>\n<p>Markussen legger til at str\u00f8mprisene i Nord-Norge har v\u00e6rt ekstremt lave i oktober.<\/p>\n<p>\u2013 Det er nok heller det som er spesielt, enn at prisene blir litt h\u00f8ye i morgen. For noen \u00e5r siden var 75 \u00f8re en helt normal pris, ogs\u00e5 i nord.<\/p>\n<p>  <a href=\"https:\/\/www.ranablad.no\/5-42-1502860\" class=\"related-teaser has-image default-story-teaser article--c-eRUmMG article--c-eRUmMG-jKCPdD-design-default\" rel=\"nofollow noopener\" target=\"_blank\"><\/p>\n<p>    <img decoding=\"async\" loading=\"lazy\"  src=\"https:\/\/www.europesays.com\/no\/wp-content\/uploads\/2025\/10\/5_4_1854748+NTB_5O9fgYl_LGw.jpg\" alt=\"\" class=\"brick-c-cFOWSL\" style=\"\"\/><\/p>\n<p>\n            Les ogs\u00e5<\/p>\n<p>              Str\u00f8mekspert: \u2013 En s\u00f8ringsak\n        <\/p>\n<p>  <\/a><\/p>\n<p>  <a href=\"https:\/\/www.ranablad.no\/5-42-1474284\" class=\"related-teaser has-image default-story-teaser article--c-eRUmMG article--c-eRUmMG-jKCPdD-design-default\" rel=\"nofollow noopener\" target=\"_blank\"><\/p>\n<p>    <img decoding=\"async\" loading=\"lazy\"  src=\"https:\/\/www.europesays.com\/no\/wp-content\/uploads\/2025\/10\/cueres_scp-rlkzayxktw_RlKzaYXk-tw.jpg\" alt=\"\" class=\"brick-c-cFOWSL\" style=\"\"\/><\/p>\n<p>\n            Les ogs\u00e5<\/p>\n<p>              Str\u00f8mpriskollaps i nord &#8211; dine str\u00f8mregninger er redusert med nesten 50 prosent\n        <\/p>\n<p>  <\/a><\/p>\n","protected":false},"excerpt":{"rendered":"Nord-Norge har skilt seg kraftig ut fra resten av landet n\u00e5r det gjelder str\u00f8mpriser. Onsdag er snittprisen 5,59&hellip;\n","protected":false},"author":2,"featured_media":67589,"comment_status":"","ping_status":"","sticky":false,"template":"","format":"standard","meta":{"footnotes":""},"categories":[10],"tags":[36,20,21,24,25,15,22,23,13,30,2698,28,29,14,16,9621,1510,243,1501,26,27],"class_list":{"0":"post-67588","1":"post","2":"type-post","3":"status-publish","4":"format-standard","5":"has-post-thumbnail","7":"category-norge","8":"tag-art","9":"tag-breaking-news","10":"tag-breakingnews","11":"tag-featured-news","12":"tag-featurednews","13":"tag-headlines","14":"tag-latest-news","15":"tag-latestnews","16":"tag-news","17":"tag-no","18":"tag-nord-norge","19":"tag-norge","20":"tag-norway","21":"tag-nyheter","22":"tag-overskrifter","23":"tag-spotpris","24":"tag-story","25":"tag-strom","26":"tag-strompriser","27":"tag-top-stories","28":"tag-topstories"},"share_on_mastodon":{"url":"","error":""},"_links":{"self":[{"href":"https:\/\/www.europesays.com\/no\/wp-json\/wp\/v2\/posts\/67588","targetHints":{"allow":["GET"]}}],"collection":[{"href":"https:\/\/www.europesays.com\/no\/wp-json\/wp\/v2\/posts"}],"about":[{"href":"https:\/\/www.europesays.com\/no\/wp-json\/wp\/v2\/types\/post"}],"author":[{"embeddable":true,"href":"https:\/\/www.europesays.com\/no\/wp-json\/wp\/v2\/users\/2"}],"replies":[{"embeddable":true,"href":"https:\/\/www.europesays.com\/no\/wp-json\/wp\/v2\/comments?post=67588"}],"version-history":[{"count":0,"href":"https:\/\/www.europesays.com\/no\/wp-json\/wp\/v2\/posts\/67588\/revisions"}],"wp:featuredmedia":[{"embeddable":true,"href":"https:\/\/www.europesays.com\/no\/wp-json\/wp\/v2\/media\/67589"}],"wp:attachment":[{"href":"https:\/\/www.europesays.com\/no\/wp-json\/wp\/v2\/media?parent=67588"}],"wp:term":[{"taxonomy":"category","embeddable":true,"href":"https:\/\/www.europesays.com\/no\/wp-json\/wp\/v2\/categories?post=67588"},{"taxonomy":"post_tag","embeddable":true,"href":"https:\/\/www.europesays.com\/no\/wp-json\/wp\/v2\/tags?post=67588"}],"curies":[{"name":"wp","href":"https:\/\/api.w.org\/{rel}","templated":true}]}}