{"id":67590,"date":"2025-10-22T23:28:42","date_gmt":"2025-10-22T23:28:42","guid":{"rendered":"https:\/\/www.europesays.com\/no\/67590\/"},"modified":"2025-10-22T23:28:42","modified_gmt":"2025-10-22T23:28:42","slug":"helse-nord-fylkestinget-i-nordland","status":"publish","type":"post","link":"https:\/\/www.europesays.com\/no\/67590\/","title":{"rendered":"Helse Nord, Fylkestinget i Nordland"},"content":{"rendered":"\n<p>Det meldes i en pressemelding onsdag.<\/p>\n<p>\u2013 Vi ytrer med dette klar mistillit til helseforetaksmodellen og ledelsen i Helse Nord. Spesialisthelsetjenesten i nord har kollapset steg for steg, og man trenger ikke v\u00e6re sp\u00e5kone p\u00e5 tivoli for \u00e5 se at dette g\u00e5r rett vest hvis det f\u00e5r fortsette, sier Torset. <\/p>\n<p>Han sl\u00e5r fast at folk i nord ikke har tid til flere utredninger eller nye l\u00f8fter \u2013 de har mistet troen p\u00e5 alt snakket som aldri f\u00f8lges opp i praksis. <\/p>\n<p>\u2013 Her m\u00e5 helseministeren ta konsekvensene av at Helse Nord verken klarer \u00e5 rekruttere, holde budsjettene sine eller bevare tilliten, mener Torset.<\/p>\n<p>Millionl\u00f8nninger og sparekniv<\/p>\n<p>Mens folk i nord frykter for f\u00f8detilbud, psykiatri og ambulanser, har tilliten til ledelsen i helseforetaket blitt tynnslitt, if\u00f8lge Stig Tore Skogsholm, gruppeleder for H\u00f8yre i fylkestinget. <\/p>\n<p>\u2013 Jeg vet ikke om jeg vil g\u00e5 s\u00e5 langt som \u00e5 si at foretaksmodellen er d\u00f8d, men den har det ikke bra. Opplevelsen b\u00e5de folk og folkevalgte har, er at helseforetakene har distansert seg fra befolkningen. Samtidig blir de i liten grad regulert av politisk ledelse. Betydelig ansvar som lederne har, skal avl\u00f8nnes godt, men jeg tror man har mistet kontakten med omverdenen et sted p\u00e5 veien. Det spiller dessverre ingen rolle hvor god kommunikasjon man har, dersom budskapet er galt, sier Skogsholm. <\/p>\n<p>Han peker p\u00e5 at stadig nye kuttforslag skaper utrygghet i hele landsdelen, og at det vil sv\u00e6rt vanskelig \u00e5 bygge opp igjen en tillit som n\u00e5 har blitt bygd ned over flere \u00e5r.<\/p>\n<p>Krever strakstiltak<\/p>\n<p>Torset og Skogsholm mener Stortinget umiddelbart m\u00e5 starte arbeidet med en ny styringsmodell for spesialisthelsetjenesten. Samtidig ber Nordland fylkesting om at ansvaret for Helse Nord flyttes direkte til Helsedirektoratet, fram til en ny, varig l\u00f8sning er p\u00e5 plass.<\/p>\n<p>\u2013 At vi har f\u00e5tt et stort flertall i Nordland fylkesting med p\u00e5 denne uttalelsen, er et historisk sterkt signal til helseministeren og Stortinget. N\u00e5r et helt fylke sier nei til selve styringsmodellen, s\u00e5 er det p\u00e5 tide \u00e5 legge kjepphesten p\u00e5 huggestabben og fyre opp med den i peisen, sier Torset. De to politikerne mener at det for folk i nord ikke lenger handler om styringsformer, men om trygghet n\u00e5r krisen rammer.<\/p>\n<p>\u2013 Systemet er n\u00e5 s\u00e5 vaklevorent at staten m\u00e5 ansvar og s\u00f8rge for at folk i nord f\u00e5r et helsetilbud de kan stole p\u00e5, avslutter Skogsholm.<\/p>\n<p><b>Her er uttalelsen som et flertall i Nordland fylkesting har stilt seg bak: <\/b><\/p>\n<p>\u00abHelse Nord <\/p>\n<p> Den siste tiden har det v\u00e6rt stor oppmerksomhet rundt l\u00f8nnsniv\u00e5et til direkt\u00f8rene i Helse Nord. L\u00f8nnsniv\u00e5et ligger over det norske statsr\u00e5der f\u00e5r, til tross for at helseforetaket har v\u00e6rt i kontinuerlig krise over lengre tid. <\/p>\n<p>Helseforetaket ligger an til et underskudd p\u00e5 en halv milliard for 2025, har over \u00e5r slitt med rekruttering, og oppleves \u00e5 v\u00e6re i utakt med befolkningen n\u00e5r det gjelder tjenestetilbud og tilstedev\u00e6relse. <\/p>\n<p>Nordland fylkesting mener det er behov for \u00e5 ta grep for \u00e5 sikre befolkningen i Nordland en bedre spesialisthelsetjeneste med forsvarlig ledelse. Det presenteres stadig nye kuttforslag fra helseforetaket, som skaper usikkerhet og rammer bolysten i hele landsdelen. B\u00e5de f\u00f8de- og akuttavdelinger, ambulanser, rehabiliteringstilbud og d\u00f8gnenheter i psykiatri har blitt utsatt for kutt eller fors\u00f8k p\u00e5 kutt, til stor forvilelse og utrygghet i befolkningen. En slik kontinuerlig unntakstilstand, med stadig omstrukturering og innsparing i grunnleggende tjenester, er uforenlig med \u00e5 oppleve seg ivaretatt og trygg. Det m\u00e5 skje en endring raskt, f\u00f8r samfunnslimet i nord l\u00f8ses helt opp. <\/p>\n<p>Helseforetaksmodellen har gjennom 23 \u00e5r vist seg mer og mer uegnet som styringsmodell. Spesialisthelsetjenesten m\u00e5 fullfinansieres av staten p\u00e5 en m\u00e5te som sikrer reelt likeverdig helsetilbud i hele landet, med bedre samordning med kommunehelsetjenesten, og der lokale og regionale stemmer blir h\u00f8rt. N\u00e5r det ikke presenteres klare alternativer til dagens modell i diskusjonen om helseforetakene, oppleves en passivitet som framst\u00e5r som en ren uthalingstaktikk. Det er flere land som har velfungerende modeller som kan v\u00e6re aktuelle, og det kan utvilsomt utvikles andre l\u00f8sninger. Det eneste som helt sikkert ikke er b\u00e6rekraftig er \u00e5 gj\u00f8re ingenting. <\/p>\n<p>Nordland fylkesting ber p\u00e5 denne bakgrunn om at Stortinget umiddelbart starter utredning av ny styringsmodell for spesialisthelsetjenesten, og overf\u00f8rer ansvaret for Helse Nord direkte til Helsedirektoratet i p\u00e5vente av en mer permanent reform.\u00bb <\/p>\n","protected":false},"excerpt":{"rendered":"Det meldes i en pressemelding onsdag. \u2013 Vi ytrer med dette klar mistillit til helseforetaksmodellen og ledelsen i&hellip;\n","protected":false},"author":2,"featured_media":67591,"comment_status":"","ping_status":"","sticky":false,"template":"","format":"standard","meta":{"footnotes":""},"categories":[10],"tags":[36,20,21,24,25,9558,15,8164,22,23,13,30,28,29,14,16,41,1510,26,27],"class_list":{"0":"post-67590","1":"post","2":"type-post","3":"status-publish","4":"format-standard","5":"has-post-thumbnail","7":"category-norge","8":"tag-art","9":"tag-breaking-news","10":"tag-breakingnews","11":"tag-featured-news","12":"tag-featurednews","13":"tag-fylkestinget-i-nordland","14":"tag-headlines","15":"tag-helse-nord","16":"tag-latest-news","17":"tag-latestnews","18":"tag-news","19":"tag-no","20":"tag-norge","21":"tag-norway","22":"tag-nyheter","23":"tag-overskrifter","24":"tag-politikk","25":"tag-story","26":"tag-top-stories","27":"tag-topstories"},"share_on_mastodon":{"url":"","error":""},"_links":{"self":[{"href":"https:\/\/www.europesays.com\/no\/wp-json\/wp\/v2\/posts\/67590","targetHints":{"allow":["GET"]}}],"collection":[{"href":"https:\/\/www.europesays.com\/no\/wp-json\/wp\/v2\/posts"}],"about":[{"href":"https:\/\/www.europesays.com\/no\/wp-json\/wp\/v2\/types\/post"}],"author":[{"embeddable":true,"href":"https:\/\/www.europesays.com\/no\/wp-json\/wp\/v2\/users\/2"}],"replies":[{"embeddable":true,"href":"https:\/\/www.europesays.com\/no\/wp-json\/wp\/v2\/comments?post=67590"}],"version-history":[{"count":0,"href":"https:\/\/www.europesays.com\/no\/wp-json\/wp\/v2\/posts\/67590\/revisions"}],"wp:featuredmedia":[{"embeddable":true,"href":"https:\/\/www.europesays.com\/no\/wp-json\/wp\/v2\/media\/67591"}],"wp:attachment":[{"href":"https:\/\/www.europesays.com\/no\/wp-json\/wp\/v2\/media?parent=67590"}],"wp:term":[{"taxonomy":"category","embeddable":true,"href":"https:\/\/www.europesays.com\/no\/wp-json\/wp\/v2\/categories?post=67590"},{"taxonomy":"post_tag","embeddable":true,"href":"https:\/\/www.europesays.com\/no\/wp-json\/wp\/v2\/tags?post=67590"}],"curies":[{"name":"wp","href":"https:\/\/api.w.org\/{rel}","templated":true}]}}