{"id":67594,"date":"2025-10-22T23:35:18","date_gmt":"2025-10-22T23:35:18","guid":{"rendered":"https:\/\/www.europesays.com\/no\/67594\/"},"modified":"2025-10-22T23:35:18","modified_gmt":"2025-10-22T23:35:18","slug":"leder-fa-elsparkesyklene-vekk-fra-fortauene-adressa-no","status":"publish","type":"post","link":"https:\/\/www.europesays.com\/no\/67594\/","title":{"rendered":"Leder: F\u00e5 elsparkesyklene vekk fra fortauene &#8211; adressa.no"},"content":{"rendered":"<ol>\n<li><a href=\"https:\/\/news.google.com\/rss\/articles\/CBMie0FVX3lxTE5LTnRZU0N0eWxOTXl5anFSaW1EQlkxeFNfUnNPeVI0RTRkMm5JaGs5Xzd0aFhNb2xVdVVvQ1duSWFKZTlrZTZWZzhEWjZfZkFKRllaYnA5ejR0VGVkT09VWUV4d0g2bm42V0Z0bG9NLXRtZmVtT211YmFKaw?oc=5\" target=\"_blank\" rel=\"nofollow noopener\">Leder: F\u00e5 elsparkesyklene vekk fra fortauene<\/a>&nbsp;&nbsp;adressa.no<\/li>\n<li><a href=\"https:\/\/news.google.com\/rss\/articles\/CBMi2AFBVV95cUxQdUdmQlZjcXBDRFZHTjh0aGdMTVdzOGtwMnh6MUk4T2ZrSG10allaOVM5UU9JVjNWRFlfeXlsTThxTjZCa2wxMGUxZ3YxLUZDLU5NWmR6QmQ3ZFowRGJFSkl4M1JpNEFLdmY0VnZFcUdjMi1qODFUS3R5Sk1NSFViMmZ2N0ZTSVo1eDYwV0F6VHUxX2RQYUM3ZTVNYkFGQWw3ZV9XLWFXOUQyYUs5TEU0cmZ0MXlzaXJKTlhXeHZ2VmF4NzNIdG5aTF9vQVJ5MVEwUW5kSHprbXk?oc=5\" target=\"_blank\" rel=\"nofollow noopener\">Byr\u00e5det i Oslo s\u00f8ker Samferdselsdepartementet om \u00e5 f\u00e5 forby sparkesykler p\u00e5 fortauet i indre by<\/a>&nbsp;&nbsp;Aftenposten<\/li>\n<li><a href=\"https:\/\/news.google.com\/rss\/articles\/CBMikwFBVV95cUxNN3BVNmRHR0g0bDVUXzBSd0g3cWJuSEhwaTdBWE9tU2R6ZUtLVGFLbm55cGZVaVB2WkVTZER0U0xRcmJYSlhFWV8yNU1SM2J6WnlRenBZdjl5SDBTV2pkb1NKZUZwX29PQXg5c0g3Z3E3akkxZVJWRXM5RnJIQjFWa2kteFZhUWVwOTQyMjZueVYtNUk?oc=5\" target=\"_blank\" rel=\"nofollow noopener\">Politikk, Bystyret | S\u00f8ker regjeringen om forbud. Men syklistene slipper unna<\/a>&nbsp;&nbsp;Avisa Oslo<\/li>\n<li><a href=\"https:\/\/news.google.com\/rss\/articles\/CBMiugFBVV95cUxOeDRpVk5CUWFrZDlCU29aMUt4OFhFNnJ3ekVsaVFMLWJNS21zQ0lEWGwxajB2WVVEZVMxUExBRnFVODRiU1d0Z2s2d1p0X3kzbUNhZ2loTHR5OVFDa3RiVTVLTUZxUGl4QVVNeTJUYnhaMFR6Z0hsalhXS0ktYy1yel9tUlR4cE1lYWc5LV9KVUNYWkRKd0M1T2FUWHRKY19HZUk2MjJKLUZFRUctTkh5Ylg3T1VDemNaZ2c?oc=5\" target=\"_blank\" rel=\"nofollow noopener\">Oslo H\u00f8yre vil forby sykler p\u00e5 fortauet i sentrum<\/a>&nbsp;&nbsp;TV2.no<\/li>\n<li><a href=\"https:\/\/news.google.com\/rss\/articles\/CBMijAFBVV95cUxPZFlOcXVGMGJiN0ZtR0ljRHh6MnptTUZ1MDVxZ0RYb3EzdmxMLTY2TXB4RHNvcFhKdjJYX2Y3QVkwVGZvN3J4MExtTk80S1NaNEZ1bjFOclVzalpvczl4YVVwdHpuYlJHaHR2TE5odWVwY2ZLT2dUbUZEQUt4YW8wa3V4Y1hyQS1pSU9GQw?oc=5\" target=\"_blank\" rel=\"nofollow noopener\">F\u00e5 elsparkesyklene bort fra fortauet!<\/a>&nbsp;&nbsp;Aftenposten<\/li>\n<\/ol>\n","protected":false},"excerpt":{"rendered":"Leder: F\u00e5 elsparkesyklene vekk fra fortauene&nbsp;&nbsp;adressa.no Byr\u00e5det i Oslo s\u00f8ker Samferdselsdepartementet om \u00e5 f\u00e5 forby sparkesykler p\u00e5 fortauet&hellip;\n","protected":false},"author":2,"featured_media":67595,"comment_status":"","ping_status":"","sticky":false,"template":"","format":"standard","meta":{"footnotes":""},"categories":[10],"tags":[20,21,3658,5843,24,25,5844,15,22,23,246,9622,13,30,28,29,14,16,3861,1899,9623,26,27,596],"class_list":{"0":"post-67594","1":"post","2":"type-post","3":"status-publish","4":"format-standard","5":"has-post-thumbnail","7":"category-norge","8":"tag-breaking-news","9":"tag-breakingnews","10":"tag-elsparkesykkel","11":"tag-elsparkesykler","12":"tag-featured-news","13":"tag-featurednews","14":"tag-fortau","15":"tag-headlines","16":"tag-latest-news","17":"tag-latestnews","18":"tag-leder","19":"tag-lederartikkel","20":"tag-news","21":"tag-no","22":"tag-norge","23":"tag-norway","24":"tag-nyheter","25":"tag-overskrifter","26":"tag-samferdselsdepartementet","27":"tag-statens-vegvesen","28":"tag-sykkelvei","29":"tag-top-stories","30":"tag-topstories","31":"tag-trondheim"},"share_on_mastodon":{"url":"","error":""},"_links":{"self":[{"href":"https:\/\/www.europesays.com\/no\/wp-json\/wp\/v2\/posts\/67594","targetHints":{"allow":["GET"]}}],"collection":[{"href":"https:\/\/www.europesays.com\/no\/wp-json\/wp\/v2\/posts"}],"about":[{"href":"https:\/\/www.europesays.com\/no\/wp-json\/wp\/v2\/types\/post"}],"author":[{"embeddable":true,"href":"https:\/\/www.europesays.com\/no\/wp-json\/wp\/v2\/users\/2"}],"replies":[{"embeddable":true,"href":"https:\/\/www.europesays.com\/no\/wp-json\/wp\/v2\/comments?post=67594"}],"version-history":[{"count":0,"href":"https:\/\/www.europesays.com\/no\/wp-json\/wp\/v2\/posts\/67594\/revisions"}],"wp:featuredmedia":[{"embeddable":true,"href":"https:\/\/www.europesays.com\/no\/wp-json\/wp\/v2\/media\/67595"}],"wp:attachment":[{"href":"https:\/\/www.europesays.com\/no\/wp-json\/wp\/v2\/media?parent=67594"}],"wp:term":[{"taxonomy":"category","embeddable":true,"href":"https:\/\/www.europesays.com\/no\/wp-json\/wp\/v2\/categories?post=67594"},{"taxonomy":"post_tag","embeddable":true,"href":"https:\/\/www.europesays.com\/no\/wp-json\/wp\/v2\/tags?post=67594"}],"curies":[{"name":"wp","href":"https:\/\/api.w.org\/{rel}","templated":true}]}}