{"id":67677,"date":"2025-10-23T05:15:09","date_gmt":"2025-10-23T05:15:09","guid":{"rendered":"https:\/\/www.europesays.com\/no\/67677\/"},"modified":"2025-10-23T05:15:09","modified_gmt":"2025-10-23T05:15:09","slug":"brigitte-bardot-ut-mot-dodsrykter","status":"publish","type":"post","link":"https:\/\/www.europesays.com\/no\/67677\/","title":{"rendered":"Brigitte Bardot ut mot d\u00f8dsrykter"},"content":{"rendered":"<p>I et innlegg p\u00e5 <a href=\"https:\/\/x.com\/brigitte_bardot\/status\/1981096210451878354\" rel=\"nofollow\">X<\/a> onsdag kveld svarer den 91 \u00e5r gamle franske skuespilleren p\u00e5 rykter om at hun har g\u00e5tt bort.\u00a0<\/p>\n<p>\u2013 Jeg vet ikke hvilken idiot som satte i gang dette falske ryktet om at jeg er d\u00f8d i kveld, men vit at jeg har det bra og ikke har noen planer om \u00e5 gi meg. For de som forst\u00e5r, s\u00e5 forst\u00e5r de, skriver Bardot i innlegget.\u00a0<\/p>\n<p>Det var influenseren Aniss Zitouni, som g\u00e5r under navnet Aqababe, som meldte p\u00e5 X og Instagram at Bardot hadde d\u00f8dd i S\u00f8r-Frankrike, skriver <a href=\"https:\/\/www.dailymail.co.uk\/tvshowbiz\/article-15218277\/Brigitte-Bardot-statement-denying-died-hospital.html?utm_source=sdrn%3Avg%3Aarticle%3Akw48oQ\" rel=\"nofollow noopener\" target=\"_blank\">Daily Mail<\/a>.\u00a0<\/p>\n<p>\u2013 If\u00f8lge mine eksklusive opplysninger d\u00f8de Brigitte Bardot i dag, skrev Zitouni.\u00a0<\/p>\n<p>P\u00e5standen om 91-\u00e5ringens bortgang kommer etter at Bardot nylig var innlagt p\u00e5 sykehus\u00a0i Saint-Tropez med<a href=\"https:\/\/www.tv2.no\/nyheter\/utskrevet-fra-sykehus\/18204222\/\" rel=\"nofollow noopener\" target=\"_blank\"> en alvorlig sykdom og skal ha gjennomg\u00e5tt en operasjon<\/a>, if\u00f8lge flere franske medier. N\u00e5 er hun skrevet ut. <\/p>\n<p>Hun fikk sitt gjennombrudd med filmen And God Created Woman i 1956, regissert av Roger Vadim, og ble kjent for sin sensualitet og status som sexsymbol. Bardot trakk seg fra skuespilleryrket tidlig p\u00e5 1970-tallet og har siden den gang viet seg til dyrevern.<\/p>\n<p>Dette er ikke f\u00f8rste gang den tidligere filmstjernen har hatt helseproblemer. I 2023 m\u00e5tte redningsmannskaper rykke ut til hennes bolig etter pustevansker under en heteb\u00f8lge. Da forklarte ektemannen Bernard d&#8217;Ormale at hun sliter med varmen.<\/p>\n","protected":false},"excerpt":{"rendered":"I et innlegg p\u00e5 X onsdag kveld svarer den 91 \u00e5r gamle franske skuespilleren p\u00e5 rykter om at&hellip;\n","protected":false},"author":2,"featured_media":67678,"comment_status":"","ping_status":"","sticky":false,"template":"","format":"standard","meta":{"footnotes":""},"categories":[58],"tags":[71,30,28,29,72],"class_list":{"0":"post-67677","1":"post","2":"type-post","3":"status-publish","4":"format-standard","5":"has-post-thumbnail","7":"category-underholdning","8":"tag-entertainment","9":"tag-no","10":"tag-norge","11":"tag-norway","12":"tag-underholdning"},"share_on_mastodon":{"url":"https:\/\/pubeurope.com\/@no\/115421781896798670","error":""},"_links":{"self":[{"href":"https:\/\/www.europesays.com\/no\/wp-json\/wp\/v2\/posts\/67677","targetHints":{"allow":["GET"]}}],"collection":[{"href":"https:\/\/www.europesays.com\/no\/wp-json\/wp\/v2\/posts"}],"about":[{"href":"https:\/\/www.europesays.com\/no\/wp-json\/wp\/v2\/types\/post"}],"author":[{"embeddable":true,"href":"https:\/\/www.europesays.com\/no\/wp-json\/wp\/v2\/users\/2"}],"replies":[{"embeddable":true,"href":"https:\/\/www.europesays.com\/no\/wp-json\/wp\/v2\/comments?post=67677"}],"version-history":[{"count":0,"href":"https:\/\/www.europesays.com\/no\/wp-json\/wp\/v2\/posts\/67677\/revisions"}],"wp:featuredmedia":[{"embeddable":true,"href":"https:\/\/www.europesays.com\/no\/wp-json\/wp\/v2\/media\/67678"}],"wp:attachment":[{"href":"https:\/\/www.europesays.com\/no\/wp-json\/wp\/v2\/media?parent=67677"}],"wp:term":[{"taxonomy":"category","embeddable":true,"href":"https:\/\/www.europesays.com\/no\/wp-json\/wp\/v2\/categories?post=67677"},{"taxonomy":"post_tag","embeddable":true,"href":"https:\/\/www.europesays.com\/no\/wp-json\/wp\/v2\/tags?post=67677"}],"curies":[{"name":"wp","href":"https:\/\/api.w.org\/{rel}","templated":true}]}}