{"id":67687,"date":"2025-10-23T05:39:09","date_gmt":"2025-10-23T05:39:09","guid":{"rendered":"https:\/\/www.europesays.com\/no\/67687\/"},"modified":"2025-10-23T05:39:09","modified_gmt":"2025-10-23T05:39:09","slug":"venezuela-har-5000-russiske-luftvernmissiler-klar","status":"publish","type":"post","link":"https:\/\/www.europesays.com\/no\/67687\/","title":{"rendered":"Venezuela har 5000 russiske luftvernmissiler klar"},"content":{"rendered":"\n<p class=\"_lead_o9xde_2 _lead_xtcu6_50 layout-component text-serif-m layout-normal text-serif-l layout-component layout-wide layout-padded _wide_17hqh_1 layout-padded\">Venezuelas president Nicol\u00e1s Maduro sier landet har 5000 russisk-produserte b\u00e6rbare luftvernmissiler klare til \u00e5 m\u00f8te amerikanske styrker i Karibia.<\/p>\n<p><img alt=\"Under en TV-sendt seremoni med milit\u00e6rledelsen sa Venezuelas president Nicol\u00e1s Maduro at landet har 5000 russiskproduserte kortdistansemissiler av typen Igla-S utplassert p\u00e5 sentrale luftforsvarsposisjoner \u00abfor \u00e5 sikre fred\u00bb.  Foto: Jesus Vargas, AP \/ NTB\" class=\"_image_qp4xg_65 layout-component layout-wide\" data-fullscreen- data-track-element-type=\"Article image fullscreen\" data-track-name=\"ImageFullscreen\" fetchpriority=\"high\" decoding=\"sync\" loading=\"eager\" height=\"4000\" itemprop=\"image\"  src=\"https:\/\/www.europesays.com\/no\/wp-content\/uploads\/2025\/10\/35af141b-8a55-4b7a-996f-d1a68223d3ae\"  style=\"object-position:0% 0%\" width=\"6000\"\/>Under en TV-sendt seremoni med milit\u00e6rledelsen sa Venezuelas president Nicol\u00e1s Maduro at landet har 5000 russiskproduserte kortdistansemissiler av typen Igla-S utplassert p\u00e5 sentrale luftforsvarsposisjoner \u00abfor \u00e5 sikre fred\u00bb.  Foto: Jesus Vargas, AP \/ NTB<\/p>\n<ul aria-hidden=\"true\" class=\"_images_18f0k_111\">\n<li><a class=\"_link_18f0k_116\" href=\"https:\/\/www.vg.no\/forfatter\/ntb\" style=\"z-index:1\" title=\"NTB\" rel=\"nofollow noopener\" target=\"_blank\"><img alt=\"Bilde av NTB\" class=\"_image_18f0k_93\" fetchpriority=\"low\" loading=\"lazy\" decoding=\"async\" itemprop=\"image\"  src=\"https:\/\/www.europesays.com\/no\/wp-content\/uploads\/2025\/10\/1761197949_802_c33980b0-5d07-4027-84a1-813f90a7c8d6\"  width=\"480\"\/><\/a><\/li>\n<\/ul>\n<p> Oppdatert torsdag 23. oktober kl. 07:27     <\/p>\n<p class=\"_paragraph_o9xde_4 _paragraph_xtcu6_10 layout-component text-serif-m layout-normal text-serif-m layout-padded\">USA har utplassert kampfly og marinefart\u00f8y i omr\u00e5det som del av det Washington omtaler som en antinarkotikakampanje, og har \u00f8delagt minst \u00e5tte b\u00e5ter som if\u00f8lge amerikanerne fraktet narkotika fra <a href=\"https:\/\/www.vg.no\/tag\/venezuela?utm_source=vg-article&amp;utm_medium=auto-tagger&amp;utm_campaign=1MgjVq\" class=\"_link_o9xde_39\" rel=\"nofollow noopener\" target=\"_blank\">Venezuela<\/a> mot USA.<\/p>\n<p class=\"_paragraph_o9xde_4 _paragraph_xtcu6_10 layout-component text-serif-m layout-normal text-serif-m layout-padded\">Venezuela har ford\u00f8mt utplasseringen og hevder dette er f\u00f8rste fase i en operasjon for \u00e5 styrte Maduro, som Washington anklager for \u00e5 lede et narkotikakartell.<\/p>\n<p class=\"_paragraph_o9xde_4 _paragraph_xtcu6_10 layout-component text-serif-m layout-normal text-serif-m layout-padded\">Under en TV-sendt seremoni med milit\u00e6rledelsen sa Maduro at Venezuela har 5000 russisk-produserte kortdistansemissiler av typen Igla-S utplassert p\u00e5 sentrale luftforsvarsposisjoner \u00abfor \u00e5 sikre fred\u00bb.<\/p>\n<p class=\"_paragraph_o9xde_4 _paragraph_xtcu6_10 layout-component text-serif-m layout-normal text-serif-m layout-padded\">Se video av et tidligere angrep p\u00e5 en venezuelansk b\u00e5t:<\/p>\n<p class=\"_paragraph_o9xde_4 _paragraph_xtcu6_10 layout-component text-serif-m layout-normal text-serif-m layout-padded\">Missilene, som kan skyte ned lavtflygende fly, har v\u00e6rt brukt i milit\u00e6r\u00f8velser Maduro har beordret som svar p\u00e5 den amerikanske milit\u00e6raktiviteten, som har vakt sterke reaksjoner i Latin-Amerika.<\/p>\n<p class=\"_paragraph_o9xde_4 _paragraph_xtcu6_10 layout-component text-serif-m layout-normal text-serif-m layout-padded\">Pentagon har opplyst til Kongressen at USA er i \u00abv\u00e6pnet konflikt\u00bb med latinamerikanske narkotikakarteller, som betegnes som terrorgrupper og deres medlemmer som \u00abulovlige stridende\u00bb.<\/p>\n<p class=\"_paragraph_o9xde_4 _paragraph_xtcu6_10 layout-component text-serif-m layout-normal text-serif-m layout-padded\">Trump sa onsdag at den amerikanske utplasseringen har redusert smugling via sj\u00f8veien kraftig, og at USA n\u00e5 er forberedt p\u00e5 \u00e5 angripe narkotikasmuglere p\u00e5 land.<\/p>\n","protected":false},"excerpt":{"rendered":"Venezuelas president Nicol\u00e1s Maduro sier landet har 5000 russisk-produserte b\u00e6rbare luftvernmissiler klare til \u00e5 m\u00f8te amerikanske styrker i&hellip;\n","protected":false},"author":2,"featured_media":67688,"comment_status":"","ping_status":"","sticky":false,"template":"","format":"standard","meta":{"footnotes":""},"categories":[12],"tags":[20,21,24,25,15,22,23,13,4037,30,28,29,14,16,26,27,50,95,42,43,44,45],"class_list":{"0":"post-67687","1":"post","2":"type-post","3":"status-publish","4":"format-standard","5":"has-post-thumbnail","7":"category-verden","8":"tag-breaking-news","9":"tag-breakingnews","10":"tag-featured-news","11":"tag-featurednews","12":"tag-headlines","13":"tag-latest-news","14":"tag-latestnews","15":"tag-news","16":"tag-nicolas-maduro","17":"tag-no","18":"tag-norge","19":"tag-norway","20":"tag-nyheter","21":"tag-overskrifter","22":"tag-top-stories","23":"tag-topstories","24":"tag-usa","25":"tag-venezuela","26":"tag-verden","27":"tag-world","28":"tag-world-news","29":"tag-worldnews"},"share_on_mastodon":{"url":"https:\/\/pubeurope.com\/@no\/115421876398552712","error":""},"_links":{"self":[{"href":"https:\/\/www.europesays.com\/no\/wp-json\/wp\/v2\/posts\/67687","targetHints":{"allow":["GET"]}}],"collection":[{"href":"https:\/\/www.europesays.com\/no\/wp-json\/wp\/v2\/posts"}],"about":[{"href":"https:\/\/www.europesays.com\/no\/wp-json\/wp\/v2\/types\/post"}],"author":[{"embeddable":true,"href":"https:\/\/www.europesays.com\/no\/wp-json\/wp\/v2\/users\/2"}],"replies":[{"embeddable":true,"href":"https:\/\/www.europesays.com\/no\/wp-json\/wp\/v2\/comments?post=67687"}],"version-history":[{"count":0,"href":"https:\/\/www.europesays.com\/no\/wp-json\/wp\/v2\/posts\/67687\/revisions"}],"wp:featuredmedia":[{"embeddable":true,"href":"https:\/\/www.europesays.com\/no\/wp-json\/wp\/v2\/media\/67688"}],"wp:attachment":[{"href":"https:\/\/www.europesays.com\/no\/wp-json\/wp\/v2\/media?parent=67687"}],"wp:term":[{"taxonomy":"category","embeddable":true,"href":"https:\/\/www.europesays.com\/no\/wp-json\/wp\/v2\/categories?post=67687"},{"taxonomy":"post_tag","embeddable":true,"href":"https:\/\/www.europesays.com\/no\/wp-json\/wp\/v2\/tags?post=67687"}],"curies":[{"name":"wp","href":"https:\/\/api.w.org\/{rel}","templated":true}]}}