{"id":67777,"date":"2025-10-23T07:38:06","date_gmt":"2025-10-23T07:38:06","guid":{"rendered":"https:\/\/www.europesays.com\/no\/67777\/"},"modified":"2025-10-23T07:38:06","modified_gmt":"2025-10-23T07:38:06","slug":"nho-spadom-dyrtiden-er-over","status":"publish","type":"post","link":"https:\/\/www.europesays.com\/no\/67777\/","title":{"rendered":"NHO-sp\u00e5dom: Dyrtiden er over"},"content":{"rendered":"<p class=\"kicker text-red color_mobile_text-red\" style=\"\">Julehandelen:<\/p>\n<p>  Hver nordmann vil i snitt bruke 26.800 kroner p\u00e5 julehandelen i \u00e5r, tror NHO. De regner med en \u00f8kning i julehandelen p\u00e5 fem prosent sammenlignet med i fjor.<\/p>\n<p>\n    Julehandelen i Karl Johans gate og ellers i Norge ventes \u00e5 \u00f8ke med fem prosent, viser nye NHO-tall. Foto: Terje Pedersen \/ NTB\n  <\/p>\n<p>\u2013 Vi f\u00e5r vekst i julehandelen fordi vi har lagt bak oss dyrtiden. N\u00e5 lysner det for forbrukerne, sier sjef\u00f8konom \u00d8ystein D\u00f8rum i NHO i en pressemelding.<\/p>\n<p>NHO Service og Handel ansl\u00e5r at nordmenn vil handle varer for 150 milliarder kroner i november og desember. Det er fem prosent mer enn i fjor.<\/p>\n<p>\u2013 Bedre kj\u00f8pekraft betyr \u00f8kt forbruk og \u00f8kt omsetning i varehandelen. Utviklingen i 2025 har v\u00e6rt god, sier D\u00f8rum.<\/p>\n<p>          <img loading=\"lazy\" decoding=\"async\" src=\"https:\/\/www.europesays.com\/no\/wp-content\/uploads\/2025\/10\/83758976.webp\" width=\"980\" height=\"559\" title=\"\u2013 Vi f\u00e5r vekst i julehandelen fordi vi har lagt bak oss dyrtiden, sier sjef\u00f8konom \u00d8ystein D\u00f8rum i NHO. Foto: Ole Berg-Rusten \/ NTB\" alt=\"\" class=\"\" style=\"--aspect-ratio-image: 1.75; \"\/><\/p>\n<p>\n          \u2013 Vi f\u00e5r vekst i julehandelen fordi vi har lagt bak oss dyrtiden, sier sjef\u00f8konom \u00d8ystein D\u00f8rum i NHO. Foto: Ole Berg-Rusten \/ NTB\n      <\/p>\n<p>Handler 22 prosent mer i julem\u00e5nedene\t<\/p>\n<p>Etter tre \u00e5r med nedgang i salget, etter den uvanlig h\u00f8ye julehandelen i 2020, ble det i fjor en \u00f8kning i salget, og NHO venter en \u00f8kning i ogs\u00e5 i \u00e5rets julehandel.<\/p>\n<p>\u2013 Reall\u00f8nnsvekst, de f\u00f8rste rentekuttene og flere i arbeid samtidig som ledigheten er lav er drivere som trolig bidrar til en god vekst i \u00e5rets julehandel, sier administrerende direkt\u00f8r Vegard Einan i NHO Service og Handel.<\/p>\n<p>    <a itemprop=\"url\" href=\"https:\/\/sol.no\/nyheter\/en-sosial-krise\/83753979\" rel=\"nofollow noopener\" target=\"_blank\"><\/p>\n<p>      <img loading=\"lazy\" decoding=\"async\" src=\"https:\/\/www.europesays.com\/no\/wp-content\/uploads\/2025\/10\/83753984.webp\" width=\"980\" height=\"441\" title=\"- En sosial krise\" alt=\"\" class=\"lazyload\" style=\"--aspect-ratio-image: 2.22; \"\/><\/p>\n<p>        &#8211; En sosial krise<\/p>\n<p>sol.no<\/p>\n<p>    <\/a><\/p>\n<p>I l\u00f8pet av \u00e5rets to siste m\u00e5neder \u00f8ker nordmenns kj\u00f8p av varer samlet med 22 prosent mot en gjennomsnittlig m\u00e5ned. For enkelte varer som kj\u00f8kkenutstyr, leker og b\u00f8ker mer enn dobles salget i julehandelen.<\/p>\n<p>Black Week viktigere\t<\/p>\n<p>NHO tror at nordmenn vil legge igjen 15 milliarder kroner i norske nettbutikker i l\u00f8pet av julehandelen. Det er 10 prosent mer enn i 2024.<\/p>\n<p>November utgj\u00f8r en stadig st\u00f8rre del av den totale julehandelen og ligger n\u00e5 n\u00e6rt opp til desember. I fjor sto november for 49 prosent av julehandelen. Hver enkelt av oss vil disse m\u00e5nedene i snitt handle mat og drikke, julegaver og andre varer for 26.800 kroner.<\/p>\n<p>\u2013 Forbrukerne vil sannsynligvis ogs\u00e5 i \u00e5r starte julehandelen tidlig slik vi har sett de seneste \u00e5rene og vi forventer at Black Week, i \u00e5r som i fjor, blir viktig for kundenes julehandel, sier D\u00f8rum.<\/p>\n","protected":false},"excerpt":{"rendered":"Julehandelen: Hver nordmann vil i snitt bruke 26.800 kroner p\u00e5 julehandelen i \u00e5r, tror NHO. De regner med&hellip;\n","protected":false},"author":2,"featured_media":67778,"comment_status":"","ping_status":"","sticky":false,"template":"","format":"standard","meta":{"footnotes":""},"categories":[5],"tags":[20,21,24,25,15,19,22,23,17,18,13,30,28,29,14,16,572,4616,26,27],"class_list":{"0":"post-67777","1":"post","2":"type-post","3":"status-publish","4":"format-standard","5":"has-post-thumbnail","7":"category-overskrifter","8":"tag-breaking-news","9":"tag-breakingnews","10":"tag-featured-news","11":"tag-featurednews","12":"tag-headlines","13":"tag-hovedoppslag","14":"tag-latest-news","15":"tag-latestnews","16":"tag-main-news","17":"tag-mainnews","18":"tag-news","19":"tag-no","20":"tag-norge","21":"tag-norway","22":"tag-nyheter","23":"tag-overskrifter","24":"tag-okonomi","25":"tag-privatokonomi","26":"tag-top-stories","27":"tag-topstories"},"share_on_mastodon":{"url":"https:\/\/pubeurope.com\/@no\/115422344304672781","error":""},"_links":{"self":[{"href":"https:\/\/www.europesays.com\/no\/wp-json\/wp\/v2\/posts\/67777","targetHints":{"allow":["GET"]}}],"collection":[{"href":"https:\/\/www.europesays.com\/no\/wp-json\/wp\/v2\/posts"}],"about":[{"href":"https:\/\/www.europesays.com\/no\/wp-json\/wp\/v2\/types\/post"}],"author":[{"embeddable":true,"href":"https:\/\/www.europesays.com\/no\/wp-json\/wp\/v2\/users\/2"}],"replies":[{"embeddable":true,"href":"https:\/\/www.europesays.com\/no\/wp-json\/wp\/v2\/comments?post=67777"}],"version-history":[{"count":0,"href":"https:\/\/www.europesays.com\/no\/wp-json\/wp\/v2\/posts\/67777\/revisions"}],"wp:featuredmedia":[{"embeddable":true,"href":"https:\/\/www.europesays.com\/no\/wp-json\/wp\/v2\/media\/67778"}],"wp:attachment":[{"href":"https:\/\/www.europesays.com\/no\/wp-json\/wp\/v2\/media?parent=67777"}],"wp:term":[{"taxonomy":"category","embeddable":true,"href":"https:\/\/www.europesays.com\/no\/wp-json\/wp\/v2\/categories?post=67777"},{"taxonomy":"post_tag","embeddable":true,"href":"https:\/\/www.europesays.com\/no\/wp-json\/wp\/v2\/tags?post=67777"}],"curies":[{"name":"wp","href":"https:\/\/api.w.org\/{rel}","templated":true}]}}