{"id":67794,"date":"2025-10-23T07:50:19","date_gmt":"2025-10-23T07:50:19","guid":{"rendered":"https:\/\/www.europesays.com\/no\/67794\/"},"modified":"2025-10-23T07:50:19","modified_gmt":"2025-10-23T07:50:19","slug":"kjopte-50-biler-pa-50-arsdagen-lot-dem-ratne-i-skogen","status":"publish","type":"post","link":"https:\/\/www.europesays.com\/no\/67794\/","title":{"rendered":"Kj\u00f8pte 50 biler p\u00e5 50-\u00e5rsdagen \u2013 lot dem r\u00e5tne i skogen"},"content":{"rendered":"\n<p aria-hidden=\"true\" class=\"_introduction_17m6h_13\">Lytt til saken<\/p>\n<p class=\"_paragraph_o9xde_4 _paragraph_xtcu6_10 layout-component text-serif-m layout-normal text-serif-m layout-padded _medium_xtcu6_25\">Michael kj\u00f8pte 50 biler p\u00e5 50-\u00e5rsdagen og lot dem r\u00e5tne i skogen. N\u00e5 har de st\u00e5tt der i 25 \u00e5r og blitt til kunst.<\/p>\n<p><img alt=\"\" class=\"_image_qp4xg_65 layout-component layout-left\" data-fullscreen- data-track-element-type=\"Article image fullscreen\" data-track-name=\"ImageFullscreen\" decoding=\"async\" loading=\"lazy\" height=\"4958\" itemprop=\"image\"  src=\"https:\/\/www.europesays.com\/no\/wp-content\/uploads\/2025\/10\/ddd40aa9-06b6-4751-a771-819945b05f1d\"  style=\"object-position:0% 0%\" width=\"7436\"\/><img alt=\"\" class=\"_image_qp4xg_65 layout-component layout-right\" data-fullscreen- data-track-element-type=\"Article image fullscreen\" data-track-name=\"ImageFullscreen\" decoding=\"async\" loading=\"lazy\" height=\"4682\" itemprop=\"image\"  src=\"https:\/\/www.europesays.com\/no\/wp-content\/uploads\/2025\/10\/b8ef85d8-62c5-48c4-9f45-f6829a2ab04d\"  style=\"object-position:0% 0%\" width=\"6524\"\/><img alt=\"Alle foto: Martin Meissner \/ AP\" class=\"_image_qp4xg_65 layout-component layout-left\" data-fullscreen- data-track-element-type=\"Article image fullscreen\" data-track-name=\"ImageFullscreen\" decoding=\"async\" loading=\"lazy\" height=\"4681\" itemprop=\"image\"  src=\"https:\/\/www.europesays.com\/no\/wp-content\/uploads\/2025\/10\/64eb7561-82fe-4a24-81e4-1c24970ec6fe\"  style=\"object-position:0% 0%\" width=\"7022\"\/>Alle foto: Martin Meissner \/ AP<\/p>\n<p class=\"_paragraph_o9xde_4 _paragraph_xtcu6_10 layout-component text-serif-m layout-normal text-serif-m layout-padded _medium_xtcu6_25\">Michael Froehlich fra Tyskland feiret sin 50-\u00e5rsdag i \u00e5r 2000 p\u00e5 en helt spesiell m\u00e5te. Han kj\u00f8pte 50 veteranbiler, alle produsert samme \u00e5r som han ble f\u00f8dt.<\/p>\n<p><img alt=\"\" class=\"_image_qp4xg_65 layout-component layout-left\" data-fullscreen- data-track-element-type=\"Article image fullscreen\" data-track-name=\"ImageFullscreen\" decoding=\"async\" loading=\"lazy\" height=\"4907\" itemprop=\"image\"  src=\"https:\/\/www.europesays.com\/no\/wp-content\/uploads\/2025\/10\/2db1361b-f83d-4956-aa1e-89c451f2fba2\"  style=\"object-position:0% 0%\" width=\"7361\"\/><img alt=\"\" class=\"_image_qp4xg_65 layout-component layout-right\" data-fullscreen- data-track-element-type=\"Article image fullscreen\" data-track-name=\"ImageFullscreen\" decoding=\"async\" loading=\"lazy\" height=\"5334\" itemprop=\"image\"  src=\"https:\/\/www.europesays.com\/no\/wp-content\/uploads\/2025\/10\/188feb5e-faa5-4e8b-889d-d8ce1c9e959e\"  style=\"object-position:0% 0%\" width=\"6458\"\/><img alt=\"\" class=\"_image_qp4xg_65 layout-component layout-left\" data-fullscreen- data-track-element-type=\"Article image fullscreen\" data-track-name=\"ImageFullscreen\" decoding=\"async\" loading=\"lazy\" height=\"4778\" itemprop=\"image\"  src=\"https:\/\/www.europesays.com\/no\/wp-content\/uploads\/2025\/10\/42016386-6601-4878-a4ab-566db14574dc\"  style=\"object-position:0% 0%\" width=\"6163\"\/><\/p>\n<p class=\"_paragraph_o9xde_4 _paragraph_xtcu6_10 layout-component text-serif-m layout-normal text-serif-m layout-padded _medium_xtcu6_25\">I stedet for \u00e5 restaurere de verdifulle bilene, fjernet han olje og forurensende stoffer og parkerte dem i en privat skog n\u00e6r hjemmet sitt i Vest-Tyskland.<\/p>\n<p class=\"_paragraph_o9xde_4 _paragraph_xtcu6_10 layout-component text-serif-m layout-normal text-serif-m layout-padded _medium_xtcu6_25\">Samlingen inkluderer en Jaguar XK120, en Rolls-Royce Silver Ghost og en Porsche 356. Hvis bilene hadde blitt restaurert, ville de v\u00e6rt verdt millioner, melder <a href=\"https:\/\/apnews.com\/photo-gallery\/photos-antique-cars-cemetery-68a7ece50df3f8f90fb6ea155086204b\" class=\"_link_o9xde_39\" rel=\"nofollow noopener\" target=\"_blank\">Associated Press<\/a>.<\/p>\n<p><img alt=\"\" class=\"_image_qp4xg_65 layout-component layout-left\" data-fullscreen- data-track-element-type=\"Article image fullscreen\" data-track-name=\"ImageFullscreen\" decoding=\"async\" loading=\"lazy\" height=\"4560\" itemprop=\"image\"  src=\"https:\/\/www.europesays.com\/no\/wp-content\/uploads\/2025\/10\/c67ea825-00db-481d-ae4c-acf48afc7726\"  style=\"object-position:0% 0%\" width=\"6318\"\/><img alt=\"\" class=\"_image_qp4xg_65 layout-component layout-right\" data-fullscreen- data-track-element-type=\"Article image fullscreen\" data-track-name=\"ImageFullscreen\" decoding=\"async\" loading=\"lazy\" height=\"4948\" itemprop=\"image\"  src=\"https:\/\/www.europesays.com\/no\/wp-content\/uploads\/2025\/10\/b8defe77-6979-4e5d-acc5-18c8475535f3\"  style=\"object-position:0% 0%\" width=\"7106\"\/><img alt=\"\" class=\"_image_qp4xg_65 layout-component layout-left\" data-fullscreen- data-track-element-type=\"Article image fullscreen\" data-track-name=\"ImageFullscreen\" decoding=\"async\" loading=\"lazy\" height=\"4695\" itemprop=\"image\"  src=\"https:\/\/www.europesays.com\/no\/wp-content\/uploads\/2025\/10\/6842c770-8104-4b35-97e2-454d00ff6ecf\"  style=\"object-position:0% 0%\" width=\"7043\"\/><\/p>\n<p class=\"_paragraph_o9xde_4 _paragraph_xtcu6_10 layout-component text-serif-m layout-normal text-serif-m layout-padded _medium_xtcu6_25\">De st\u00e5r fortsatt parkert i skogen i Neanderthal Valley i Mettmann. N\u00e5 er de dekket av h\u00f8stens l\u00f8v.<\/p>\n<p><img alt=\"\" class=\"_image_qp4xg_65 layout-component layout-left\" data-fullscreen- data-track-element-type=\"Article image fullscreen\" data-track-name=\"ImageFullscreen\" decoding=\"async\" loading=\"lazy\" height=\"5477\" itemprop=\"image\"  src=\"https:\/\/www.europesays.com\/no\/wp-content\/uploads\/2025\/10\/c5cc5562-be24-4f46-ae39-cf5fd0d00e92\"  style=\"object-position:0% 0%\" width=\"8215\"\/><img alt=\"\" class=\"_image_qp4xg_65 layout-component layout-right\" data-fullscreen- data-track-element-type=\"Article image fullscreen\" data-track-name=\"ImageFullscreen\" decoding=\"async\" loading=\"lazy\" height=\"4617\" itemprop=\"image\"  src=\"https:\/\/www.europesays.com\/no\/wp-content\/uploads\/2025\/10\/49ddf96d-f86c-4b76-8a5d-290cd07b93c4\"  style=\"object-position:0% 0%\" width=\"6926\"\/><img alt=\"\" class=\"_image_qp4xg_65 layout-component layout-left\" data-fullscreen- data-track-element-type=\"Article image fullscreen\" data-track-name=\"ImageFullscreen\" decoding=\"async\" loading=\"lazy\" height=\"5045\" itemprop=\"image\"  src=\"https:\/\/www.europesays.com\/no\/wp-content\/uploads\/2025\/10\/31cf7dbb-9fb3-4ce8-b62b-c232f2b75637\"  style=\"object-position:0% 0%\" width=\"7567\"\/><\/p>\n<p class=\"_paragraph_o9xde_4 _paragraph_xtcu6_10 layout-component text-serif-m layout-normal text-serif-m layout-padded _medium_xtcu6_25\">Bilene har blitt til en skulpturpark i skogen. Noen av dem er delvis overtatt av naturen, mens sopp vokser rundt hjulene. I en av Rolls-Royce-bilene sitter det dukker av dronning Elizabeth II og hennes s\u00f8nn Charles.<\/p>\n<p class=\"_paragraph_o9xde_4 _paragraph_xtcu6_10 layout-component text-serif-m layout-normal text-serif-m layout-padded\"><strong class=\"_strong_o9xde_25\">Her kan du f\u00f8lge <a href=\"https:\/\/www.instagram.com\/vgfoto\/\" class=\"_link_o9xde_39\" rel=\"nofollow noopener\" target=\"_blank\">VGs fotojournalister p\u00e5 Instagram<\/a><\/strong><\/p>\n<p class=\"_paragraph_o9xde_4 _paragraph_xtcu6_10 layout-component text-serif-m layout-normal text-serif-m layout-padded _medium_xtcu6_25\"><strong class=\"_strong_o9xde_25\">Her kan du lese flere bildesaker:<\/strong><\/p>\n<p>Les ogs\u00e5<\/p>\n<ul class=\"_list_9vrga_2\">\n<li class=\"_item_9vrga_3\"><a class=\"_link_1woao_14\" data-track-id=\"teaser:5EPb8X\" data-track-impression=\"true\" data-track-name=\"Rush!\" href=\"https:\/\/www.vg.no\/nyheter\/i\/5EPb8X\/bilister-i-koe-paa-kinas-stoerste-bomstasjon\" rel=\"nofollow noopener\" target=\"_blank\">Rush!<img decoding=\"async\" alt=\"\" class=\"_image_1woao_6\" height=\"2325\" loading=\"lazy\"  src=\"https:\/\/www.europesays.com\/no\/wp-content\/uploads\/2025\/10\/19e84923-5546-4d71-92e9-ca683aabf39e\"  width=\"3032\"\/><\/a><\/li>\n<li class=\"_item_9vrga_3\"><a class=\"_link_1woao_14\" data-track-id=\"teaser:Ppk9Le\" data-track-impression=\"true\" data-track-name=\"Ambulanse-karavanen\" href=\"https:\/\/www.vg.no\/nyheter\/i\/Ppk9Le\/ambulanse-karavanen\" rel=\"nofollow noopener\" target=\"_blank\">Ambulanse-karavanen<img decoding=\"async\" alt=\"\" class=\"_image_1woao_6\" height=\"181\" loading=\"lazy\"  src=\"https:\/\/www.europesays.com\/no\/wp-content\/uploads\/2025\/10\/1761205816_663_acbc9dc397891f1974c7f86ad2667fd1.jpg\"  width=\"102\"\/><\/a><\/li>\n<li class=\"_item_9vrga_3\"><a class=\"_link_1woao_14\" data-track-id=\"teaser:dR6yWw\" data-track-impression=\"true\" data-track-name=\"Blod\u00adbadet\" href=\"https:\/\/www.vg.no\/nyheter\/i\/dR6yWw\/ukrainsk-sanatorium-hit-kommer-de-for-aa-skylle-vekk-marerittene\" rel=\"nofollow noopener\" target=\"_blank\">Blod\u00adbadet<img decoding=\"async\" alt=\"\" class=\"_image_1woao_6\" height=\"5481\" loading=\"lazy\"  src=\"https:\/\/www.europesays.com\/no\/wp-content\/uploads\/2025\/10\/126e38b1-4dd6-4587-88a3-ccc8a54cc119\"  width=\"8214\"\/><\/a><\/li>\n<li class=\"_item_9vrga_3\"><a class=\"_link_1woao_14\" data-track-id=\"teaser:XjyG77\" data-track-impression=\"true\" data-track-name=\"Flyttet kirken fem kilometer\" href=\"https:\/\/www.vg.no\/nyheter\/i\/XjyG77\/kiruna-kirke-ble-flyttet-fem-kilometer\" rel=\"nofollow noopener\" target=\"_blank\">Flyttet kirken fem kilometer<img decoding=\"async\" alt=\"\" class=\"_image_1woao_6\" height=\"3640\" loading=\"lazy\"  src=\"https:\/\/www.europesays.com\/no\/wp-content\/uploads\/2025\/10\/f2a1f7b1-fc84-4bff-a088-53f1491a6318\"  width=\"5464\"\/><\/a><\/li>\n<li class=\"_item_9vrga_3\"><a class=\"_link_1woao_14\" data-track-id=\"teaser:252Vxq\" data-track-impression=\"true\" data-track-name=\"\u00d8ye for brann\u00adfare \" href=\"https:\/\/www.vg.no\/nyheter\/i\/252Vxq\/geiter-brukes-som-brannvern-i-spania\" rel=\"nofollow noopener\" target=\"_blank\">\u00d8ye for brann\u00adfare <img decoding=\"async\" alt=\"\" class=\"_image_1woao_6\" height=\"2510\" loading=\"lazy\"  src=\"https:\/\/www.europesays.com\/no\/wp-content\/uploads\/2025\/10\/14d7f733-120d-4671-a8cd-4ea993ab0dbb\"  width=\"3459\"\/><\/a><\/li>\n<li class=\"_item_9vrga_3\"><a class=\"_link_1woao_14\" data-track-id=\"teaser:1MAPXl\" data-track-impression=\"true\" data-track-name=\"Stinkende sj\u00f8gress invaderer Karibia\" href=\"https:\/\/www.vg.no\/nyheter\/i\/1MAPXl\/rekordmengder-stinkende-sjoegress-invaderer-karibiens-strender\" rel=\"nofollow noopener\" target=\"_blank\">Stinkende sj\u00f8gress invaderer Karibia<img decoding=\"async\" alt=\"\" class=\"_image_1woao_6\" height=\"4160\" loading=\"lazy\"  src=\"https:\/\/www.europesays.com\/no\/wp-content\/uploads\/2025\/10\/3298c9c8-47c1-441d-893c-4090d3cfcfd8\"  width=\"5046\"\/><\/a><\/li>\n<li class=\"_item_9vrga_3\"><a class=\"_link_1woao_14\" data-track-id=\"teaser:wgQPKG\" data-track-impression=\"true\" data-track-name=\"Hest og fest\" href=\"https:\/\/www.vg.no\/nyheter\/i\/wgQPKG\/hest-og-fest-i-liverpool\" rel=\"nofollow noopener\" target=\"_blank\">Hest og fest<img decoding=\"async\" alt=\"\" class=\"_image_1woao_6\" height=\"2969\" loading=\"lazy\"  src=\"https:\/\/www.europesays.com\/no\/wp-content\/uploads\/2025\/10\/cff3be83-0af3-4157-b244-d5a50a2e4f64\"  width=\"4115\"\/><\/a><\/li>\n<li class=\"_item_9vrga_3\"><a class=\"_link_1woao_14\" data-track-id=\"teaser:kw7pxA\" data-track-impression=\"true\" data-track-name=\"Gigantisk st\u00f8vstorm\" href=\"https:\/\/www.vg.no\/nyheter\/i\/kw7pxA\/gigantisk-stoevstorm-i-phoenix\" rel=\"nofollow noopener\" target=\"_blank\">Gigantisk st\u00f8vstorm<img decoding=\"async\" alt=\"\" class=\"_image_1woao_6\" height=\"3456\" loading=\"lazy\"  src=\"https:\/\/www.europesays.com\/no\/wp-content\/uploads\/2025\/10\/a63b5551-6f34-4339-a968-38efae8b6467\"  width=\"6433\"\/><\/a><\/li>\n<\/ul>\n<p>    <script async src=\"\/\/www.instagram.com\/embed.js\"><\/script><\/p>\n","protected":false},"excerpt":{"rendered":"Lytt til saken Michael kj\u00f8pte 50 biler p\u00e5 50-\u00e5rsdagen og lot dem r\u00e5tne i skogen. N\u00e5 har de&hellip;\n","protected":false},"author":2,"featured_media":67795,"comment_status":"","ping_status":"","sticky":false,"template":"","format":"standard","meta":{"footnotes":""},"categories":[12],"tags":[290,2074,20,21,24,25,15,22,23,650,13,30,28,29,14,16,26,27,42,7035,46,43,44,45],"class_list":{"0":"post-67794","1":"post","2":"type-post","3":"status-publish","4":"format-standard","5":"has-post-thumbnail","7":"category-verden","8":"tag-bildefortellingen","9":"tag-biler","10":"tag-breaking-news","11":"tag-breakingnews","12":"tag-featured-news","13":"tag-featurednews","14":"tag-headlines","15":"tag-latest-news","16":"tag-latestnews","17":"tag-natur","18":"tag-news","19":"tag-no","20":"tag-norge","21":"tag-norway","22":"tag-nyheter","23":"tag-overskrifter","24":"tag-top-stories","25":"tag-topstories","26":"tag-verden","27":"tag-veteranbil","28":"tag-vgai","29":"tag-world","30":"tag-world-news","31":"tag-worldnews"},"share_on_mastodon":{"url":"https:\/\/pubeurope.com\/@no\/115422392425732501","error":""},"_links":{"self":[{"href":"https:\/\/www.europesays.com\/no\/wp-json\/wp\/v2\/posts\/67794","targetHints":{"allow":["GET"]}}],"collection":[{"href":"https:\/\/www.europesays.com\/no\/wp-json\/wp\/v2\/posts"}],"about":[{"href":"https:\/\/www.europesays.com\/no\/wp-json\/wp\/v2\/types\/post"}],"author":[{"embeddable":true,"href":"https:\/\/www.europesays.com\/no\/wp-json\/wp\/v2\/users\/2"}],"replies":[{"embeddable":true,"href":"https:\/\/www.europesays.com\/no\/wp-json\/wp\/v2\/comments?post=67794"}],"version-history":[{"count":0,"href":"https:\/\/www.europesays.com\/no\/wp-json\/wp\/v2\/posts\/67794\/revisions"}],"wp:featuredmedia":[{"embeddable":true,"href":"https:\/\/www.europesays.com\/no\/wp-json\/wp\/v2\/media\/67795"}],"wp:attachment":[{"href":"https:\/\/www.europesays.com\/no\/wp-json\/wp\/v2\/media?parent=67794"}],"wp:term":[{"taxonomy":"category","embeddable":true,"href":"https:\/\/www.europesays.com\/no\/wp-json\/wp\/v2\/categories?post=67794"},{"taxonomy":"post_tag","embeddable":true,"href":"https:\/\/www.europesays.com\/no\/wp-json\/wp\/v2\/tags?post=67794"}],"curies":[{"name":"wp","href":"https:\/\/api.w.org\/{rel}","templated":true}]}}