{"id":67816,"date":"2025-10-23T08:09:38","date_gmt":"2025-10-23T08:09:38","guid":{"rendered":"https:\/\/www.europesays.com\/no\/67816\/"},"modified":"2025-10-23T08:09:38","modified_gmt":"2025-10-23T08:09:38","slug":"lola-12-ble-drept-faren-dode-av-sorg","status":"publish","type":"post","link":"https:\/\/www.europesays.com\/no\/67816\/","title":{"rendered":"Lola (12) ble drept: &#8211; Faren d\u00f8de av sorg"},"content":{"rendered":"<p>  Redakt\u00f8rene Danby Choi og Magnus Marsdal barket sammen i\u00a0\u00abPolitisk kvarter\u00bb.<\/p>\n<p>\n    KRITISERES: Den \u00abSkal vi danse\u00bb-aktuelle redakt\u00f8ren Danby Choi f\u00e5r hard medfart av forfatter og redakt\u00f8r Magnus Marsdal. Foto: Lars Eivind Bones \/ Dagbladet\n  <\/p>\n<p>I en kronikk i <a href=\"https:\/\/www.morgenbladet.no\/ideer\/danby-pa-glattisen\/10006563\" rel=\"nofollow noopener\" target=\"_blank\">Morgenbladet<\/a>\u00a0har redakt\u00f8r i Manifest Media, Magnus Marsdal, anklaget den\u00a0\u00abSkal vi danse\u00bb-aktuelle Subjekt-redakt\u00f8ren Danby Choi for \u00e5 bruke sin posisjon til \u00e5\u00a0\u00abreinvaske, framheve og hylle bekm\u00f8rke h\u00f8yrekrefter\u00bb i sin omtale av Maga-bevegelsen.<\/p>\n<p>Torsdag morgen barket de to sammen i NRKs\u00a0\u00abPolitisk kvarter\u00bb.<\/p>\n<p>Der blir Danby Choi spurt om han bruker sin posisjon til dette. Han svarer med et motangrep p\u00e5 Marsdals mediebedrift, \u00absom ingen vet hvem er\u00bb.<\/p>\n<p>&#8211; Magnus Marsdal har v\u00e6rt ute p\u00e5 jakt etter norsk h\u00f8yreekstremisme og kommet hjem med en dansende, homofil innvandrer- og gr\u00fcnderredakt\u00f8r. S\u00e5 d\u00e5rlig st\u00e5r det alts\u00e5 til med h\u00f8yreekstremismen i Norge, sier han. <\/p>\n<p>Marsdal og Manifest media er plassert p\u00e5 venstresida i norsk politikk. Choi beskriver seg selv som liberalist.\u00a0<\/p>\n<p>          <img loading=\"lazy\" decoding=\"async\" src=\"https:\/\/www.europesays.com\/no\/wp-content\/uploads\/2025\/10\/83759600.webp\" width=\"980\" height=\"559\" title=\"KRITISERER REDAKT\u00d8RKOLLEGA: Magnus Marsdal, forfatter og redakt\u00f8r i Manifest Media. Foto: Gorm Kallestad \/ NTB\" alt=\"\" class=\"\" style=\"--aspect-ratio-image: 1.75; \"\/><\/p>\n<p>\n          KRITISERER REDAKT\u00d8RKOLLEGA: Magnus Marsdal, forfatter og redakt\u00f8r i Manifest Media. Foto: Gorm Kallestad \/ NTB\n      <\/p>\n<p>Choi: &#8211; Mer uenig enn enig  <\/p>\n<p>Debatten tar s\u00e6rlig for seg den amerikanske Maga-aktivisten Charlie Kirk (31) som ble skutt og drept under et offentlig arrangement ved Utah Valley University 10. september.<\/p>\n<p>Choi har <a href=\"https:\/\/subjekt.no\/2025\/09\/22\/er-det-drapsmannen-eller-drapsofferet-som-minner-om-anders-behring-breivik\/\" rel=\"nofollow noopener\" target=\"_blank\">beskrevet<\/a> ham som en \u00abforbilledlig politiker\u00bb som \u00abm\u00f8tte folk i \u00f8yeh\u00f8yde\u00bb, mens andre har kritisert ekstreme standpunkter og anklaget ham for \u00e5 henge ut uerfarne motdebattanter.<\/p>\n<p>&#8211; Jeg tar avtand fra flere av hans utsagn og er ikke enig i alt han sier. Tvert imot tror jeg at jeg er mer uenig enn enig med Charlie Kirk enn jeg er enig i ham, sier Choi hos NRK.<\/p>\n<p>    <a itemprop=\"url\" href=\"https:\/\/www.dagbladet.no\/kjendis\/kalte-trump-kul-snur-ikke\/82714134\" rel=\"nofollow noopener\" target=\"_blank\"><\/p>\n<p>      <img loading=\"lazy\" decoding=\"async\" src=\"https:\/\/www.europesays.com\/no\/wp-content\/uploads\/2025\/10\/82719447.webp\" width=\"980\" height=\"441\" title=\"Kalte Trump \u00abkul\u00bb: Snur ikke\" alt=\"\" class=\"lazyload\" style=\"--aspect-ratio-image: 2.22; \"\/><\/p>\n<p>        Kalte Trump \u00abkul\u00bb: Snur ikke<\/p>\n<p>    <\/a><\/p>\n<p>Han sier videre at han i dagene etter drapet hadde behov for \u00e5 forsvare hans \u00abrett til \u00e5 ytre seg\u00bb.<\/p>\n<p>Marsdal bemerker at ytringsfriheten st\u00e5r sterkt i norsk offentlighet, og at det Choi egentlig gjorde, var \u00e5 \u00abheise en glorie over enn mann som var tilhenger av politisk vold\u00bb.<\/p>\n<p>&#8211; Det m\u00e5 v\u00e6re lov \u00e5 reagere p\u00e5 den reinvaskinga av bekm\u00f8rk Maga-propaganda og den typen akt\u00f8rer i norsk offentlighet, av en fyr som later som han er en ridder av liberale rettigheter og ytringsfrihet. En som alltid har et problem med dem som p\u00e5peker faren for fascisme, men sjelden har et problem med dem som utf\u00f8rer faren for fascisme, sier Marsdal.<\/p>\n<p>Kirk mente Biden burde f\u00e5 d\u00f8dsstraff<\/p>\n<p>Marsdal mener at Choi har beg\u00e5tt en unnlatelsessynd i \u00e5 ikke nevne aktivistens mest ekstreme standpunkter i sine kommentarer.<\/p>\n<p>Han trekker spesielt fram <a href=\"https:\/\/www.theguardian.com\/us-news\/2025\/sep\/10\/who-is-charlie-kirk-profile\" rel=\"nofollow noopener\" target=\"_blank\">Kirks st\u00f8tte<\/a> til angrepet p\u00e5 Kongressen 6. januar 2021.<\/p>\n<p>Sommeren 2023 omtalte Kirk USAs forrige president Joe Biden som \u00aben korrupt tyrann som, \u00e6rlig talt, burde kastes i fengsel og\/eller id\u00f8mmes d\u00f8dsstraff\u00bb, f\u00f8r han noen m\u00e5neder seinere sa til sine f\u00f8lgere at \u00abDere har en forr\u00e6der som president. Kj\u00f8p v\u00e5pen. Kj\u00f8p ammunisjon!\u00bb.<\/p>\n<p>        HET KONKURRENT: Det er ikke bare seerne som har latt seg imponere av Danby Chois hofter og sexy blikk p\u00e5 \u00abSkal vi danse\u00bb-premieren. Video: Sanne Holt\/ Kine Falch\/ R\u00f8d L\u00f8per\/ TV 2<\/p>\n<p>Bare noen dager f\u00f8r han ble drept skrev Kirk p\u00e5 X at\u00a0\u00abIslam er sverdet venstresida bruker for \u00e5 skj\u00e6re over strupen p\u00e5 Amerika\u00bb.<\/p>\n<p>&#8211; Jeg snakker spesifikt om hans metoder, hvor han slo opp telt p\u00e5 universitetscampuser med mottoet\u00a0\u00abprove me wrong\u00bb. Jeg kan helt fint her p\u00e5 radio si at jeg tar avstand fra disse eksemplene, sier Choi.<\/p>\n<p>Han f\u00e5r sp\u00f8rsm\u00e5l om hvorfor han ikke har nevnt disse uttalelsene i sitt forsvar av Kirk, der han har framholdt at mye som skrives om Kirk er tatt ut av kontekst.\u00a0<\/p>\n<p>&#8211; Det gjorde jeg ikke, fordi jeg \u00f8nsket \u00e5 im\u00f8teg\u00e5 en del ting som var feil i mediene, som hadde blitt tatt ut av kontekst, sier Choi, og legger til at han mener uttalelsene ikke representerer\u00a0\u00abessensen\u00bb av Charlie Kirk.\u00a0<\/p>\n","protected":false},"excerpt":{"rendered":"Redakt\u00f8rene Danby Choi og Magnus Marsdal barket sammen i\u00a0\u00abPolitisk kvarter\u00bb. KRITISERES: Den \u00abSkal vi danse\u00bb-aktuelle redakt\u00f8ren Danby Choi&hellip;\n","protected":false},"author":2,"featured_media":67817,"comment_status":"","ping_status":"","sticky":false,"template":"","format":"standard","meta":{"footnotes":""},"categories":[5],"tags":[20,21,377,24,25,1244,15,19,22,23,17,18,13,30,28,29,14,16,26,27,412],"class_list":{"0":"post-67816","1":"post","2":"type-post","3":"status-publish","4":"format-standard","5":"has-post-thumbnail","7":"category-overskrifter","8":"tag-breaking-news","9":"tag-breakingnews","10":"tag-drap","11":"tag-featured-news","12":"tag-featurednews","13":"tag-frankrike","14":"tag-headlines","15":"tag-hovedoppslag","16":"tag-latest-news","17":"tag-latestnews","18":"tag-main-news","19":"tag-mainnews","20":"tag-news","21":"tag-no","22":"tag-norge","23":"tag-norway","24":"tag-nyheter","25":"tag-overskrifter","26":"tag-top-stories","27":"tag-topstories","28":"tag-utenriks"},"share_on_mastodon":{"url":"https:\/\/pubeurope.com\/@no\/115422466211932191","error":""},"_links":{"self":[{"href":"https:\/\/www.europesays.com\/no\/wp-json\/wp\/v2\/posts\/67816","targetHints":{"allow":["GET"]}}],"collection":[{"href":"https:\/\/www.europesays.com\/no\/wp-json\/wp\/v2\/posts"}],"about":[{"href":"https:\/\/www.europesays.com\/no\/wp-json\/wp\/v2\/types\/post"}],"author":[{"embeddable":true,"href":"https:\/\/www.europesays.com\/no\/wp-json\/wp\/v2\/users\/2"}],"replies":[{"embeddable":true,"href":"https:\/\/www.europesays.com\/no\/wp-json\/wp\/v2\/comments?post=67816"}],"version-history":[{"count":0,"href":"https:\/\/www.europesays.com\/no\/wp-json\/wp\/v2\/posts\/67816\/revisions"}],"wp:featuredmedia":[{"embeddable":true,"href":"https:\/\/www.europesays.com\/no\/wp-json\/wp\/v2\/media\/67817"}],"wp:attachment":[{"href":"https:\/\/www.europesays.com\/no\/wp-json\/wp\/v2\/media?parent=67816"}],"wp:term":[{"taxonomy":"category","embeddable":true,"href":"https:\/\/www.europesays.com\/no\/wp-json\/wp\/v2\/categories?post=67816"},{"taxonomy":"post_tag","embeddable":true,"href":"https:\/\/www.europesays.com\/no\/wp-json\/wp\/v2\/tags?post=67816"}],"curies":[{"name":"wp","href":"https:\/\/api.w.org\/{rel}","templated":true}]}}