{"id":67836,"date":"2025-10-23T08:31:16","date_gmt":"2025-10-23T08:31:16","guid":{"rendered":"https:\/\/www.europesays.com\/no\/67836\/"},"modified":"2025-10-23T08:31:16","modified_gmt":"2025-10-23T08:31:16","slug":"ukraina-politikk-ber-om-svenskegrep-for-a-kontre-trump","status":"publish","type":"post","link":"https:\/\/www.europesays.com\/no\/67836\/","title":{"rendered":"Ukraina, Politikk | Ber om svenskegrep for \u00e5 kontre Trump"},"content":{"rendered":"\n<p>Venstre-leder Guri Melby mener Ap-regjeringen g\u00e5r for langt i \u00e5 presentere den norske \u00abstr\u00f8mst\u00f8tten\u00bb p\u00e5 1,5 milliarder, som ble varslet under Zelenskyjs korte Norgesbes\u00f8k i dag, som ferske penger.<\/p>\n<p>\u2013 Det er synd at regjeringen selger det inn som friske midler, mens det ikke er noen reell \u00f8kning, sier Venstre-lederen, og viser til at st\u00f8tten allerede ligger innbakt i Nansen-programmet p\u00e5 85 millioner for 2026.<\/p>\n<p>\u2013 N\u00e5r de sier ytterligere st\u00f8tte om pengebruken, mener jeg de bidrar til \u00e5 spre en forvirring som ikke er n\u00f8dvendig.<\/p>\n<p>  <a href=\"https:\/\/www.nationen.no\/5-148-809226\" class=\"related-teaser has-image default-story-teaser article--c-eRUmMG article--c-eRUmMG-jKCPdD-design-default\" rel=\"nofollow noopener\" target=\"_blank\"><\/p>\n<p>    <img decoding=\"async\" loading=\"lazy\"  src=\"https:\/\/www.europesays.com\/no\/wp-content\/uploads\/2025\/10\/cueres_scp-mangler_navn_aYeL7n9NadU.jpg\" alt=\"\" class=\"brick-c-cFOWSL\" style=\"\"\/><\/p>\n<p>\n            Les ogs\u00e5<\/p>\n<p>              Avviser Vedum-p\u00e5stand\n        <\/p>\n<p>  <\/a><br \/>\n  Enig med svensk forslag<\/p>\n<p>Sveriges mange\u00e5rige statsminister Carl Bildt tok nylig til orde for at Norge har de finansielle musklene til \u00e5 g\u00e5 inn og erstatte pengest\u00f8tten som vil forsvinne fra USA til Ukraina.<\/p>\n<p>Den tidligere statsministeren skriver i et <a href=\"https:\/\/www.project-syndicate.org\/commentary\/putin-no-path-to-victory-in-ukraine-by-carl-bildt-2025-10\" rel=\"noopener nofollow\" target=\"_blank\">essay<\/a> i Project Syndicate at Norge kan erstatte mye av den st\u00f8tten fra USA til Ukraina som ble kuttet etter at Donald Trump ble president igjen og peker p\u00e5 norske gassinntekter i l\u00f8pet av krigen, if\u00f8lge NTB.<\/p>\n<p>  <a href=\"https:\/\/www.nationen.no\/5-148-808938\" class=\"related-teaser has-image default-story-teaser article--c-eRUmMG article--c-eRUmMG-jKCPdD-design-default\" rel=\"nofollow noopener\" target=\"_blank\"><\/p>\n<p>    <img decoding=\"async\" loading=\"lazy\"  src=\"https:\/\/www.europesays.com\/no\/wp-content\/uploads\/2025\/10\/cueres_scp-mangler_navn_BMMuQnondEc.jpg\" alt=\"\" class=\"brick-c-cFOWSL\" style=\"\"\/><\/p>\n<p>\n            Les ogs\u00e5<\/p>\n<p>              Zelenskyj i Norge: Skal m\u00f8te St\u00f8re\n        <\/p>\n<p>  <\/a><\/p>\n<p>Det st\u00f8tter Melby.<\/p>\n<p>\u2013 Ja, det er jeg egentlig enig i. Ikke at Norge alene kan erstatte USA, men at vi med flere kan bidra mye mer i kroner og \u00f8re. Danmark gir dobbelt s\u00e5 mye som andel av BNP, sier hun.<\/p>\n<p>\u2013 Regjeringen tar ikke en lederrolle om Ukraina i dag, mener Venstre-lederen.<\/p>\n<p>\u2013 Vi vet at amerikanerne ikke kommer til \u00e5 v\u00e6re med \u00e5 finansiere framover. Norge har de finansielle musklene til \u00e5 g\u00e5 foran.<\/p>\n<p>Hun ettersp\u00f8r en mer aktiv rolle fra Norge inn mot London-m\u00f8tet i koalisjonen av de villige fredag. Statsminister Jonas Gahr St\u00f8re (Ap) planlegger \u00e5 delta digitalt p\u00e5 fredagens m\u00f8te, opplyser Statsministerens kontor til NTB.<\/p>\n<p>\u2013 Det er en god arena for den type initiativ. Hvis man lover et l\u00f8ft og samtidig forplikter andre land n\u00e5r amerikanske midler forsvinner, sier Melby.<\/p>\n<p>   <img decoding=\"async\" width=\"7105\" height=\"4737\" fetchpriority=\"low\"  loading=\"lazy\"  src=\"https:\/\/www.europesays.com\/no\/wp-content\/uploads\/2025\/10\/cueres_scp-nkapblcta_NKAPB-Lc6tA.jpg\" alt=\"Oslo 20250402. &#10;Guri Melby (V) deltar p\u00e5 Norsk utenrikspolitisk konferanse 2025 p\u00e5 Sentralen i Oslo onsdag.&#10;Foto: Ole Berg-Rusten \/ NTB\" class=\"brick-c-cFOWSL\" style=\"--brick-image-ratio: 7105 \/ 4737;\"\/><\/p>\n<p>      Venstre-leder Guri Melby (V) mener Norge ikke gir s\u00e5 mye bistand til Ukraina som man kan f\u00e5 inntrykk av. <\/p>\n<p>      Foto: Ole Berg-Rusten \/ NTB\n    <\/p>\n<p>  Peker p\u00e5 gasseksport<\/p>\n<p>De norske str\u00f8m-milliardene som St\u00f8re varslet i dag til Ukraina gis til et krigsherjet land som g\u00e5r den fjerde krigsvinteren i m\u00f8te. Pengene kommer i tillegg til tidligere norsk energist\u00f8tte til Ukraina, som totalt er p\u00e5 6 milliarder.<\/p>\n<p>Samtidig har Finansdepartementet offentliggjort tall som viser at Norge har tjent over 1200 milliarder ekstra p\u00e5 gass i 2022 og 2023. Venstre-lederen mener tallenes tale viser at Norge b\u00e5de har ansvar og mulighet for \u00e5 gi \u00abbetydelig mer\u00bb.<\/p>\n<p>Hun advarer ogs\u00e5 mot at dagens Nansenprogram kan bli for statisk, og \u00f8nsker en ny, tverrpolitisk enighet for et mer ambisi\u00f8s program. Venstre har krevd at den norske pengest\u00f8tten minst b\u00f8r ligge p\u00e5 niv\u00e5 med Danmark, noe som vil inneb\u00e6re en dobling av det norske bidraget, fra regjeringens 85 milliarder til 170 milliarder.<\/p>\n<p>\u2013 Mener dere at Norge b\u00f8r bidra inn i en eventuell fredsstyrke?<\/p>\n<p>\u2013 Det b\u00f8r v\u00e6re en del av diskusjonen. Det mest fornuftige er \u00e5 ikke avvise noe.<\/p>\n<p>\u2013 Du mener det er rom for Norge \u00e5 spille en mer aktiv Ukraina-rolle p\u00e5 tross av at vi har Russland som nabo i nord?<\/p>\n<p>\u2013 Vi m\u00e5 alltid gj\u00f8re avveininger om sikkerhet, og frykten er at Russlands aggresjon rettes mot oss. Men Ukraina er viktig for v\u00e5r egen sikkerhet p\u00e5 kort og lang sikt. Dersom vi st\u00f8tter Ukraina og Putin vinner krigen, f\u00e5r han ogs\u00e5 tilgang p\u00e5 vestlig teknologi og det vil utfordre v\u00e5r sikkerhet.<\/p>\n","protected":false},"excerpt":{"rendered":"Venstre-leder Guri Melby mener Ap-regjeringen g\u00e5r for langt i \u00e5 presentere den norske \u00abstr\u00f8mst\u00f8tten\u00bb p\u00e5 1,5 milliarder, som&hellip;\n","protected":false},"author":2,"featured_media":67837,"comment_status":"","ping_status":"","sticky":false,"template":"","format":"standard","meta":{"footnotes":""},"categories":[12],"tags":[36,20,21,24,25,1099,15,22,23,13,30,28,29,14,16,41,1510,26,27,489,42,43,44,45],"class_list":{"0":"post-67836","1":"post","2":"type-post","3":"status-publish","4":"format-standard","5":"has-post-thumbnail","7":"category-verden","8":"tag-art","9":"tag-breaking-news","10":"tag-breakingnews","11":"tag-featured-news","12":"tag-featurednews","13":"tag-guri-melby","14":"tag-headlines","15":"tag-latest-news","16":"tag-latestnews","17":"tag-news","18":"tag-no","19":"tag-norge","20":"tag-norway","21":"tag-nyheter","22":"tag-overskrifter","23":"tag-politikk","24":"tag-story","25":"tag-top-stories","26":"tag-topstories","27":"tag-ukraina","28":"tag-verden","29":"tag-world","30":"tag-world-news","31":"tag-worldnews"},"share_on_mastodon":{"url":"https:\/\/pubeurope.com\/@no\/115422552744599236","error":""},"_links":{"self":[{"href":"https:\/\/www.europesays.com\/no\/wp-json\/wp\/v2\/posts\/67836","targetHints":{"allow":["GET"]}}],"collection":[{"href":"https:\/\/www.europesays.com\/no\/wp-json\/wp\/v2\/posts"}],"about":[{"href":"https:\/\/www.europesays.com\/no\/wp-json\/wp\/v2\/types\/post"}],"author":[{"embeddable":true,"href":"https:\/\/www.europesays.com\/no\/wp-json\/wp\/v2\/users\/2"}],"replies":[{"embeddable":true,"href":"https:\/\/www.europesays.com\/no\/wp-json\/wp\/v2\/comments?post=67836"}],"version-history":[{"count":0,"href":"https:\/\/www.europesays.com\/no\/wp-json\/wp\/v2\/posts\/67836\/revisions"}],"wp:featuredmedia":[{"embeddable":true,"href":"https:\/\/www.europesays.com\/no\/wp-json\/wp\/v2\/media\/67837"}],"wp:attachment":[{"href":"https:\/\/www.europesays.com\/no\/wp-json\/wp\/v2\/media?parent=67836"}],"wp:term":[{"taxonomy":"category","embeddable":true,"href":"https:\/\/www.europesays.com\/no\/wp-json\/wp\/v2\/categories?post=67836"},{"taxonomy":"post_tag","embeddable":true,"href":"https:\/\/www.europesays.com\/no\/wp-json\/wp\/v2\/tags?post=67836"}],"curies":[{"name":"wp","href":"https:\/\/api.w.org\/{rel}","templated":true}]}}