{"id":67851,"date":"2025-10-23T08:51:13","date_gmt":"2025-10-23T08:51:13","guid":{"rendered":"https:\/\/www.europesays.com\/no\/67851\/"},"modified":"2025-10-23T08:51:13","modified_gmt":"2025-10-23T08:51:13","slug":"politi-haugalandet-tenaringer-siktet-for-forbund-om-framkalling-av-fare-for-allmennheten-ber-om-forlenget-fengsling","status":"publish","type":"post","link":"https:\/\/www.europesays.com\/no\/67851\/","title":{"rendered":"Politi, Haugalandet | Ten\u00e5ringer siktet for forbund om framkalling av fare for allmennheten: Ber om forlenget fengsling"},"content":{"rendered":"\n<p><b>HAUGALANDET: <\/b>De er begge siktet for forbund om framkalling av fare for allmennheten, og ble torsdag forrige uke varetektsfengslet i \u00e9n uke.<\/p>\n<p>I dag ber p\u00e5talemyndigheten om at de to siktede fengsles i ytterligere to uker.<\/p>\n<p>Les mer om hva siktelsen mot guttene g\u00e5r ut p\u00e5 lenger ned i saken.<\/p>\n<p><b>\u2013 Vi ber om at fengslingsperioden forlenges p\u00e5 bakgrunn av bevisforspillelsesfare. Politiet er fortsatt i en tidlig etterforskningsfase, og det gjenst\u00e5r en del arbeid. Det p\u00e5g\u00e5r fortsatt gjennomgang av elektronisk beslag, sier politiinspekt\u00f8r Mads Lerum og legger til:<\/b><\/p>\n<p><b>\u2013 Av hensyn til den p\u00e5g\u00e5ende etterforskningen m\u00e5 vi begrense deling av saksopplysninger i denne perioden. Vi \u00f8nsker ikke \u00e5 opplyse hvilken type handling politiet mener at de har inng\u00e5tt avtale om \u00e5 gjennomf\u00f8re, eller hvor dette skulle skje.<\/b><\/p>\n<p>   <img decoding=\"async\" width=\"3024\" height=\"2362\" fetchpriority=\"low\"  loading=\"lazy\"  src=\"https:\/\/www.europesays.com\/no\/wp-content\/uploads\/2025\/10\/Lerum.jpg\" alt=\"Mads Lerum, politiadvokat i S\u00f8r-Vest politidistrikt.\" class=\"brick-c-cFOWSL\" style=\"--brick-image-ratio: 3024 \/ 2362;\"\/><\/p>\n<p>      POLITIINSPEKT\u00d8R: Mads Lerum, politiinspekt\u00f8r i S\u00f8r-Vest politidistrikt.<br \/>\n      Foto: Politiet\n    <\/p>\n<p>Politiet har tidligere sagt at en del av etterforskningen dreier seg om \u00e5 unders\u00f8ke om de siktede har tilknytning til et kriminelt nettverk.<\/p>\n<p><b>\u2013 Dette arbeidet fortsetter, og vi kan ikke gi flere detaljer om dette n\u00e5, sier Lerum. <\/b><\/p>\n<p>Siktelsen<\/p>\n<p>Guttene er siktet for brudd p\u00e5 straffelovens paragraf 357 (forbund om \u00e5 beg\u00e5 en straffbar handling), med referanse til straffelovens paragraf 355.<\/p>\n<p><b>Der st\u00e5r det \u00abmed fengsel fra 2 \u00e5r inntil 15 \u00e5r straffes den som for\u00e5rsaker brann, oversv\u00f8mmelse, sprengning, sammenstyrtning, sj\u00f8skade, jernbaneulykke, luftfartsulykke eller lignende ulykke, som lett kan medf\u00f8re tap av menneskeliv\u00bb.<\/b><\/p>\n<p>Strafferammen for siktelsene er satt til seks \u00e5rs fengsel.<\/p>\n<p>Utelukker ikke flere p\u00e5gripelser<\/p>\n<p>Politiet vil fortsatt ikke utelukke flere p\u00e5gripelser i saken.<\/p>\n<p>De siktede framstilles i dag for fengsling i Agder tingrett, rettssted Kristiansand, klokken 10.00 og S\u00f8r-Rogaland tingrett, rettssted Sandnes, klokken 12.00.<\/p>\n<p>P\u00e5talemyndigheten vil begj\u00e6re at de to siktede ilegges brev- og bes\u00f8ksforbud, og at fengslingsm\u00f8tene g\u00e5r for lukkede d\u00f8rer, forteller politiet.<\/p>\n<p><b>Les flere saker: <\/b><\/p>\n<p>  <a href=\"https:\/\/www.h-avis.no\/5-62-1938256\" class=\"related-teaser has-image default-story-teaser article--c-eRUmMG article--c-eRUmMG-jKCPdD-design-default\" rel=\"nofollow noopener\" target=\"_blank\"><\/p>\n<p>    <img decoding=\"async\" loading=\"lazy\"  src=\"https:\/\/www.europesays.com\/no\/wp-content\/uploads\/2025\/10\/1761209473_473_Else_Lokna3.jpg\" alt=\"\" class=\"brick-c-cFOWSL\" style=\"\"\/><\/p>\n<p>\n            Les ogs\u00e5<\/p>\n<p>              To mindre\u00e5rige siktet for planlegging av alvorlig kriminell handling\n        <\/p>\n<p>  <\/a><\/p>\n<p>  <a href=\"https:\/\/www.h-avis.no\/5-62-1939965\" class=\"related-teaser has-image default-story-teaser article--c-eRUmMG article--c-eRUmMG-jKCPdD-design-default\" rel=\"nofollow noopener\" target=\"_blank\"><\/p>\n<p>    <img decoding=\"async\" loading=\"lazy\"  src=\"https:\/\/www.europesays.com\/no\/wp-content\/uploads\/2025\/10\/1F6B5820.JPG\" alt=\"\" class=\"brick-c-cFOWSL\" style=\"\"\/><\/p>\n<p>\n            Les ogs\u00e5<\/p>\n<p>              Overbevist om at Oslo-tilstandene kommer til Haugesund: \u2013 Naivt \u00e5 tro noe annet\n        <\/p>\n<p>  <\/a><\/p>\n","protected":false},"excerpt":{"rendered":"HAUGALANDET: De er begge siktet for forbund om framkalling av fare for allmennheten, og ble torsdag forrige uke&hellip;\n","protected":false},"author":2,"featured_media":23205,"comment_status":"","ping_status":"","sticky":false,"template":"","format":"standard","meta":{"footnotes":""},"categories":[10],"tags":[36,20,21,24,25,9167,15,22,23,13,30,28,29,14,16,254,2610,1510,26,27],"class_list":{"0":"post-67851","1":"post","2":"type-post","3":"status-publish","4":"format-standard","5":"has-post-thumbnail","7":"category-norge","8":"tag-art","9":"tag-breaking-news","10":"tag-breakingnews","11":"tag-featured-news","12":"tag-featurednews","13":"tag-haugalandet","14":"tag-headlines","15":"tag-latest-news","16":"tag-latestnews","17":"tag-news","18":"tag-no","19":"tag-norge","20":"tag-norway","21":"tag-nyheter","22":"tag-overskrifter","23":"tag-politi","24":"tag-sor-vest-politidistrikt","25":"tag-story","26":"tag-top-stories","27":"tag-topstories"},"share_on_mastodon":{"url":"https:\/\/pubeurope.com\/@no\/115422631407488704","error":""},"_links":{"self":[{"href":"https:\/\/www.europesays.com\/no\/wp-json\/wp\/v2\/posts\/67851","targetHints":{"allow":["GET"]}}],"collection":[{"href":"https:\/\/www.europesays.com\/no\/wp-json\/wp\/v2\/posts"}],"about":[{"href":"https:\/\/www.europesays.com\/no\/wp-json\/wp\/v2\/types\/post"}],"author":[{"embeddable":true,"href":"https:\/\/www.europesays.com\/no\/wp-json\/wp\/v2\/users\/2"}],"replies":[{"embeddable":true,"href":"https:\/\/www.europesays.com\/no\/wp-json\/wp\/v2\/comments?post=67851"}],"version-history":[{"count":0,"href":"https:\/\/www.europesays.com\/no\/wp-json\/wp\/v2\/posts\/67851\/revisions"}],"wp:featuredmedia":[{"embeddable":true,"href":"https:\/\/www.europesays.com\/no\/wp-json\/wp\/v2\/media\/23205"}],"wp:attachment":[{"href":"https:\/\/www.europesays.com\/no\/wp-json\/wp\/v2\/media?parent=67851"}],"wp:term":[{"taxonomy":"category","embeddable":true,"href":"https:\/\/www.europesays.com\/no\/wp-json\/wp\/v2\/categories?post=67851"},{"taxonomy":"post_tag","embeddable":true,"href":"https:\/\/www.europesays.com\/no\/wp-json\/wp\/v2\/tags?post=67851"}],"curies":[{"name":"wp","href":"https:\/\/api.w.org\/{rel}","templated":true}]}}