{"id":67881,"date":"2025-10-23T09:31:13","date_gmt":"2025-10-23T09:31:13","guid":{"rendered":"https:\/\/www.europesays.com\/no\/67881\/"},"modified":"2025-10-23T09:31:13","modified_gmt":"2025-10-23T09:31:13","slug":"ut-mot-jan-christian-vestre-rydd-opp","status":"publish","type":"post","link":"https:\/\/www.europesays.com\/no\/67881\/","title":{"rendered":"Ut mot Jan Christian Vestre: \u2013 Rydd opp"},"content":{"rendered":"\n<p class=\"_lead_o9xde_2 _lead_xtcu6_50 layout-component text-serif-m layout-normal text-serif-l layout-component layout-wide layout-padded _wide_17hqh_1 layout-padded\">Fremskritts\u00adpartiets helsepolitiske talsperson frykter at ambulanse\u00adarbeidere vil d\u00f8 f\u00f8r regjeringen f\u00e5r p\u00e5 plass nasjonale retnings\u00adlinjer for merking av farlige pasienter. <\/p>\n<p><img alt=\"I slutten av september ble en kvinnelig ambulansearbeider drept p\u00e5 jobb i Nordanstig kommune i Sverige.\u00a0 Foto: Mats Andersson\/TT \/ TT Nyhetsbyr\u00e5n \/ NTB\" class=\"_image_qp4xg_65 layout-component layout-wide\" data-fullscreen- data-track-element-type=\"Article image fullscreen\" data-track-name=\"ImageFullscreen\" fetchpriority=\"high\" decoding=\"sync\" loading=\"eager\" height=\"4000\" itemprop=\"image\"  src=\"https:\/\/www.europesays.com\/no\/wp-content\/uploads\/2025\/10\/204d7fa9-6af1-478e-bbfc-b9cd09b93460\"  style=\"object-position:0% 0%\" width=\"6000\"\/>I slutten av september ble en kvinnelig ambulansearbeider drept p\u00e5 jobb i Nordanstig kommune i Sverige.\u00a0 Foto: Mats Andersson\/TT \/ TT Nyhetsbyr\u00e5n \/ NTB<\/p>\n<ul aria-hidden=\"true\" class=\"_images_18f0k_111\">\n<li><a class=\"_link_18f0k_116\" href=\"https:\/\/www.vg.no\/forfatter\/bendik-hansen\" style=\"z-index:1\" title=\"Bendik Hansen\" rel=\"nofollow noopener\" target=\"_blank\"><img alt=\"Bilde av Bendik Hansen\" class=\"_image_18f0k_93\" fetchpriority=\"low\" loading=\"lazy\" decoding=\"async\" itemprop=\"image\"  src=\"https:\/\/www.europesays.com\/no\/wp-content\/uploads\/2025\/10\/1761211869_551_236bc5a3-2236-4046-b957-81f29d024aa6\"  width=\"480\"\/><\/a><\/li>\n<\/ul>\n<p> Oppdatert torsdag 23. oktober kl. 10:56    <\/p>\n<ul class=\"_list_o9xde_3 _list_64s2r_85 _unordered_o9xde_106 text-sans-m\">\n<li class=\"_item_o9xde_30\">Frps helsepolitiske talsperson Kristian Eilertsen advarer om at ambulansearbeidere kan d\u00f8 f\u00f8r nasjonale retningslinjer for merking av farlige pasienter er p\u00e5 plass.<\/li>\n<li class=\"_item_o9xde_30\">AMK melder mer vold, trusler og v\u00e5pen.<\/li>\n<li class=\"_item_o9xde_30\">Regjeringen vil endre lovverket for mer informasjonsdeling, men endringer m\u00e5 p\u00e5 h\u00f8ring og vedtas i Stortinget.<\/li>\n<\/ul>\n<p>Vis mer <\/p>\n<p class=\"_paragraph_o9xde_4 _paragraph_xtcu6_10 layout-component text-serif-m layout-normal text-serif-m layout-padded\">Forrige uke kunne VG vise hvordan <a href=\"https:\/\/www.vg.no\/nyheter\/i\/RzvznA\/ambulansearbeidere-blir-bitt-slaatt-og-lugget-sliter-med-aa-anbefale-yrket\" data-track-element-type=\"Link\" data-track-id=\"link:RzvznA\" class=\"_link_o9xde_39\" rel=\"nofollow noopener\" target=\"_blank\">flere AMK-sentraler har merket en \u00f8kning i volds- og trussel\u00adhendelser<\/a> n\u00e5r ambulansearbeidere rykker ut p\u00e5 oppdrag. Oversikten kommer en m\u00e5ned etter at en <a href=\"https:\/\/www.vg.no\/nyheter\/i\/o34AeW\/ambulansearbeider-doed-etter-overfall-i-sverige-mann-paagrepet-for-drap\" data-track-element-type=\"Link\" data-track-id=\"link:o34AeW\" class=\"_link_o9xde_39\" rel=\"nofollow noopener\" target=\"_blank\">svensk ambulanse\u00adarbeider ble drept p\u00e5 oppdrag<\/a>.<\/p>\n<p class=\"_paragraph_o9xde_4 _paragraph_xtcu6_10 layout-component text-serif-m layout-normal text-serif-m layout-padded\">I Norge finnes det ikke noe nasjonalt register for potensielt farlige pasienter. <\/p>\n<p class=\"_paragraph_o9xde_4 _paragraph_xtcu6_10 layout-component text-serif-m layout-normal text-serif-m layout-padded\">Regjeringen, med Arbeiderpartiet i spissen, har foresl\u00e5tt endringer i regelverket for deling av pasientdata og taushetsplikt, som n\u00e5 skal behandles av Stortinget. <\/p>\n<p class=\"_paragraph_o9xde_4 _paragraph_xtcu6_10 layout-component text-serif-m layout-normal layout-padded\"><strong class=\"_strong_o9xde_25\">Les ogs\u00e5:<\/strong> <a href=\"https:\/\/www.vg.no\/i\/RzvznA\" data-track-element-type=\"Link\" data-track-id=\"link:RzvznA\" class=\"_link_o9xde_39\" rel=\"nofollow noopener\" target=\"_blank\">Blir bitt, sl\u00e5tt og lugget p\u00e5 jobb: \u2013 Vi har ingen \u00e5 miste<\/a><\/p>\n<p class=\"_paragraph_o9xde_4 _paragraph_xtcu6_10 layout-component text-serif-m layout-normal text-serif-m layout-padded\">For lite, for sent, freser Fremskrittspartiets nye helsepolitiske talsperson til VG.<\/p>\n<p class=\"_paragraph_o9xde_4 _paragraph_xtcu6_10 layout-component text-serif-m layout-normal text-serif-m layout-padded\"><strong class=\"_strong_o9xde_25\">\u2013 Man sporer ingen tiltak for \u00e5 trygge arbeidshverdagen for de som i ytterste konsekvens ofrer sitt eget liv og sin egen helse for \u00e5 trygge oss andre, mener Kristian Eilertsen.<\/strong><\/p>\n<p><img alt=\"Fremskrittspartiet mener helse- og omsorgsminister Jan Christian Vestre somler med \u00e5 f\u00e5 p\u00e5 plass nye regler for deling av data om farlige pasienter.  Foto: Beate Oma Dahle \/ NTB\" class=\"_image_qp4xg_65 layout-component layout-normal\" data-fullscreen- data-track-element-type=\"Article image fullscreen\" data-track-name=\"ImageFullscreen\" decoding=\"async\" loading=\"lazy\" height=\"5124\" itemprop=\"image\"  src=\"https:\/\/www.europesays.com\/no\/wp-content\/uploads\/2025\/10\/1a3b6527-685f-47a5-85b2-ed31bc90ee15\"  style=\"object-position:0% 0%\" width=\"7686\"\/>Fremskrittspartiet mener helse- og omsorgsminister Jan Christian Vestre somler med \u00e5 f\u00e5 p\u00e5 plass nye regler for deling av data om farlige pasienter.  Foto: Beate Oma Dahle \/ NTBHardt ut mot Ap: \u2013 Masse selvf\u00f8lgeligheter<\/p>\n<p class=\"_paragraph_o9xde_4 _paragraph_xtcu6_10 layout-component text-serif-m layout-normal text-serif-m layout-padded\">Flere AMKAMKAkuttmedisinsk kommunikasjonssentral (AMK) betjener n\u00f8dnummeret 113 og h\u00e5ndterer medisinsk n\u00f8dmelde- og kommunikasjonstjeneste.-ledere VG har v\u00e6rt i kontakt med forteller om pasienter som biter, sl\u00e5r og truer, og en \u00f8kning i antall pasienter med v\u00e5pen. <\/p>\n<p class=\"_paragraph_o9xde_4 _paragraph_xtcu6_10 layout-component text-serif-m layout-normal text-serif-m layout-padded\">\u2013 Disse situasjonene er nesten s\u00e5 vanlige at det ene avl\u00f8ser det andre, sier ambulansearbeider Christin \u00d8deg\u00e5rd Haslestad til VG. <\/p>\n<p class=\"_paragraph_o9xde_4 _paragraph_xtcu6_10 layout-component text-serif-m layout-normal text-serif-m layout-padded\">Hun har jobbet p\u00e5 ambulanse i over 20 \u00e5r, har en datter som er ambulansearbeider og er yrkesseksjonsleder i Fagforbundet. N\u00e5 sliter hun med \u00e5 anbefale yrket til andre, forteller hun. <\/p>\n<p><img alt=\"Christin og datteren Amalie \u00d8deg\u00e5rd Haslestad jobber begge som ambulansearbeidere p\u00e5 S\u00f8rlandet.  Foto: Foto: Privat\" class=\"_image_qp4xg_65 layout-component layout-normal\" data-fullscreen- data-track-element-type=\"Article image fullscreen\" data-track-name=\"ImageFullscreen\" decoding=\"async\" loading=\"lazy\" height=\"810\" itemprop=\"image\"  src=\"https:\/\/www.europesays.com\/no\/wp-content\/uploads\/2025\/10\/cc3f451f-9eff-47aa-9712-131363476e12\"  style=\"object-position:0% 0%\" width=\"1080\"\/>Christin og datteren Amalie \u00d8deg\u00e5rd Haslestad jobber begge som ambulansearbeidere p\u00e5 S\u00f8rlandet.  Foto: Foto: Privat<\/p>\n<p class=\"_paragraph_o9xde_4 _paragraph_xtcu6_10 layout-component text-serif-m layout-normal text-serif-m layout-padded\">Fremskrittspartiets helsepolitiske talsperson frykter ambulansearbeidere kan bli drept p\u00e5 jobb, mens regjeringen jobber med \u00e5 endre regelverket for deling av data om farlige pasienter. <\/p>\n<p class=\"_paragraph_o9xde_4 _paragraph_xtcu6_10 layout-component text-serif-m layout-normal text-serif-m layout-padded\">Han g\u00e5r ogs\u00e5 ut mot statssekret\u00e6r Karl Kristian Bekengs (Ap) <a href=\"https:\/\/www.vg.no\/nyheter\/i\/qPGWng\/ambulansearbeider-drept-i-sverige-frykter-at-det-kan-skje-i-norge\" data-track-element-type=\"Link\" data-track-id=\"link:qPGWng\" class=\"_link_o9xde_39\" rel=\"nofollow noopener\" target=\"_blank\">tidligere uttalelser til VG.<\/a><\/p>\n<p class=\"_paragraph_o9xde_4 _paragraph_xtcu6_10 layout-component text-serif-m layout-normal text-serif-m layout-padded\">\u2013 Han serverer masse selvf\u00f8lgeligheter om at alle skal ha det trygt p\u00e5 jobb. Selvf\u00f8lgelig er alle enig i det, men hva gj\u00f8r regjeringen og helseministeren med dette? <\/p>\n<p class=\"_paragraph_o9xde_4 _paragraph_xtcu6_10 layout-component text-serif-m layout-normal text-serif-m layout-padded\">Eilertsen svarer p\u00e5 eget sp\u00f8rsm\u00e5l:<\/p>\n<p class=\"_paragraph_o9xde_4 _paragraph_xtcu6_10 layout-component text-serif-m layout-normal text-serif-m layout-padded\"><strong class=\"_strong_o9xde_25\">\u2013 Man sporer ingen tiltak for \u00e5 trygge arbeidshverdagen for de som i ytterste konsekvens ofrer sitt eget liv og sin egen helse for \u00e5 trygge oss andre. <\/strong><\/p>\n<p class=\"_paragraph_o9xde_4 _paragraph_xtcu6_10 layout-component text-serif-m layout-normal layout-padded\"><strong class=\"_strong_o9xde_25\">Les ogs\u00e5:<\/strong> <a href=\"https:\/\/www.vg.no\/i\/qPGWng\" data-track-element-type=\"Link\" data-track-id=\"link:qPGWng\" class=\"_link_o9xde_39\" rel=\"nofollow noopener\" target=\"_blank\">Sl\u00e5r alarm etter ambulanse\u00addrap: \u2013 Kjempe\u00adskummelt<\/a><\/p>\n<p class=\"_paragraph_o9xde_4 _paragraph_xtcu6_10 layout-component text-serif-m layout-normal text-serif-m layout-padded\">Eilertsen mener at det har blitt en stadig mer brutal hverdag de siste fire \u00e5rene, mens Arbeiderpartiet har styrt landet. Ofte er ambulansearbeidere eller det lokale brannvesenet f\u00f8rst p\u00e5 stedet n\u00e5r n\u00f8detatene rykker ut. <\/p>\n<p class=\"_paragraph_o9xde_4 _paragraph_xtcu6_10 layout-component text-serif-m layout-normal text-serif-m layout-padded\">\u2013 Da er man n\u00f8dt til \u00e5 ha grunnleggende informasjon om de man skal ut og m\u00f8te, sier han. <\/p>\n<p><img decoding=\"async\" alt=\"Bilde av Kristian Eilertsen\" class=\"_image_ygndg_42\" height=\"27\" itemprop=\"image\" loading=\"lazy\"  src=\"https:\/\/www.europesays.com\/no\/wp-content\/uploads\/2025\/10\/a791b72e-7650-45c1-bbee-ae0ff52bcfeb\"  width=\"40\"\/><strong class=\"_name_ygndg_51 title-serif-xs\">Kristian Eilertsen<\/strong><\/p>\n<p class=\"_paragraph_o9xde_4 text-sans-m _description_ygndg_56\">Helsepolitisk talsperson i Fremskrittspartiet <\/p>\n<p class=\"_paragraph_o9xde_4 _paragraph_xtcu6_10 layout-component text-serif-m layout-normal text-serif-m layout-padded\">\u2013 Ambulansearbeidere sier til VG at dette har v\u00e6rt et problem i flere \u00e5r, ogs\u00e5 f\u00f8r Arbeiderpartiet satt i regjering? Dette er vel ogs\u00e5 noe Frp kunne gjort noe med da dere var i regjering?<\/p>\n<p class=\"_paragraph_o9xde_4 _paragraph_xtcu6_10 layout-component text-serif-m layout-normal text-serif-m layout-padded\">\u2013 Ja, men den utviklingen som har v\u00e6rt s\u00e6rlig de siste fire \u00e5rene tror jeg alle er enige om at har v\u00e6rt veldig alvorlig. Det som er viktig n\u00e5 er \u00e5 f\u00e5 gjort noe, sier Eilertsen, som igjen understreker at \u00abvi ikke har tid til \u00e5 vente p\u00e5 flere byr\u00e5kratiske prosesser\u00bb. <\/p>\n<p class=\"_paragraph_o9xde_4 _paragraph_xtcu6_10 layout-component text-serif-m layout-normal text-serif-m layout-padded\"><strong class=\"_strong_o9xde_25\">Han kommer med en utfordring til helseminister <a href=\"https:\/\/www.vg.no\/tag\/jan-christian-vestre?utm_source=vg-article&amp;utm_medium=auto-tagger&amp;utm_campaign=jQ6q5A\" class=\"_link_o9xde_39\" rel=\"nofollow noopener\" target=\"_blank\">Jan Christian Vestre<\/a>: <\/strong><\/p>\n<p class=\"_paragraph_o9xde_4 _paragraph_xtcu6_10 layout-component text-serif-m layout-normal text-serif-m layout-padded\">\u2013 Skj\u00e6r gjennom, rydd opp og fiks dette problemet, s\u00e5nn at de som er i f\u00f8rstelinjen f\u00e5r en grunnleggende trygghet for eget liv og helse. <\/p>\n<p>   <img decoding=\"async\" alt=\"Tips oss illustrasjon\" src=\"https:\/\/www.europesays.com\/no\/wp-content\/uploads\/2025\/10\/pssst-small.webp.webp\"\/>    <\/p>\n<p class=\"title-serif-s\">Har du tips?<\/p>\n<p class=\"text-sans-m\">Send oss informasjon, bilder eller video.<\/p>\n<p>  <a href=\"https:\/\/www.vg.no\/tips-oss\" rel=\"nofollow noopener\" target=\"_blank\"> Tips oss <\/a>   HOD: \u2013 Ambulansearbeiderne skal ha det trygt<\/p>\n<p class=\"_paragraph_o9xde_4 _paragraph_xtcu6_10 layout-component text-serif-m layout-normal text-serif-m layout-padded\">\u2013 Fagfolkene fortjener at det gj\u00f8res konkrete tiltak fremfor at vi kaster om oss med karakteristikker, skriver statssekret\u00e6r Karl Kristian Bekeng (Ap) i en e-post til VG. <\/p>\n<p class=\"_paragraph_o9xde_4 _paragraph_xtcu6_10 layout-component text-serif-m layout-normal text-serif-m layout-padded\">Helse- og omsorgsdepartementet har blitt forelagt Eilertsens p\u00e5stander. Ogs\u00e5 denne gangen er det Bekeng som svarer for departementet og minister Jan Christian Vestre. <\/p>\n<p class=\"_paragraph_o9xde_4 _paragraph_xtcu6_10 layout-component text-serif-m layout-normal text-serif-m layout-padded\">Bekeng sier at informasjonsdeling potensielt kan bidra til \u00e5 forebygge vold, og det m\u00e5 legges til rette for i st\u00f8rre grad. Videre sier han at mulighet til \u00e5 dele mer pasientinformasjon mellom ulike deler av helsetjenesten og politiet kan bidra til \u00e5 hindre alvorlige hendelser. <\/p>\n<p class=\"_paragraph_o9xde_4 _paragraph_xtcu6_10 layout-component text-serif-m layout-normal text-serif-m layout-padded\">\u2013 Vi har derfor nylig foresl\u00e5tt endringer i regelverket for taushetsplikt og deling av pasientopplysninger, skriver Bekeng. <\/p>\n<p><img decoding=\"async\" alt=\"Bilde av Karl Kristian Bekeng\" class=\"_image_ygndg_42\" height=\"27\" itemprop=\"image\" loading=\"lazy\"  src=\"https:\/\/www.europesays.com\/no\/wp-content\/uploads\/2025\/10\/5fb1c220-28d1-4676-a504-d5a197c494eb\"  width=\"40\"\/><strong class=\"_name_ygndg_51 title-serif-xs\">Karl Kristian Bekeng<\/strong><\/p>\n<p class=\"_paragraph_o9xde_4 text-sans-m _description_ygndg_56\">Statssekret\u00e6r (Ap) i Helse- og omsorgsdepartementet<\/p>\n<p class=\"_paragraph_o9xde_4 _paragraph_xtcu6_10 layout-component text-serif-m layout-normal text-serif-m layout-padded\">I v\u00e5r la regjeringen frem en<a href=\"https:\/\/www.regjeringen.no\/no\/dokumenter\/meld.-st.-23-20242025\/id3096890\/\" class=\"_link_o9xde_39\" rel=\"nofollow noopener\" target=\"_blank\"> stortingsmelding<\/a> som blant annet handlet om de akuttmedisinske tjenestene. Bekeng sier det er snakk om \u00abbetydelige lovendringer\u00bb og at det m\u00e5 gj\u00f8res grundig. <\/p>\n<p class=\"_paragraph_o9xde_4 _paragraph_xtcu6_10 layout-component text-serif-m layout-normal text-serif-m layout-padded\">F\u00f8rst med h\u00f8ring og deretter med behandling i Stortinget. F\u00f8rst n\u00e5r forslaget er ferdig behandlet vil det bli mulig \u00e5 lage nasjonale retningslinjer. <\/p>\n<p class=\"_paragraph_o9xde_4 _paragraph_xtcu6_10 layout-component text-serif-m layout-normal text-serif-m layout-padded\"><strong class=\"_strong_o9xde_25\">\u2013 Regjeringen st\u00e5r fullt og helt inne for at \u00e5 sikre at ambulansearbeidere skal ha det trygt p\u00e5 jobb og f\u00f8lger opp dette i b\u00e5de lovendringer og tiltak som kan sikre mer enhetlig nasjonal praksis.<\/strong><\/p>\n","protected":false},"excerpt":{"rendered":"Fremskritts\u00adpartiets helsepolitiske talsperson frykter at ambulanse\u00adarbeidere vil d\u00f8 f\u00f8r regjeringen f\u00e5r p\u00e5 plass nasjonale retnings\u00adlinjer for merking av&hellip;\n","protected":false},"author":2,"featured_media":67882,"comment_status":"","ping_status":"","sticky":false,"template":"","format":"standard","meta":{"footnotes":""},"categories":[10],"tags":[1586,20,21,9006,24,25,15,1511,8280,22,23,13,30,28,29,14,16,26,27],"class_list":{"0":"post-67881","1":"post","2":"type-post","3":"status-publish","4":"format-standard","5":"has-post-thumbnail","7":"category-norge","8":"tag-ambulanse","9":"tag-breaking-news","10":"tag-breakingnews","11":"tag-fagforbundet","12":"tag-featured-news","13":"tag-featurednews","14":"tag-headlines","15":"tag-jan-christian-vestre","16":"tag-kristian-eilertsen","17":"tag-latest-news","18":"tag-latestnews","19":"tag-news","20":"tag-no","21":"tag-norge","22":"tag-norway","23":"tag-nyheter","24":"tag-overskrifter","25":"tag-top-stories","26":"tag-topstories"},"share_on_mastodon":{"url":"https:\/\/pubeurope.com\/@no\/115422788661532925","error":""},"_links":{"self":[{"href":"https:\/\/www.europesays.com\/no\/wp-json\/wp\/v2\/posts\/67881","targetHints":{"allow":["GET"]}}],"collection":[{"href":"https:\/\/www.europesays.com\/no\/wp-json\/wp\/v2\/posts"}],"about":[{"href":"https:\/\/www.europesays.com\/no\/wp-json\/wp\/v2\/types\/post"}],"author":[{"embeddable":true,"href":"https:\/\/www.europesays.com\/no\/wp-json\/wp\/v2\/users\/2"}],"replies":[{"embeddable":true,"href":"https:\/\/www.europesays.com\/no\/wp-json\/wp\/v2\/comments?post=67881"}],"version-history":[{"count":0,"href":"https:\/\/www.europesays.com\/no\/wp-json\/wp\/v2\/posts\/67881\/revisions"}],"wp:featuredmedia":[{"embeddable":true,"href":"https:\/\/www.europesays.com\/no\/wp-json\/wp\/v2\/media\/67882"}],"wp:attachment":[{"href":"https:\/\/www.europesays.com\/no\/wp-json\/wp\/v2\/media?parent=67881"}],"wp:term":[{"taxonomy":"category","embeddable":true,"href":"https:\/\/www.europesays.com\/no\/wp-json\/wp\/v2\/categories?post=67881"},{"taxonomy":"post_tag","embeddable":true,"href":"https:\/\/www.europesays.com\/no\/wp-json\/wp\/v2\/tags?post=67881"}],"curies":[{"name":"wp","href":"https:\/\/api.w.org\/{rel}","templated":true}]}}