{"id":67990,"date":"2025-10-23T11:41:39","date_gmt":"2025-10-23T11:41:39","guid":{"rendered":"https:\/\/www.europesays.com\/no\/67990\/"},"modified":"2025-10-23T11:41:39","modified_gmt":"2025-10-23T11:41:39","slug":"pop-up-butikk-torvbyen-art-ranger-i-torvbyen-ny-pop%e2%80%91up-butikk-frem-til-jul","status":"publish","type":"post","link":"https:\/\/www.europesays.com\/no\/67990\/","title":{"rendered":"Pop-up butikk, Torvbyen | Art Ranger i Torvbyen: Ny pop\u2011up-butikk frem til jul"},"content":{"rendered":"\n<p>P\u00e5 plakaten utenfor det nye tilskuddet i butikk-miksen i Torvbyen er Ingar Aasen, alias Art Ranger sitatet: \u00abJeg lager kunst for \u00e5 vekke noe i deg\u00bb.<\/p>\n<p>\u2013 Er det ikke fint, sp\u00f8r senterleder Monique Blystad i Torvbyen.<\/p>\n<p>Vakt nysgjerrighet<\/p>\n<p>\u2013 Dette synes jeg er g\u00f8y. Pop-up-butikken \u00e5pner snart og skal i f\u00f8rste omgang v\u00e6re her ut desember. Her, midt i det travleste \u00abgatekrysset\u00bb i Torvbyen, har de vakt nysgjerrighet hos kundene v\u00e5re mens de har rigget opp butikken.<\/p>\n<p>\u2013 Dette er et fint tilskudd til v\u00e5r butikkmiks. Vi hadde et samarbeid med Ingar Aasen for mange \u00e5r siden, forteller Blystad.<\/p>\n<p>   <img decoding=\"async\" width=\"5712\" height=\"4284\" fetchpriority=\"low\"  loading=\"lazy\"  src=\"https:\/\/www.europesays.com\/no\/wp-content\/uploads\/2025\/10\/image_7A159525-654B-4AD5-9EE7-643ECDDD37A7_1761051537.jpeg\" alt=\"\" class=\"brick-c-cFOWSL\" style=\"--brick-image-ratio: 5712 \/ 4284;\"\/><\/p>\n<p>      Senterleder Monique Blystad i Torvbyen er glader seg til Art Ranger \u00e5pner pop-up butikken<br \/>\n      Foto: Jan Erik Skau\n    <\/p>\n<p>Det er Art Ranger AS, selskapet som har overtatt rettighetene til all Art Ranger-kunsten som Ingar Aasen produserer, som st\u00e5r bak popup-butikken Official Art Ranger 107 Store i Torvbyen.<\/p>\n<p>\u2013 Planen er \u00e5 komme ut p\u00e5 alle kj\u00f8pesentre i landet etter hvert. Vi har merket en enorm interesse for Ingar. Han er produktiv og kunstner i sitt eget liv, forteller styreleder i Art Ranger AS, Alexander S\u00f8rb\u00f8e.<\/p>\n<ul>\n<li><b>Denne videoen er fra da Ingar Aasen fylte 60 \u00e5r i 2024 \u2013 saken fortsetter under: <\/b><\/li>\n<\/ul>\n<p>    Vil du se neste video?<\/p>\n<p>    <a href=\"https:\/\/www.f-b.no\/nye-veier-rundt-torvbyen\/v\/5-59-3730551\" class=\"recommend-poster\" data-adp-clicklabel=\"video-recommend\" data-adp-clickvalue=\"poster\" rel=\"nofollow noopener\" target=\"_blank\"><br \/>\n      <img decoding=\"async\" width=\"200\" height=\"200\" loading=\"lazy\" src=\"https:\/\/www.europesays.com\/no\/wp-content\/uploads\/2025\/10\/v-i-60fcffdb-467f-4df4-92d4-6029d0ab9d00-0_3.jpg\" alt=\"\" class=\"brick-c-cFOWSL\" style=\"--brick-image-ratio: 200 \/ 200;\"\/><\/p>\n<p>Nye veier rundt Torvbyen0:34<\/p>\n<p>    <\/a><\/p>\n<p>        I dag runder Ingar Aasen 60 \u00e5r, og selv om han ikke feirer spesielt, er det en ypperlig anledning til \u00e5 se tilbake p\u00e5 et liv fylt med spennende opplevelser og viktige \u00f8yeblikk.<br \/>\n        Bygger opp konseptet<\/p>\n<p>Han forteller at Aasen har overdratt merkevaren og \u00e5ndsverket til Art Ranger AS i en 100 \u00e5r lang avtale.<\/p>\n<p>\u2013 Vi holder p\u00e5 \u00e5 bygge opp konseptet og eksperimenterer litt med denne konseptbutikken og hvordan vi vil vise oss frem. Vi har f\u00e5tt en f\u00f8rsteklasses beliggenhet her i Torvbyen. Monique (senterleder i Torvbyen, red.anm.) s\u00e5 potensialet, sier S\u00f8rb\u00f8e.<\/p>\n<p>Butikken er enkelt innredet med en sort skinnsofa midt i lokalet, vendt mot den hvite veggen der de fargerike bildene henger utstilt.<\/p>\n<p>  <a href=\"https:\/\/www.f-b.no\/5-59-3271214\" class=\"related-teaser has-image default-story-teaser article--c-eRUmMG article--c-eRUmMG-jKCPdD-design-default\" rel=\"nofollow noopener\" target=\"_blank\"><\/p>\n<p>    <img decoding=\"async\" loading=\"lazy\"  src=\"https:\/\/www.europesays.com\/no\/wp-content\/uploads\/2025\/10\/IMG_3287_1.JPG\" alt=\"\" class=\"brick-c-cFOWSL\" style=\"\"\/><\/p>\n<p>\n            Les ogs\u00e5<\/p>\n<p>              Ingar Aasen vil flytte til India:  \u2013 Jeg ser for meg \u00e5 bryte opp i l\u00f8pet av to \u00e5r\n        <\/p>\n<p>  <\/a><br \/>\n  Julekalendere og klokker<\/p>\n<p>\u2013 Her selger vi trykk av bildene, og Ingar har sagt at han vil stikke innom en dag og signere. Han er glad i folk. Vi selger ogs\u00e5 Art Ranger  som julekalendere, klokker og gensere, sier S\u00f8rb\u00f8e.<\/p>\n<p>De som \u00f8nsker \u00e5 oppleve originalene, m\u00e5 ta turen til Galleri Art 107 i Habornveien.<\/p>\n","protected":false},"excerpt":{"rendered":"P\u00e5 plakaten utenfor det nye tilskuddet i butikk-miksen i Torvbyen er Ingar Aasen, alias Art Ranger sitatet: \u00abJeg&hellip;\n","protected":false},"author":2,"featured_media":67991,"comment_status":"","ping_status":"","sticky":false,"template":"","format":"standard","meta":{"footnotes":""},"categories":[58],"tags":[36,9651,71,282,30,28,29,9650,1510,8057,72],"class_list":{"0":"post-67990","1":"post","2":"type-post","3":"status-publish","4":"format-standard","5":"has-post-thumbnail","7":"category-underholdning","8":"tag-art","9":"tag-art-ranger","10":"tag-entertainment","11":"tag-kultur-underholdning","12":"tag-no","13":"tag-norge","14":"tag-norway","15":"tag-pop-up-butikk","16":"tag-story","17":"tag-torvbyen","18":"tag-underholdning"},"share_on_mastodon":{"url":"https:\/\/pubeurope.com\/@no\/115423299856943889","error":""},"_links":{"self":[{"href":"https:\/\/www.europesays.com\/no\/wp-json\/wp\/v2\/posts\/67990","targetHints":{"allow":["GET"]}}],"collection":[{"href":"https:\/\/www.europesays.com\/no\/wp-json\/wp\/v2\/posts"}],"about":[{"href":"https:\/\/www.europesays.com\/no\/wp-json\/wp\/v2\/types\/post"}],"author":[{"embeddable":true,"href":"https:\/\/www.europesays.com\/no\/wp-json\/wp\/v2\/users\/2"}],"replies":[{"embeddable":true,"href":"https:\/\/www.europesays.com\/no\/wp-json\/wp\/v2\/comments?post=67990"}],"version-history":[{"count":0,"href":"https:\/\/www.europesays.com\/no\/wp-json\/wp\/v2\/posts\/67990\/revisions"}],"wp:featuredmedia":[{"embeddable":true,"href":"https:\/\/www.europesays.com\/no\/wp-json\/wp\/v2\/media\/67991"}],"wp:attachment":[{"href":"https:\/\/www.europesays.com\/no\/wp-json\/wp\/v2\/media?parent=67990"}],"wp:term":[{"taxonomy":"category","embeddable":true,"href":"https:\/\/www.europesays.com\/no\/wp-json\/wp\/v2\/categories?post=67990"},{"taxonomy":"post_tag","embeddable":true,"href":"https:\/\/www.europesays.com\/no\/wp-json\/wp\/v2\/tags?post=67990"}],"curies":[{"name":"wp","href":"https:\/\/api.w.org\/{rel}","templated":true}]}}