{"id":67996,"date":"2025-10-23T12:06:12","date_gmt":"2025-10-23T12:06:12","guid":{"rendered":"https:\/\/www.europesays.com\/no\/67996\/"},"modified":"2025-10-23T12:06:12","modified_gmt":"2025-10-23T12:06:12","slug":"pakketyv-stjal-35-pakker-utrolig-kjedelig","status":"publish","type":"post","link":"https:\/\/www.europesays.com\/no\/67996\/","title":{"rendered":"Pakketyv stjal 35 pakker: &#8211; Utrolig kjedelig"},"content":{"rendered":"\n<p class=\"_lead_o9xde_2 _lead_xtcu6_50 layout-component text-serif-m layout-normal text-serif-l layout-component layout-wide layout-padded _wide_17hqh_1 layout-padded\">Samme 23-\u00e5ring sto bak 35 tyverier av Helthjem-pakker. Selskapet sier at de f\u00f8lger med og tar sakene p\u00e5 alvor. <\/p>\n<p><img alt=\"Pakker i leiebilen mannen brukte. Pakkene ble funnet b\u00e5de under ransaking av bilen og ved ransaking av hjemmet hans.  Foto: Politiet\" class=\"_image_qp4xg_65 layout-component layout-wide\" data-fullscreen- data-track-element-type=\"Article image fullscreen\" data-track-name=\"ImageFullscreen\" fetchpriority=\"high\" decoding=\"sync\" loading=\"eager\" height=\"502\" itemprop=\"image\"  src=\"https:\/\/www.europesays.com\/no\/wp-content\/uploads\/2025\/10\/91ef2ba7-744a-4035-9bc0-17e9cf9de4d8\"  style=\"object-position:0% 0%\" width=\"684\"\/>Pakker i leiebilen mannen brukte. Pakkene ble funnet b\u00e5de under ransaking av bilen og ved ransaking av hjemmet hans.  Foto: Politiet<\/p>\n<ul aria-hidden=\"true\" class=\"_images_18f0k_111\">\n<li><a class=\"_link_18f0k_116\" href=\"https:\/\/www.vg.no\/forfatter\/marie-dreyer-bakken\" style=\"z-index:1\" title=\"Marie Dreyer Bakken\" rel=\"nofollow noopener\" target=\"_blank\"><img alt=\"Bilde av Marie Dreyer Bakken\" class=\"_image_18f0k_93\" fetchpriority=\"low\" loading=\"lazy\" decoding=\"async\" itemprop=\"image\"  src=\"https:\/\/www.europesays.com\/no\/wp-content\/uploads\/2025\/10\/1761221170_617_a58fd05d-9a13-4704-bd0c-ffb8040bb859\"  width=\"480\"\/><\/a><\/li>\n<\/ul>\n<p> Oppdatert torsdag 23. oktober kl. 13:58    <\/p>\n<ul class=\"_list_o9xde_3 _list_64s2r_85 _unordered_o9xde_106 text-sans-m\">\n<li class=\"_item_o9xde_30\">Politiet avsl\u00f8rte en 23-\u00e5ring som stjal 35 pakker i L\u00f8renskog og Nittedal<\/li>\n<li class=\"_item_o9xde_30\">Mannen fulgte etter Helthjem-bud og stjal pakker verdt over 35.000 kroner<\/li>\n<li class=\"_item_o9xde_30\">Helthjem sier de tar hendelsene p\u00e5 alvor og jobber med \u00e5 forhindre tyveri<\/li>\n<\/ul>\n<p>Vis mer <\/p>\n<p class=\"_paragraph_o9xde_4 _paragraph_xtcu6_10 layout-component text-serif-m layout-normal text-serif-m layout-padded\">Vi m\u00e5 spole tilbake til november i fjor:<\/p>\n<p class=\"_paragraph_o9xde_4 _paragraph_xtcu6_10 layout-component text-serif-m layout-normal text-serif-m layout-padded\">I l\u00f8pet av \u00e9n uke mottok politiet en rekke anmeldelser fra ulike privatpersoner i L\u00f8renskog og <a href=\"https:\/\/www.vg.no\/tag\/nittedal?utm_source=vg-article&amp;utm_medium=auto-tagger&amp;utm_campaign=W09gqa\" class=\"_link_o9xde_39\" rel=\"nofollow noopener\" target=\"_blank\">Nittedal<\/a>.<\/p>\n<p class=\"_paragraph_o9xde_4 _paragraph_xtcu6_10 layout-component text-serif-m layout-normal text-serif-m layout-padded\">Felles for dem alle var at de savnet pakker som var sendt med postselskapet Helthjem. <\/p>\n<p class=\"_paragraph_o9xde_4 _paragraph_xtcu6_10 layout-component text-serif-m layout-normal text-serif-m layout-padded\">\u2013 Dette var separate saker, men vi s\u00e5 raskt at det m\u00e5tte v\u00e6re en sammenheng, sier politiadvokat Maria Hansteen til VG. <\/p>\n<p class=\"_paragraph_o9xde_4 _paragraph_xtcu6_10 layout-component text-serif-m layout-normal text-serif-m layout-padded\">Politiet avdekket at en 23 \u00e5r gammel mann hadde leid en bil. I l\u00f8pet av \u00e5tte dager stjal han til sammen 35 pakker fra ulike adresser. <\/p>\n<p class=\"_paragraph_o9xde_4 _paragraph_xtcu6_10 layout-component text-serif-m layout-normal text-serif-m layout-padded\"><strong class=\"_strong_o9xde_25\">Mannen er n\u00e5 d\u00f8mt.<\/strong><\/p>\n<p class=\"_paragraph_o9xde_4 _paragraph_xtcu6_10 layout-component text-serif-m layout-normal text-serif-m layout-padded\">Pakkene besto blant annet av kl\u00e6r, skj\u00f8nnhetsprodukter og elektronikk. <\/p>\n<p class=\"_paragraph_o9xde_4 _paragraph_xtcu6_10 layout-component text-serif-m layout-normal text-serif-m layout-padded\">I dommen kommer det frem at innholdet i pakkene til sammen hadde en verdi p\u00e5 over 35.000 kroner.<\/p>\n<p class=\"_paragraph_o9xde_4 _paragraph_xtcu6_10 layout-component text-serif-m layout-normal text-serif-m layout-padded\">Det var <a href=\"https:\/\/www.rb.no\/23-aring-fulgte-etter-postbud-og-stjal-pakker-for-over-35-000-kroner\/s\/5-43-2590499\" class=\"_link_o9xde_39\" rel=\"nofollow noopener\" target=\"_blank\">Romerikes Blad<\/a> som omtalte saken f\u00f8rst. <\/p>\n<p class=\"_paragraph_o9xde_4 _paragraph_xtcu6_10 layout-component text-serif-m layout-normal text-serif-m layout-padded\">\u2013 Flere av de forn\u00e6rmedeforn\u00e6rmedePersoner som har blitt utsatt for en kriminell handling og som saken gjelder.  hadde ringeklokkekamera. Derfor klarte vi \u00e5 identifisere den aktuelle bilen, forklarer politiadvokaten. <\/p>\n<p class=\"_paragraph_o9xde_4 _paragraph_xtcu6_10 layout-component text-serif-m layout-normal text-serif-m layout-padded\">Noen av de forn\u00e6rmede oppdaget ogs\u00e5 tyvgodsettyvgodsetGjenstander som er stj\u00e5let.  p\u00e5 Finn, if\u00f8lge Hansteen. <\/p>\n<p class=\"_paragraph_o9xde_4 _paragraph_xtcu6_10 layout-component text-serif-m layout-normal text-serif-m layout-padded\">\u2013 Det var ogs\u00e5 en av m\u00e5tene vi greide \u00e5 underbygge at det var samme personen. <\/p>\n<p class=\"_paragraph_o9xde_4 _paragraph_xtcu6_10 layout-component text-serif-m layout-normal text-serif-m layout-padded\">Mannens forsvarer, \u00d8ivind Sterri, sier til VG at klienten hans erkjenner straffskylderkjenner straffskyldN\u00e5r en person innr\u00f8mmer at de har gjort noe ulovlig og aksepterer straffen for det.  og har vedtatt dommen. <\/p>\n<p class=\"_paragraph_o9xde_4 _paragraph_xtcu6_10 layout-component text-serif-m layout-normal text-serif-m layout-padded\">\u2013 Han er veldig lei seg for det han har gjort, sier Sterri. <\/p>\n<p class=\"_paragraph_o9xde_4 _paragraph_xtcu6_10 layout-component text-serif-m layout-normal text-serif-m layout-padded\">Men tilfellet i L\u00f8renskog og Nittedal er slett ikke unikt.<\/p>\n<p class=\"_paragraph_o9xde_4 _paragraph_xtcu6_10 layout-component text-serif-m layout-normal text-serif-m layout-padded\">Lignende saker er tidligere omtalt av flere medier, blant andre i <a href=\"https:\/\/www.nrk.no\/sorlandet\/her-stjeler-tyven-pakker-fra-_helthjem_-for-folk-vakner-1.16957513\" class=\"_link_o9xde_39\" rel=\"nofollow noopener\" target=\"_blank\">NRK<\/a>, <a href=\"https:\/\/www.tv2.no\/nyheter\/innenriks\/ble-frastjalet-pakke-man-blir-lei-seg\/18104281\/\" class=\"_link_o9xde_39\" rel=\"nofollow noopener\" target=\"_blank\">TV 2<\/a> og <a href=\"https:\/\/www.adressa.no\/nyheter\/trondheim\/i\/zAjJyb\/her-blir-festdrakten-stjaalet-folk-maa-vokse-opp\" class=\"_link_o9xde_39\" rel=\"nofollow noopener\" target=\"_blank\">Adressa<\/a>. <\/p>\n<p class=\"_paragraph_o9xde_4 _paragraph_xtcu6_10 layout-component text-serif-m layout-normal text-serif-m layout-padded\">\u2013 Det er utrolig kjedelig. Det er lite som er mer skuffende enn \u00e5 vente p\u00e5 en pakke som ikke kommer. Vi gj\u00f8r alt vi kan for \u00e5 finne ut hva som har skjedd og hjelpe de det gjelder.<\/p>\n<p class=\"_paragraph_o9xde_4 _paragraph_xtcu6_10 layout-component text-serif-m layout-normal text-serif-m layout-padded\">Det sier kommunikasjonssjef i Helthjem, Marius Evensen, til VG. <\/p>\n<p class=\"_paragraph_o9xde_4 _paragraph_xtcu6_10 layout-component text-serif-m layout-normal text-serif-m layout-padded\"><strong class=\"_strong_o9xde_25\">Evensen \u00f8nsker ikke \u00e5 kommentere hvor mange pakker som hittil har forsvunnet i \u00e5r. <\/strong><\/p>\n<p class=\"_paragraph_o9xde_4 _paragraph_xtcu6_10 layout-component text-serif-m layout-normal text-serif-m layout-padded\">Han opplyser imidlertid at de aller fleste pakkene kommer frem \u2013 s\u00e5 mye som over 99,9 prosent. <\/p>\n<p class=\"_paragraph_o9xde_4 _paragraph_xtcu6_10 layout-component text-serif-m layout-normal text-serif-m layout-padded\">\u2013 Det er vi stolte av, og vi jobber hele tiden for at det skal v\u00e6re s\u00e5nn.<\/p>\n<p class=\"_paragraph_o9xde_4 _paragraph_xtcu6_10 layout-component text-serif-m layout-normal text-serif-m layout-padded\">\u2013 S\u00e5 dere opplever ikke dette som et problem?<\/p>\n<p class=\"_paragraph_o9xde_4 _paragraph_xtcu6_10 layout-component text-serif-m layout-normal text-serif-m layout-padded\">\u2013 Vi f\u00f8lger naturligvis med p\u00e5 dette, og vi tar alle enkelthendelser p\u00e5 alvor. N\u00e5r vi f\u00e5r melding om noe som ikke har kommet frem, h\u00e5ndteres det raskt, og vi gj\u00f8r det vi kan for \u00e5 hjelpe kundene v\u00e5re.<\/p>\n<p><img decoding=\"async\" alt=\"Bilde av Marius Evensen \" class=\"_image_ygndg_42\" height=\"34\" itemprop=\"image\" loading=\"lazy\"  src=\"https:\/\/www.europesays.com\/no\/wp-content\/uploads\/2025\/10\/8ab62e84-1b72-461e-b2a8-d375c38e73a4\"  width=\"40\"\/><strong class=\"_name_ygndg_51 title-serif-xs\">Marius Evensen <\/strong><\/p>\n<p class=\"_paragraph_o9xde_4 text-sans-m _description_ygndg_56\">Kommunikasjonssjef i Helthjem<\/p>\n<p class=\"_paragraph_o9xde_4 _paragraph_xtcu6_10 layout-component text-serif-m layout-normal text-serif-m layout-padded\">Evensen sier at Helthjem jobber kontinuerlig med \u00e5 forbedre seg. <\/p>\n<p class=\"_paragraph_o9xde_4 _paragraph_xtcu6_10 layout-component text-serif-m layout-normal text-serif-m layout-padded\">\u2013 Og s\u00e5 f\u00e5r vi f\u00f8lge med de tilfellene hvor det oppst\u00e5r tyveri og gj\u00f8re det vi kan for at det ikke skjer igjen. <\/p>\n<p class=\"_paragraph_o9xde_4 _paragraph_xtcu6_10 layout-component text-serif-m layout-normal text-serif-m layout-padded\">Kenneth Pettersen, pressesjef i Posten Bring, sier at de ikke opplever tyverier som et problem: <\/p>\n<p class=\"_paragraph_o9xde_4 _paragraph_xtcu6_10 layout-component text-serif-m layout-normal text-serif-m layout-padded\">\u2013 V\u00e5re postbud leverer pakker i postkassen p\u00e5 dagtid. Vi opplever i liten grad at pakker blir stj\u00e5let, sier han til VG. <\/p>\n<p><img decoding=\"async\" alt=\"Bilde av Kenneth Pettersen \" class=\"_image_ygndg_42\" height=\"27\" itemprop=\"image\" loading=\"lazy\"  src=\"https:\/\/www.europesays.com\/no\/wp-content\/uploads\/2025\/10\/08e53af7-539a-4b69-96f7-d632f41d4870\"  width=\"40\"\/><strong class=\"_name_ygndg_51 title-serif-xs\">Kenneth Pettersen <\/strong><\/p>\n<p class=\"_paragraph_o9xde_4 text-sans-m _description_ygndg_56\">Pressesjef i Posten Bring <\/p>\n<p class=\"_paragraph_o9xde_4 _paragraph_xtcu6_10 layout-component text-serif-m layout-normal text-serif-m layout-padded\">\u2013 Dersom man bor i et omr\u00e5de hvor dette er et problem b\u00f8r man f\u00e5 pakken sendt til Pakkeboks eller et betjent utleveringssted som Post i ButikkPost i ButikkEt utleveringssted for post og pakker som er plassert i en butikk, hvor man kan hente eller sende post., oppfordrer han videre. <\/p>\n<p class=\"_paragraph_o9xde_4 _paragraph_xtcu6_10 layout-component text-serif-m layout-normal text-serif-m layout-padded\">Mannen som stjal pakker i L\u00f8renskog og Nittedal ble d\u00f8mt til 120 timer samfunnsstraffsamfunnsstraffEn straffereaksjon der den d\u00f8mte m\u00e5 utf\u00f8re samfunnsnyttig arbeid i stedet for \u00e5 sone i fengsel.. Han er ogs\u00e5 d\u00f8mt til \u00e5 betale erstatning til flere av de forn\u00e6rmede, i tillegg til \u00e5 t\u00e5le inndragninginndragningN\u00e5r staten tar eiendeler eller penger fra en person som en del av en straffereaksjon. av over 16.000 kroner til staten.<\/p>\n<p class=\"_paragraph_o9xde_4 _paragraph_xtcu6_10 layout-component text-serif-m layout-normal text-serif-m layout-padded\">Se dette postbudet gj\u00f8re en smertefull tabbe: <\/p>\n","protected":false},"excerpt":{"rendered":"Samme 23-\u00e5ring sto bak 35 tyverier av Helthjem-pakker. Selskapet sier at de f\u00f8lger med og tar sakene p\u00e5&hellip;\n","protected":false},"author":2,"featured_media":67997,"comment_status":"","ping_status":"","sticky":false,"template":"","format":"standard","meta":{"footnotes":""},"categories":[10],"tags":[20,21,24,25,15,22,23,2692,13,4509,30,28,29,14,16,9320,26,27,1063],"class_list":{"0":"post-67996","1":"post","2":"type-post","3":"status-publish","4":"format-standard","5":"has-post-thumbnail","7":"category-norge","8":"tag-breaking-news","9":"tag-breakingnews","10":"tag-featured-news","11":"tag-featurednews","12":"tag-headlines","13":"tag-latest-news","14":"tag-latestnews","15":"tag-lorenskog","16":"tag-news","17":"tag-nittedal","18":"tag-no","19":"tag-norge","20":"tag-norway","21":"tag-nyheter","22":"tag-overskrifter","23":"tag-pakker","24":"tag-top-stories","25":"tag-topstories","26":"tag-tyveri"},"share_on_mastodon":{"url":"https:\/\/pubeurope.com\/@no\/115423398203917402","error":""},"_links":{"self":[{"href":"https:\/\/www.europesays.com\/no\/wp-json\/wp\/v2\/posts\/67996","targetHints":{"allow":["GET"]}}],"collection":[{"href":"https:\/\/www.europesays.com\/no\/wp-json\/wp\/v2\/posts"}],"about":[{"href":"https:\/\/www.europesays.com\/no\/wp-json\/wp\/v2\/types\/post"}],"author":[{"embeddable":true,"href":"https:\/\/www.europesays.com\/no\/wp-json\/wp\/v2\/users\/2"}],"replies":[{"embeddable":true,"href":"https:\/\/www.europesays.com\/no\/wp-json\/wp\/v2\/comments?post=67996"}],"version-history":[{"count":0,"href":"https:\/\/www.europesays.com\/no\/wp-json\/wp\/v2\/posts\/67996\/revisions"}],"wp:featuredmedia":[{"embeddable":true,"href":"https:\/\/www.europesays.com\/no\/wp-json\/wp\/v2\/media\/67997"}],"wp:attachment":[{"href":"https:\/\/www.europesays.com\/no\/wp-json\/wp\/v2\/media?parent=67996"}],"wp:term":[{"taxonomy":"category","embeddable":true,"href":"https:\/\/www.europesays.com\/no\/wp-json\/wp\/v2\/categories?post=67996"},{"taxonomy":"post_tag","embeddable":true,"href":"https:\/\/www.europesays.com\/no\/wp-json\/wp\/v2\/tags?post=67996"}],"curies":[{"name":"wp","href":"https:\/\/api.w.org\/{rel}","templated":true}]}}