{"id":68106,"date":"2025-10-23T14:17:09","date_gmt":"2025-10-23T14:17:09","guid":{"rendered":"https:\/\/www.europesays.com\/no\/68106\/"},"modified":"2025-10-23T14:17:09","modified_gmt":"2025-10-23T14:17:09","slug":"kan-vakne-etter-700-000-ar","status":"publish","type":"post","link":"https:\/\/www.europesays.com\/no\/68106\/","title":{"rendered":"Kan v\u00e5kne etter 700 000 \u00e5r"},"content":{"rendered":"<p class=\"kicker \" style=\"\">Forskere advarer:<\/p>\n<p>  Vulkanen som var \u00abd\u00f8d\u00bb kan v\u00e6re i ferd med \u00e5 v\u00e5kne.<\/p>\n<p>\n    I M\u00d8RKET: Vulkanen Taftan. Science Photo Library\n  <\/p>\n<p>    Kort fortalt<\/p>\n<ul lang=\"nb-NO\">\n<li>Forskere har oppdaget at vulkanen Taftan n\u00e6r grensa mellom Iran og Pakistan har steget med ni centimeter p\u00e5 ett \u00e5r.<\/li>\n<li>Satellittdata viser at vulkanen, tidligere ansett som d\u00f8d, n\u00e5 viser tegn til \u00f8kt gass\u00adtrykk under overflaten.<\/li>\n<li>Vulkanolog Pablo Gonzalez sier at trykket m\u00e5 frigj\u00f8res, men understreker at en eksplosjon ikke er umiddelbart n\u00e6rt forest\u00e5ende.<\/li>\n<li>P\u00e5 grunn av vulkanens avsidesliggende beliggenhet, har forskere brukt satellittbilder for \u00e5 overv\u00e5ke endringene.<\/li>\n<\/ul>\n<p class=\"italic ai-disclaimer\" data-lab-italic=\"italic\">Sammendraget er laget av ChatGPT og godkjent av Dagbladet.<\/p>\n<p>      Vis mer<br \/>\n      Vis mindre<\/p>\n<p>Forskerne mener at toppen til vulkanen Taftan, som ligger n\u00e6r grensa mellom Iran og Pakistan, har steget med ni centimeter p\u00e5 ett \u00e5r &#8211; og at gass\u00adtrykket under bakken bygger seg opp, melder\u00a0<a href=\"https:\/\/www.independent.co.uk\/news\/world\/middle-east\/volcano-iran-pakistan-taftan-eruption-b2850122.html\" target=\"_blank\" rel=\"nofollow noopener\">The Independent<\/a>.<\/p>\n<p>Vulkanen ble tidligere ansett som d\u00f8d.\u00a0<\/p>\n<p class=\"font-weight-bold m-font-weight-bold\" data-lab-font_weight=\"font-weight-bold\">N\u00e5 viser satellittdata at toppen har hevet seg med betraktelig i perioden juli 2023 til mai 2024 &#8211; og den har ikke fulgt forventet m\u00f8nster med normal stabilisering.\u00a0<\/p>\n<p>Forskerne mener at denne hevinga tyder p\u00e5 at et betydelig trykk av gass bygger seg opp under vulkanen. If\u00f8lge \u00adforsker og vulkanolog Pablo\u202fGonzalez er utslipp fra dette trykket uunng\u00e5elig.<\/p>\n<p class=\"font-weight-bold m-font-weight-bold\" data-lab-font_weight=\"font-weight-bold\">&#8211; Dette m\u00e5 frigj\u00f8res p\u00e5 et tidspunkt, enten voldsomt eller mer forsiktig, sier han til The Independent.<\/p>\n<p>        DRAMATISK: Et vulkanutbrudd br\u00f8t ut p\u00e5 Hawaii 23. desember, og lava pipler opp fra jordskorpen p\u00e5 en av verdens mest aktive vulkaner, Kilauea. Video: Reuters &amp; X. Reporter:  Daniel Wiese \/ Dagbladet TV<\/p>\n<p>Ikke umiddelbar fare\t<\/p>\n<p>Gonzalez understreker samtidig at en umiddelbar eksplosjon ikke er n\u00e6rt forest\u00e5ende, men sier at vulkanen likevel m\u00e5 overv\u00e5kes.<\/p>\n<p class=\"font-weight-bold m-font-weight-bold\" data-lab-font_weight=\"font-weight-bold\">&#8211; Denne studien er ikke ment \u00e5 skape panikk blant folk. Det er en vekker for myndighetene i regionen i Iran om \u00e5 avsette ressurser for \u00e5 f\u00f8lge med, sier Gonzalez.\u00a0<\/p>\n<p>Lokalt ble det allerede i 2023 observert gass\u00adutslipp fra omr\u00e5det, og enkelte beboere rapporterte lukt s\u00e5 langt som rundt 48 km fra toppen.\u00a0<\/p>\n<p>Taftan-vulkanen, med sine 3940 meter over havet, er den st\u00f8rste vulkanen i det s\u00f8r\u00f8st\u00adlige Iran.\u00a0\u00a0<\/p>\n<p>    <a itemprop=\"url\" href=\"https:\/\/www.dagbladet.no\/nyheter\/stikk-i-det-minste-ikke-en-tyv\/83759636\" rel=\"nofollow noopener\" target=\"_blank\"><\/p>\n<p>      <img loading=\"lazy\" decoding=\"async\" src=\"https:\/\/www.europesays.com\/no\/wp-content\/uploads\/2025\/10\/83759741.webp\" width=\"147\" height=\"98\" title=\"Stikk: - I det minste ikke en tyv\" alt=\"\" class=\"lazyload\" style=\"--aspect-ratio-image: 1.50; \"\/><\/p>\n<p>        Stikk: &#8211; I det minste ikke en tyv<\/p>\n<p>    <\/a><\/p>\n<p>Krevende \u00e5 dokumentere\t<\/p>\n<p>P\u00e5 grunn av vulkanens fjerntliggende beliggenhet har det v\u00e6rt krevende \u00e5 f\u00f8lge den tett og skaffe n\u00f8yaktige bilder.\u00a0<\/p>\n<p>Forsker Mohammadhossein\u202fMohammadnia har derfor i samarbeid med Gonzalez brukt satellitt\u00adbilder for \u00e5 analysere vulkanens endring i terreng.\u00a0<\/p>\n<p>\u00c5rsaken til vulkanens plutselige vekst er trolig en endring under vulkanen.\u00a0<\/p>\n<p>Dette har f\u00f8rt til opphopning av gass eller forskyvning av magma under utbruddsporet forskerne jobber fortsatt med \u00e5 kartlegge detaljene.<\/p>\n","protected":false},"excerpt":{"rendered":"Forskere advarer: Vulkanen som var \u00abd\u00f8d\u00bb kan v\u00e6re i ferd med \u00e5 v\u00e5kne. I M\u00d8RKET: Vulkanen Taftan. Science&hellip;\n","protected":false},"author":2,"featured_media":68107,"comment_status":"","ping_status":"","sticky":false,"template":"","format":"standard","meta":{"footnotes":""},"categories":[12],"tags":[20,21,24,25,15,22,23,13,30,28,29,14,16,26,27,412,42,43,44,45],"class_list":{"0":"post-68106","1":"post","2":"type-post","3":"status-publish","4":"format-standard","5":"has-post-thumbnail","7":"category-verden","8":"tag-breaking-news","9":"tag-breakingnews","10":"tag-featured-news","11":"tag-featurednews","12":"tag-headlines","13":"tag-latest-news","14":"tag-latestnews","15":"tag-news","16":"tag-no","17":"tag-norge","18":"tag-norway","19":"tag-nyheter","20":"tag-overskrifter","21":"tag-top-stories","22":"tag-topstories","23":"tag-utenriks","24":"tag-verden","25":"tag-world","26":"tag-world-news","27":"tag-worldnews"},"share_on_mastodon":{"url":"","error":""},"_links":{"self":[{"href":"https:\/\/www.europesays.com\/no\/wp-json\/wp\/v2\/posts\/68106","targetHints":{"allow":["GET"]}}],"collection":[{"href":"https:\/\/www.europesays.com\/no\/wp-json\/wp\/v2\/posts"}],"about":[{"href":"https:\/\/www.europesays.com\/no\/wp-json\/wp\/v2\/types\/post"}],"author":[{"embeddable":true,"href":"https:\/\/www.europesays.com\/no\/wp-json\/wp\/v2\/users\/2"}],"replies":[{"embeddable":true,"href":"https:\/\/www.europesays.com\/no\/wp-json\/wp\/v2\/comments?post=68106"}],"version-history":[{"count":0,"href":"https:\/\/www.europesays.com\/no\/wp-json\/wp\/v2\/posts\/68106\/revisions"}],"wp:featuredmedia":[{"embeddable":true,"href":"https:\/\/www.europesays.com\/no\/wp-json\/wp\/v2\/media\/68107"}],"wp:attachment":[{"href":"https:\/\/www.europesays.com\/no\/wp-json\/wp\/v2\/media?parent=68106"}],"wp:term":[{"taxonomy":"category","embeddable":true,"href":"https:\/\/www.europesays.com\/no\/wp-json\/wp\/v2\/categories?post=68106"},{"taxonomy":"post_tag","embeddable":true,"href":"https:\/\/www.europesays.com\/no\/wp-json\/wp\/v2\/tags?post=68106"}],"curies":[{"name":"wp","href":"https:\/\/api.w.org\/{rel}","templated":true}]}}