{"id":68123,"date":"2025-10-23T14:27:09","date_gmt":"2025-10-23T14:27:09","guid":{"rendered":"https:\/\/www.europesays.com\/no\/68123\/"},"modified":"2025-10-23T14:27:09","modified_gmt":"2025-10-23T14:27:09","slug":"podkast-lokal-fotball-tok-pause-fra-fotballen-da-han-var-15","status":"publish","type":"post","link":"https:\/\/www.europesays.com\/no\/68123\/","title":{"rendered":"Podkast, Lokal fotball | Tok pause fra fotballen da han var 15"},"content":{"rendered":"\n<p>Han hadde en kamp for A-laget p\u00e5 CV-en f\u00f8r han ble tatt opp i A-stallen p\u00e5 permanent basis f\u00f8r \u00e5rets sesong. Han startet f\u00f8rste seriekamp p\u00e5 benken. S\u00e5 fikk han sjansen p\u00e5 venstreback, og har siden ikke sett seg tilbake. I dag utgj\u00f8r han et meget godt stopperpar med Nikolai Aas, er aktuell for blant andre Viking og Troms\u00f8 IL, har gjort det bra for G18-landslaget og er nominert til \u00e5rets unge spiller i Postnord-ligaen. Han er gjest i siste episode av Rana Blad-podkasten Ettersleng.<\/p>\n<p>\u2013 Jeg spilte 4. divisjon i fjor. Det er et ganske stort steg opp til 2. divisjon, men har f\u00e5tt sjansen og f\u00f8lte jeg tok den ganske bra fra start. Da har det bare ballet p\u00e5 seg og kommet flere muligheter utenom Rana FK. Artig, sier Fjelldalselv til Ettersleng-duoen Kenneth Johan Gabrielsen og Joachim Bj\u00f8rklund.<\/p>\n<p><b>Du kan h\u00f8re hele episoden p\u00e5 <a href=\"https:\/\/open.spotify.com\/episode\/47kRCa4Du7xG1oL4b4T2QJ?si=9100f46ffa584790\" rel=\"Follow nofollow noopener\" target=\"_blank\">Spotify<\/a>, Apple Podcasts og i Untold-appen.<\/b><\/p>\n<p>Men historien kunne v\u00e6rt en helt annen. Da han var 15 \u00e5r gammel tok Sander Elias Fjelldalselv en pause fra fotballen.<\/p>\n<p>\u2013 Jeg la dr\u00f8mmene litt p\u00e5 hylla, men kom tilbake til Norway Cup og spilte sammen med de p\u00e5 min alder. Da fikk jeg mye motivasjon igjen og tenkte at n\u00e5 har jeg lyst til \u00e5 bli god. N\u00e5 f\u00f8ler jeg meg god, n\u00e5 har jeg lyst til \u00e5 bli enda bedre, forteller Fjelldalselv.<\/p>\n<p>\u2013 Jeg var litt lei, \u00e5 dra p\u00e5 trening var ikke det samme som f\u00f8r. Jeg bestemte meg for \u00e5 ta en pause for \u00e5 sjekke om motivasjonen kom tilbake, om det var noe jeg lengtet etter. Og det var det, etter en og en halv m\u00e5ned der jeg ikke var p\u00e5 trening. Det viste seg \u00e5 g\u00e5 ganske bra.<\/p>\n<p>Dette er i utgangspunktet \u00e5rets siste Ettersleng-episode, s\u00e5 Gabrielsen og Bj\u00f8rklund oppsummerer sesongen med \u00e5 k\u00e5re \u00e5rets spiller og \u00e5rets komet b\u00e5de for herre- og damelaget til Rana FK, i tillegg til at de triller terning p\u00e5 de nye spillerne p\u00e5 herrelaget &#8211; her f\u00e5r hele tre spillere toppkarakter.<\/p>\n<p>    Vil du se neste video?<\/p>\n<p>    <a href=\"https:\/\/www.ranablad.no\/se-video-spektrum-folket-elsker-festivalen-og-hele-halvdan-som-ertet-gamlisene-han-er-min-store-helt\/v\/5-42-1511386\" class=\"recommend-poster\" data-adp-clicklabel=\"video-recommend\" data-adp-clickvalue=\"poster\" rel=\"nofollow noopener\" target=\"_blank\"><br \/>\n      <img decoding=\"async\" width=\"200\" height=\"200\" loading=\"lazy\" src=\"https:\/\/www.europesays.com\/no\/wp-content\/uploads\/2025\/10\/v-i-a03aa9fd-e01f-4900-adee-d52ff7a5b07e-1.jpg\" alt=\"\" class=\"brick-c-cFOWSL\" style=\"--brick-image-ratio: 200 \/ 200;\"\/><\/p>\n<p>SE VIDEO: Spektrum-folket elsker festivalen og hele Halvdan \u2013 som ertet g\u00e6mlisene: \u2013 Han er min store helt2:02<\/p>\n<p>    <\/a><\/p>\n<p><b>Alle episodene kan h\u00f8res p\u00e5 <a href=\"https:\/\/open.spotify.com\/show\/25ZtRGm0CpTpM4VoT6zkxR?si=03f34f4116cd4962\" rel=\"Follow nofollow noopener\" target=\"_blank\">Spotify<\/a>, Apple Podcasts og i <a href=\"https:\/\/untold.app\/podcast\/0c834187-0791-400c-8f5a-bfbe008d159e\/ettersleng\" rel=\"Follow nofollow noopener\" target=\"_blank\">Untold-appen<\/a>.<\/b><\/p>\n","protected":false},"excerpt":{"rendered":"Han hadde en kamp for A-laget p\u00e5 CV-en f\u00f8r han ble tatt opp i A-stallen p\u00e5 permanent basis&hellip;\n","protected":false},"author":2,"featured_media":68124,"comment_status":"","ping_status":"","sticky":false,"template":"","format":"standard","meta":{"footnotes":""},"categories":[59],"tags":[36,9659,30,28,29,1270,1079,1077,9660,83,82,1510],"class_list":{"0":"post-68123","1":"post","2":"type-post","3":"status-publish","4":"format-standard","5":"has-post-thumbnail","7":"category-sport","8":"tag-art","9":"tag-lokal-fotball","10":"tag-no","11":"tag-norge","12":"tag-norway","13":"tag-podkast","14":"tag-rana-blad-ung","15":"tag-rana-fk","16":"tag-sander-elias-fjelldalselv","17":"tag-sport","18":"tag-sports","19":"tag-story"},"share_on_mastodon":{"url":"https:\/\/pubeurope.com\/@no\/115423952615256375","error":""},"_links":{"self":[{"href":"https:\/\/www.europesays.com\/no\/wp-json\/wp\/v2\/posts\/68123","targetHints":{"allow":["GET"]}}],"collection":[{"href":"https:\/\/www.europesays.com\/no\/wp-json\/wp\/v2\/posts"}],"about":[{"href":"https:\/\/www.europesays.com\/no\/wp-json\/wp\/v2\/types\/post"}],"author":[{"embeddable":true,"href":"https:\/\/www.europesays.com\/no\/wp-json\/wp\/v2\/users\/2"}],"replies":[{"embeddable":true,"href":"https:\/\/www.europesays.com\/no\/wp-json\/wp\/v2\/comments?post=68123"}],"version-history":[{"count":0,"href":"https:\/\/www.europesays.com\/no\/wp-json\/wp\/v2\/posts\/68123\/revisions"}],"wp:featuredmedia":[{"embeddable":true,"href":"https:\/\/www.europesays.com\/no\/wp-json\/wp\/v2\/media\/68124"}],"wp:attachment":[{"href":"https:\/\/www.europesays.com\/no\/wp-json\/wp\/v2\/media?parent=68123"}],"wp:term":[{"taxonomy":"category","embeddable":true,"href":"https:\/\/www.europesays.com\/no\/wp-json\/wp\/v2\/categories?post=68123"},{"taxonomy":"post_tag","embeddable":true,"href":"https:\/\/www.europesays.com\/no\/wp-json\/wp\/v2\/tags?post=68123"}],"curies":[{"name":"wp","href":"https:\/\/api.w.org\/{rel}","templated":true}]}}