{"id":68125,"date":"2025-10-23T14:28:08","date_gmt":"2025-10-23T14:28:08","guid":{"rendered":"https:\/\/www.europesays.com\/no\/68125\/"},"modified":"2025-10-23T14:28:08","modified_gmt":"2025-10-23T14:28:08","slug":"nrk-dropper-stjernekamp-til-varen-2","status":"publish","type":"post","link":"https:\/\/www.europesays.com\/no\/68125\/","title":{"rendered":"NRK dropper \u00abStjernekamp\u00bb til v\u00e5ren"},"content":{"rendered":"<p>    Programmet g\u00e5r en usikker fremtid i m\u00f8te.<\/p>\n<p>\n        Kim Wigaard (t.v.) vant \u00abStjernekamp\u00bb i v\u00e5r, foran Bjarte de Presno Borthen.<br \/>\n        Julia Marie Naglestad \/ Monster \/ NRK\n    <\/p>\n<p>Det skriver\u00a0<a href=\"https:\/\/www.kampanje.com\/premium\/nrk-dropper-stjernekamp-til-varen-jakter-pa-erstatter\/954451?utm_source=sdrn%3Avg%3Aarticle%3ARzPmp5\" target=\"_blank\" rel=\"nofollow noopener\">Kampanje<\/a>.<\/p>\n<p>\u2013 Vi har sett at \u00abStjernekamp\u00bb fungerer veldig bra line\u00e6rt, men vi har en utfordring med \u00e5 f\u00e5 det til \u00e5 bli valgbart i NRK TV, sier eksternsjef Jostein Olseng til Kampanje. <\/p>\n<p>NRK vurderer derfor om de skal finne noe nytt. If\u00f8lge Kampanje ser kanalen etter \u00abet stort nytt underholdningsprogram med eller om musikk\u00bb som en mulig erstatning.<\/p>\n<p>Den tolvte sesongen av \u00abStjernekamp\u00bb gikk p\u00e5 NRK i v\u00e5r, etter en pause p\u00e5 halvannet \u00e5r. Programmet har tidligere g\u00e5tt om h\u00f8sten.\u00a0<\/p>\n<p>Nytt av \u00e5ret var blant annet at dommerne valgte hvilke l\u00e5ter deltakerne skulle synge. Grepet f\u00f8rte til at klagene rant inn til NRK.<\/p>\n<p>Det var Kim Wigaard som gikk seirende ut av det som kan ha v\u00e6rt den siste utgaven av det folkekj\u00e6re TV-programmet.<\/p>\n<p>Finalen ble sett av 545.000 seere, if\u00f8lge tall fra NRK. 2023-finalen hadde 727.000 seere.<\/p>\n","protected":false},"excerpt":{"rendered":"Programmet g\u00e5r en usikker fremtid i m\u00f8te. Kim Wigaard (t.v.) vant \u00abStjernekamp\u00bb i v\u00e5r, foran Bjarte de Presno&hellip;\n","protected":false},"author":2,"featured_media":68126,"comment_status":"","ping_status":"","sticky":false,"template":"","format":"standard","meta":{"footnotes":""},"categories":[58],"tags":[71,30,28,29,72],"class_list":{"0":"post-68125","1":"post","2":"type-post","3":"status-publish","4":"format-standard","5":"has-post-thumbnail","7":"category-underholdning","8":"tag-entertainment","9":"tag-no","10":"tag-norge","11":"tag-norway","12":"tag-underholdning"},"share_on_mastodon":{"url":"https:\/\/pubeurope.com\/@no\/115423956363070462","error":""},"_links":{"self":[{"href":"https:\/\/www.europesays.com\/no\/wp-json\/wp\/v2\/posts\/68125","targetHints":{"allow":["GET"]}}],"collection":[{"href":"https:\/\/www.europesays.com\/no\/wp-json\/wp\/v2\/posts"}],"about":[{"href":"https:\/\/www.europesays.com\/no\/wp-json\/wp\/v2\/types\/post"}],"author":[{"embeddable":true,"href":"https:\/\/www.europesays.com\/no\/wp-json\/wp\/v2\/users\/2"}],"replies":[{"embeddable":true,"href":"https:\/\/www.europesays.com\/no\/wp-json\/wp\/v2\/comments?post=68125"}],"version-history":[{"count":0,"href":"https:\/\/www.europesays.com\/no\/wp-json\/wp\/v2\/posts\/68125\/revisions"}],"wp:featuredmedia":[{"embeddable":true,"href":"https:\/\/www.europesays.com\/no\/wp-json\/wp\/v2\/media\/68126"}],"wp:attachment":[{"href":"https:\/\/www.europesays.com\/no\/wp-json\/wp\/v2\/media?parent=68125"}],"wp:term":[{"taxonomy":"category","embeddable":true,"href":"https:\/\/www.europesays.com\/no\/wp-json\/wp\/v2\/categories?post=68125"},{"taxonomy":"post_tag","embeddable":true,"href":"https:\/\/www.europesays.com\/no\/wp-json\/wp\/v2\/tags?post=68125"}],"curies":[{"name":"wp","href":"https:\/\/api.w.org\/{rel}","templated":true}]}}