{"id":68201,"date":"2025-10-23T16:20:16","date_gmt":"2025-10-23T16:20:16","guid":{"rendered":"https:\/\/www.europesays.com\/no\/68201\/"},"modified":"2025-10-23T16:20:16","modified_gmt":"2025-10-23T16:20:16","slug":"den-nye-telefonkrigen-kina-utfordrer-apple-pa-hjemmebane","status":"publish","type":"post","link":"https:\/\/www.europesays.com\/no\/68201\/","title":{"rendered":"Den nye telefonkrigen: Kina utfordrer Apple p\u00e5 hjemmebane"},"content":{"rendered":"<p><strong>1. En ny stormakt i mobilmarkedet<\/strong><\/p>\n<p><img loading=\"lazy\" decoding=\"async\" width=\"1024\" height=\"512\" src=\"https:\/\/www.europesays.com\/no\/wp-content\/uploads\/2025\/10\/Shutterstock_724767955-1024x512-1.png\" alt=\"\" class=\"wp-image-18988\"  \/>shutterstock.com<\/p>\n<p>Kinesiske produsenter som Huawei, Xiaomi og Oppo har lenge blitt undervurdert i Vesten. N\u00e5 er bildet snudd. De nyeste modellene deres overg\u00e5r Apples iPhone 16 b\u00e5de i hastighet, kamera og batterilevetid \u2013 og til en lavere pris.<\/p>\n<p><strong>2. Apple mister sitt teknologiske forsprang<\/strong><\/p>\n<p><img loading=\"lazy\" decoding=\"async\" width=\"1024\" height=\"531\" src=\"https:\/\/www.europesays.com\/no\/wp-content\/uploads\/2025\/10\/apple-1-1024x531.jpg\" alt=\"apple 1\" class=\"wp-image-18386\"  \/>bluestork \/ Shutterstock.com<\/p>\n<p>I flere ti\u00e5r satte Apple standarden for design og innovasjon. Men i 2025 er forskjellen visket ut. Kina utvikler egne brikker, skjermteknologi og AI-funksjoner som matcher \u2013 og ofte overg\u00e5r \u2013 det som tidligere kom fra California.<\/p>\n<p><strong>3. Patriotisme som drivkraft<\/strong><\/p>\n<p><img loading=\"lazy\" decoding=\"async\" width=\"1024\" height=\"683\" src=\"https:\/\/www.europesays.com\/no\/wp-content\/uploads\/2025\/10\/shutterstock_2381636177-1024x683.jpg\" alt=\"\" class=\"wp-image-2894\"  \/>foto: Abdul Razak Latif \/ Shutterstock<\/p>\n<p>Kinas mobilboom handler ikke bare om teknologi, men ogs\u00e5 politikk. Etter handelskonflikter og sanksjoner har kinesiske forbrukere vendt ryggen til vestlige merker. \u00c5 kj\u00f8pe Huawei har blitt et symbol p\u00e5 nasjonal stolthet.<\/p>\n<p><strong>4. Den usynlige teknologikrigen<\/strong><\/p>\n<p><img loading=\"lazy\" decoding=\"async\" width=\"1024\" height=\"512\" src=\"https:\/\/www.europesays.com\/no\/wp-content\/uploads\/2025\/10\/USA-EUROPA-KINA-map-skak-1024x512.jpg\" alt=\"\" class=\"wp-image-18977\"  \/>Tomas Ragina\/shutterstock.com<\/p>\n<p>Bak telefonene skjuler det seg et geopolitisk spill om data, sikkerhet og makt. USA advarer mot kinesisk overv\u00e5king, mens Kina anklager Vesten for dobbeltmoral. Forbrukeren st\u00e5r midt i en krig som ikke handler om kameraer \u2013 men om kontroll.<\/p>\n<p><strong>5. Europas dilemma<\/strong><\/p>\n<p><img loading=\"lazy\" decoding=\"async\" width=\"1000\" height=\"667\" src=\"https:\/\/www.europesays.com\/no\/wp-content\/uploads\/2025\/10\/shutterstock_2623725527.jpg\" alt=\"\" class=\"wp-image-18171\"  \/>Shutterstock.com<\/p>\n<p>For europeiske kj\u00f8pere er prisen fristende, men skepsisen stor. Mange kinesiske modeller selges uten Google-tjenester og med uklar datastruktur. Valget st\u00e5r mellom funksjonalitet og trygghet \u2013 og mellom innovasjon og idealer.<\/p>\n<p><strong>6. AI som ny slagmark<\/strong><\/p>\n<p><img loading=\"lazy\" decoding=\"async\" width=\"1024\" height=\"512\" src=\"https:\/\/www.europesays.com\/no\/wp-content\/uploads\/2025\/10\/Shutterstock_2510580817-1-1024x512-3.png\" alt=\"\" class=\"wp-image-18939\"  \/>shutterstock.com<\/p>\n<p>Den neste fasen i mobilkrigen handler ikke om maskinvare, men om kunstig intelligens. Kinesiske produsenter integrerer generativ AI direkte i operativsystemet, mens Apple holder fast ved personvern og sikkerhet. To ideologier \u2013 \u00e9n kampplass.<\/p>\n<p><strong>7. En global maktbalanse i lomma<\/strong><\/p>\n<p><img loading=\"lazy\" decoding=\"async\" width=\"1024\" height=\"512\" src=\"https:\/\/www.europesays.com\/no\/wp-content\/uploads\/2025\/10\/phone-logo-telefon-maerker-1024x512-1.jpg\" alt=\"\" class=\"wp-image-18989\"  \/>ICXd\/shutterstock.com<\/p>\n<p>Smarttelefonen er ikke lenger bare et verkt\u00f8y \u2013 den er et politisk symbol. Hver gang du velger merke, velger du indirekte side i et globalt maktspill der data er valutaen. Det er ikke bare et kj\u00f8p \u2013 det er en erkl\u00e6ring.<\/p>\n<p><strong>8. Fremtiden blir flerspr\u00e5klig<\/strong><\/p>\n<p><img loading=\"lazy\" decoding=\"async\" width=\"1024\" height=\"512\" src=\"https:\/\/www.europesays.com\/no\/wp-content\/uploads\/2025\/10\/spoergsmaal-telefon-1024x512-1.jpg\" alt=\"\" class=\"wp-image-18990\"  \/>tomeqs\/shutterstock.com<\/p>\n<p>Kina er ikke lenger kopimaskinen i mobilindustrien, men innovasjonsmotoren. For f\u00f8rste gang p\u00e5 to ti\u00e5r st\u00e5r Apple overfor reell konkurranse. Fremtidens telefon blir kanskje ikke amerikansk \u2013 men garantert kinesisk inspirert.<\/p>\n","protected":false},"excerpt":{"rendered":"1. En ny stormakt i mobilmarkedet shutterstock.com Kinesiske produsenter som Huawei, Xiaomi og Oppo har lenge blitt undervurdert&hellip;\n","protected":false},"author":2,"featured_media":68202,"comment_status":"","ping_status":"","sticky":false,"template":"","format":"standard","meta":{"footnotes":""},"categories":[57],"tags":[30,28,29,65,63,64,66,70,69,67,68],"class_list":{"0":"post-68201","1":"post","2":"type-post","3":"status-publish","4":"format-standard","5":"has-post-thumbnail","7":"category-vitenskap-og-teknologi","8":"tag-no","9":"tag-norge","10":"tag-norway","11":"tag-science","12":"tag-science-and-technology","13":"tag-scienceandtechnology","14":"tag-technology","15":"tag-teknologi","16":"tag-vitenskap","17":"tag-vitenskap-og-teknologi","18":"tag-vitenskapteknologi"},"share_on_mastodon":{"url":"https:\/\/pubeurope.com\/@no\/115424397329266999","error":""},"_links":{"self":[{"href":"https:\/\/www.europesays.com\/no\/wp-json\/wp\/v2\/posts\/68201","targetHints":{"allow":["GET"]}}],"collection":[{"href":"https:\/\/www.europesays.com\/no\/wp-json\/wp\/v2\/posts"}],"about":[{"href":"https:\/\/www.europesays.com\/no\/wp-json\/wp\/v2\/types\/post"}],"author":[{"embeddable":true,"href":"https:\/\/www.europesays.com\/no\/wp-json\/wp\/v2\/users\/2"}],"replies":[{"embeddable":true,"href":"https:\/\/www.europesays.com\/no\/wp-json\/wp\/v2\/comments?post=68201"}],"version-history":[{"count":0,"href":"https:\/\/www.europesays.com\/no\/wp-json\/wp\/v2\/posts\/68201\/revisions"}],"wp:featuredmedia":[{"embeddable":true,"href":"https:\/\/www.europesays.com\/no\/wp-json\/wp\/v2\/media\/68202"}],"wp:attachment":[{"href":"https:\/\/www.europesays.com\/no\/wp-json\/wp\/v2\/media?parent=68201"}],"wp:term":[{"taxonomy":"category","embeddable":true,"href":"https:\/\/www.europesays.com\/no\/wp-json\/wp\/v2\/categories?post=68201"},{"taxonomy":"post_tag","embeddable":true,"href":"https:\/\/www.europesays.com\/no\/wp-json\/wp\/v2\/tags?post=68201"}],"curies":[{"name":"wp","href":"https:\/\/api.w.org\/{rel}","templated":true}]}}