{"id":68251,"date":"2025-10-23T17:55:47","date_gmt":"2025-10-23T17:55:47","guid":{"rendered":"https:\/\/www.europesays.com\/no\/68251\/"},"modified":"2025-10-23T17:55:47","modified_gmt":"2025-10-23T17:55:47","slug":"adressa-stenger-luftrommet-over-trondheim","status":"publish","type":"post","link":"https:\/\/www.europesays.com\/no\/68251\/","title":{"rendered":"Adressa: Stenger luftrommet over Trondheim"},"content":{"rendered":"<p class=\"kicker \" style=\"\">Rune Rudberg:\u00a0<\/p>\n<p>  Countrylegenden Rune Rudberg n\u00e6rmer seg 50 \u00e5r som musiker. Det har preget ham p\u00e5 flere m\u00e5ter.<\/p>\n<p>\n    BLID: Rune Rudberg smiler stort under \u00abAllsang p\u00e5 grensen\u00bb i 2020. N\u00e5 kan han snart feire 50 \u00e5r som artist. Foto: Andreas Fadum \/ Se og H\u00f8r\n  <\/p>\n<p>Country-artist Rune Rudberg (64) har siden debuten med \u00abUt mot Havet\u00bb i 1988 spilt over 5000 konserter.\u00a0<\/p>\n<p>I den nyeste episoden av podkasten <a href=\"https:\/\/podcasts.apple.com\/no\/podcast\/popkammeret-rune-rudberg\/id1784214300?i=1000733090165\" rel=\"nofollow noopener\" target=\"_blank\">\u00abPopkammeret\u00bb<\/a>\u00a0mimrer han tilbake p\u00e5 sine 50 \u00e5r i musikkbransjen.\u00a0<\/p>\n<p>    <a itemprop=\"url\" href=\"https:\/\/www.dagbladet.no\/kjendis\/bra-sted-a-sjekke-damer\/80266580\" rel=\"nofollow noopener\" target=\"_blank\"><\/p>\n<p>      <img loading=\"lazy\" decoding=\"async\" src=\"https:\/\/www.europesays.com\/no\/wp-content\/uploads\/2025\/10\/80266594.webp\" width=\"980\" height=\"441\" title=\"- Bra sted \u00e5 sjekke damer\" alt=\"\" class=\"lazyload\" style=\"--aspect-ratio-image: 2.22; \"\/><\/p>\n<p>        &#8211; Bra sted \u00e5 sjekke damer<\/p>\n<p>    <\/a><\/p>\n<p> I 1988 sto Rudberg p\u00e5 scenen foran et hav av mennesker p\u00e5 Momarkedet i Mysen. P\u00e5 konserten, som ogs\u00e5 ble sendt direkte p\u00e5 TV foran hele det norske folk, hadde omtrent 17 000 mennesker m\u00f8tt opp for \u00e5 se ham.<\/p>\n<p>          <img loading=\"lazy\" decoding=\"async\" src=\"https:\/\/www.europesays.com\/no\/wp-content\/uploads\/2025\/10\/1761242139_506_83761432.webp\" width=\"686\" height=\"467\" title=\"DEBUTEN: Rune Rudberg fremf\u00f8rer Ut mot Havet i 1988, samme \u00e5r som sangen ble utgitt. Opptredenen gjorde ham til kjendis over natta. Foto: Inge Gjellesvik \/ NTB\" alt=\"\" class=\"\" style=\"--aspect-ratio-image: 1.47; \"\/><\/p>\n<p>\n          DEBUTEN: Rune Rudberg fremf\u00f8rer Ut mot Havet i 1988, samme \u00e5r som sangen ble utgitt. Opptredenen gjorde ham til kjendis over natta. Foto: Inge Gjellesvik \/ NTB\n      <\/p>\n<p>\u00abUt mot havet\u00bb hadde gjort ham til stjerne n\u00e6rmest over natta, og han har i \u00e5ra som fulgte levd livet p\u00e5 turn\u00e9. Det har satt varige spor, forteller han.\u00a0<\/p>\n<p>&#8211;\u00a0Jeg r\u00f8yket f\u00f8rti om dagen i f\u00f8rti \u00e5r. Jeg slutta for fjorten \u00e5r siden, og det hjalp jo selvf\u00f8lgelig. Men jeg rakk \u00e5 dra p\u00e5 meg kols, sier Rudberg i podkasten. <\/p>\n<p class=\"font-weight-bold m-font-weight-bold\" data-lab-font_weight=\"font-weight-bold\">&#8211; Stemmen har jeg behandlet som en racerbil. Den har t\u00e5lt mye. Men jeg har en svak grad av kols, og det blir jo aldri borte. Jeg h\u00f8rer jo at jeg er litt hes og astmatisk, forteller han videre.\u00a0<\/p>\n<p>        \u00c5PNER OPP: &#8211; Durek var min klippe gjennom hele hendelsen, sier M\u00e4rtha Louise om tiden etter Ari Behns d\u00f8dsfall i et intervju med SVTs Carina Bergfeldt. Video: SVT <\/p>\n<p> For to \u00e5r siden ble Rudberg lagt inn p\u00e5 sykehus etter at en prolaps hadde lagt seg over isjiasnerven.\u00a0<\/p>\n<p class=\"font-weight-bold m-font-weight-bold\" data-lab-font_weight=\"font-weight-bold\">Legene oppdaget at han hadde utviklet droppfot og \u00f8nsket \u00e5 operere umiddelbart. Men midt i turn\u00e9sesongen prioriterte ikke sangeren operasjonssalen.\u00a0<\/p>\n<p>          <img loading=\"lazy\" decoding=\"async\" src=\"https:\/\/www.europesays.com\/no\/wp-content\/uploads\/2025\/10\/1761242144_109_83761559.webp\" width=\"980\" height=\"559\" title=\"LIV: Rune Rudberg Band i Lierbyen med CDen \u00abLevd liv\u00bb. Country-veteranen har snart lagt 50 \u00e5r som artist bak seg, og er fortsatt klar for mer. Foto: Geir Egil Skog \/ Aller Media Group\" alt=\"\" class=\"\" style=\"--aspect-ratio-image: 1.75; \"\/><\/p>\n<p>\n          LIV: Rune Rudberg Band i Lierbyen med CDen \u00abLevd liv\u00bb. Country-veteranen har snart lagt 50 \u00e5r som artist bak seg, og er fortsatt klar for mer. Foto: Geir Egil Skog \/ Aller Media Group\n      <\/p>\n<p>&#8211;\u00a0Det finnes ikke sykmelding i denne jobben. Du kan ligge syk hele uka, med influensa eller hva det m\u00e5tte v\u00e6re, og lure p\u00e5 hvordan du i all verden skal klare \u00e5 komme deg gjennom helga. Og s\u00e5 kommer du til spillejobben, g\u00e5r opp p\u00e5 scenen, og i det \u00f8yeblikket du st\u00e5r der er du frisk. <\/p>\n<p>N\u00e5 har country-legenden stumpa siggen, trappet ned p\u00e5 alkoholen og bor rolig til i Spydeberg. Men turn\u00e9livet har han ikke lagt fra seg. P\u00e5 <a href=\"https:\/\/runerudbergband.no\/konserter\/\" rel=\"nofollow noopener\" target=\"_blank\">nettsiden<\/a> hans opplyses det at han har spilt 12 konserter i \u00e5r, og at to til er p\u00e5 vei.\u00a0<\/p>\n<p>    <a itemprop=\"url\" href=\"https:\/\/www.dagbladet.no\/kjendis\/rune-rudberg-avslorer-romanse---er-ikke-pa-sjekkern-lenger\/67363790\" rel=\"nofollow noopener\" target=\"_blank\"><\/p>\n<p>      <img loading=\"lazy\" decoding=\"async\" src=\"https:\/\/www.europesays.com\/no\/wp-content\/uploads\/2025\/10\/67363798.webp\" width=\"980\" height=\"441\" title=\"Rune Rudberg avsl\u00f8rer romanse\" alt=\"\" class=\"lazyload\" style=\"--aspect-ratio-image: 2.22; \"\/><\/p>\n<p>        Rune Rudberg avsl\u00f8rer romanse<\/p>\n<p>    <\/a><\/p>\n","protected":false},"excerpt":{"rendered":"Rune Rudberg:\u00a0 Countrylegenden Rune Rudberg n\u00e6rmer seg 50 \u00e5r som musiker. Det har preget ham p\u00e5 flere m\u00e5ter.&hellip;\n","protected":false},"author":2,"featured_media":68252,"comment_status":"","ping_status":"","sticky":false,"template":"","format":"standard","meta":{"footnotes":""},"categories":[10],"tags":[20,21,24,25,15,2539,22,23,13,30,28,29,14,16,26,27],"class_list":{"0":"post-68251","1":"post","2":"type-post","3":"status-publish","4":"format-standard","5":"has-post-thumbnail","7":"category-norge","8":"tag-breaking-news","9":"tag-breakingnews","10":"tag-featured-news","11":"tag-featurednews","12":"tag-headlines","13":"tag-innenriks","14":"tag-latest-news","15":"tag-latestnews","16":"tag-news","17":"tag-no","18":"tag-norge","19":"tag-norway","20":"tag-nyheter","21":"tag-overskrifter","22":"tag-top-stories","23":"tag-topstories"},"share_on_mastodon":{"url":"https:\/\/pubeurope.com\/@no\/115424774719640445","error":""},"_links":{"self":[{"href":"https:\/\/www.europesays.com\/no\/wp-json\/wp\/v2\/posts\/68251","targetHints":{"allow":["GET"]}}],"collection":[{"href":"https:\/\/www.europesays.com\/no\/wp-json\/wp\/v2\/posts"}],"about":[{"href":"https:\/\/www.europesays.com\/no\/wp-json\/wp\/v2\/types\/post"}],"author":[{"embeddable":true,"href":"https:\/\/www.europesays.com\/no\/wp-json\/wp\/v2\/users\/2"}],"replies":[{"embeddable":true,"href":"https:\/\/www.europesays.com\/no\/wp-json\/wp\/v2\/comments?post=68251"}],"version-history":[{"count":0,"href":"https:\/\/www.europesays.com\/no\/wp-json\/wp\/v2\/posts\/68251\/revisions"}],"wp:featuredmedia":[{"embeddable":true,"href":"https:\/\/www.europesays.com\/no\/wp-json\/wp\/v2\/media\/68252"}],"wp:attachment":[{"href":"https:\/\/www.europesays.com\/no\/wp-json\/wp\/v2\/media?parent=68251"}],"wp:term":[{"taxonomy":"category","embeddable":true,"href":"https:\/\/www.europesays.com\/no\/wp-json\/wp\/v2\/categories?post=68251"},{"taxonomy":"post_tag","embeddable":true,"href":"https:\/\/www.europesays.com\/no\/wp-json\/wp\/v2\/tags?post=68251"}],"curies":[{"name":"wp","href":"https:\/\/api.w.org\/{rel}","templated":true}]}}