{"id":68333,"date":"2025-10-23T19:38:07","date_gmt":"2025-10-23T19:38:07","guid":{"rendered":"https:\/\/www.europesays.com\/no\/68333\/"},"modified":"2025-10-23T19:38:07","modified_gmt":"2025-10-23T19:38:07","slug":"casper-ruud-videre-til-kvartfinale-i-basel-slo-sveitsisk-veteran","status":"publish","type":"post","link":"https:\/\/www.europesays.com\/no\/68333\/","title":{"rendered":"Casper Ruud videre til kvartfinale i Basel \u2013 slo sveitsisk veteran"},"content":{"rendered":"\n<p class=\"_lead_o9xde_2 _lead_xtcu6_50 layout-component text-serif-m layout-normal text-serif-l layout-component layout-wide layout-padded _wide_17hqh_1 layout-padded\">Den norske tennisstjernen Casper Ruud er i seiersform og tok seg til kvartfinalen i ATP 500-turneringen i Basel. <\/p>\n<p><img alt=\"Casper Ruud.  Foto: Georgios Kefalas \/ AP \/ NTB\" class=\"_image_qp4xg_65 layout-component layout-wide\" data-fullscreen- data-track-element-type=\"Article image fullscreen\" data-track-name=\"ImageFullscreen\" fetchpriority=\"high\" decoding=\"sync\" loading=\"eager\" height=\"1938\" itemprop=\"image\"  src=\"https:\/\/www.europesays.com\/no\/wp-content\/uploads\/2025\/10\/215f221f-7f2b-421f-a5b6-e38e1f38938d\"  style=\"object-position:0% 0%\" width=\"2907\"\/>Casper Ruud.  Foto: Georgios Kefalas \/ AP \/ NTB<\/p>\n<ul aria-hidden=\"true\" class=\"_images_18f0k_111\">\n<li><a class=\"_link_18f0k_116\" href=\"https:\/\/www.vg.no\/forfatter\/ntb\" style=\"z-index:1\" title=\"NTB\" rel=\"nofollow noopener\" target=\"_blank\"><img alt=\"Bilde av NTB\" class=\"_image_18f0k_93\" fetchpriority=\"low\" loading=\"lazy\" decoding=\"async\" itemprop=\"image\"  src=\"https:\/\/www.europesays.com\/no\/wp-content\/uploads\/2025\/10\/1761248287_195_c33980b0-5d07-4027-84a1-813f90a7c8d6\"  width=\"480\"\/><\/a><\/li>\n<\/ul>\n<p> Oppdatert torsdag 23. oktober kl. 19:58     <\/p>\n<p class=\"_paragraph_o9xde_4 _paragraph_xtcu6_10 layout-component text-serif-m layout-normal text-serif-m layout-padded\">Nordmannen vant med settsifrene 6-4, 7-6 (7-5).<\/p>\n<p class=\"_paragraph_o9xde_4 _paragraph_xtcu6_10 layout-component text-serif-m layout-normal text-serif-m layout-padded\">Ruud spilte jevnt med Wawrinka i \u00e5pningssettet, men p\u00e5 stillingen 5-4 br\u00f8t han tennisveteranen og tok f\u00f8rste stikk. <\/p>\n<p class=\"_paragraph_o9xde_4 _paragraph_xtcu6_10 layout-component text-serif-m layout-normal text-serif-m layout-padded\">Wawrinka s\u00f8rget for et tidlig servebrudd i det p\u00e5f\u00f8lgende settet. P\u00e5 stillingen 3-2 til sveitseren trengte 40-\u00e5ringen medisinsk behandling. Ruud hevet seg og det ble tiebreak om settet. Der var nordmannen sterkest. <\/p>\n<p class=\"_paragraph_o9xde_4 _paragraph_xtcu6_10 layout-component text-serif-m layout-normal text-serif-m layout-padded\">Triumfen var Ruuds sjette strake seier fordelt p\u00e5 de to siste turneringene. 26-\u00e5ringen vant ATP 250-turneringen i Stockholm sist helg. Det var nordmannens 14. tittel i karrieren.<\/p>\n<p class=\"_paragraph_o9xde_4 _paragraph_xtcu6_10 layout-component text-serif-m layout-normal text-serif-m layout-padded\">Alejandro Davidovich Fokina venter i neste runde for Ruud. <\/p>\n<p class=\"_paragraph_o9xde_4 _paragraph_xtcu6_10 layout-component text-serif-m layout-normal text-serif-m layout-padded\">Tennissesongen er inne i sin avsluttende fase. Etter turneringen i Basel venter storturneringen Paris Masters i m\u00e5nedsskiftet, f\u00f8r ATP-finalen avvikles i midten av november.<\/p>\n<p class=\"_paragraph_o9xde_4 _paragraph_xtcu6_10 layout-component text-serif-m layout-normal text-serif-m layout-padded\">Ruud er forel\u00f8pig ikke kvalifisert dit og m\u00e5 ha gode resultater de neste ukene.<\/p>\n","protected":false},"excerpt":{"rendered":"Den norske tennisstjernen Casper Ruud er i seiersform og tok seg til kvartfinalen i ATP 500-turneringen i Basel.&hellip;\n","protected":false},"author":2,"featured_media":68334,"comment_status":"","ping_status":"","sticky":false,"template":"","format":"standard","meta":{"footnotes":""},"categories":[59],"tags":[908,30,28,29,83,82],"class_list":{"0":"post-68333","1":"post","2":"type-post","3":"status-publish","4":"format-standard","5":"has-post-thumbnail","7":"category-sport","8":"tag-casper-ruud","9":"tag-no","10":"tag-norge","11":"tag-norway","12":"tag-sport","13":"tag-sports"},"share_on_mastodon":{"url":"https:\/\/pubeurope.com\/@no\/115425175610741190","error":""},"_links":{"self":[{"href":"https:\/\/www.europesays.com\/no\/wp-json\/wp\/v2\/posts\/68333","targetHints":{"allow":["GET"]}}],"collection":[{"href":"https:\/\/www.europesays.com\/no\/wp-json\/wp\/v2\/posts"}],"about":[{"href":"https:\/\/www.europesays.com\/no\/wp-json\/wp\/v2\/types\/post"}],"author":[{"embeddable":true,"href":"https:\/\/www.europesays.com\/no\/wp-json\/wp\/v2\/users\/2"}],"replies":[{"embeddable":true,"href":"https:\/\/www.europesays.com\/no\/wp-json\/wp\/v2\/comments?post=68333"}],"version-history":[{"count":0,"href":"https:\/\/www.europesays.com\/no\/wp-json\/wp\/v2\/posts\/68333\/revisions"}],"wp:featuredmedia":[{"embeddable":true,"href":"https:\/\/www.europesays.com\/no\/wp-json\/wp\/v2\/media\/68334"}],"wp:attachment":[{"href":"https:\/\/www.europesays.com\/no\/wp-json\/wp\/v2\/media?parent=68333"}],"wp:term":[{"taxonomy":"category","embeddable":true,"href":"https:\/\/www.europesays.com\/no\/wp-json\/wp\/v2\/categories?post=68333"},{"taxonomy":"post_tag","embeddable":true,"href":"https:\/\/www.europesays.com\/no\/wp-json\/wp\/v2\/tags?post=68333"}],"curies":[{"name":"wp","href":"https:\/\/api.w.org\/{rel}","templated":true}]}}