{"id":68343,"date":"2025-10-23T19:50:21","date_gmt":"2025-10-23T19:50:21","guid":{"rendered":"https:\/\/www.europesays.com\/no\/68343\/"},"modified":"2025-10-23T19:50:21","modified_gmt":"2025-10-23T19:50:21","slug":"kultur-musikk-rekordmange-skal-pa-scenen-det-blir-en-ekstra-hyllest-av-en-av-de-virkelig-store","status":"publish","type":"post","link":"https:\/\/www.europesays.com\/no\/68343\/","title":{"rendered":"Kultur, Musikk | Rekordmange skal p\u00e5 scenen: \u2013 Det blir en ekstra hyllest av en av de virkelig store"},"content":{"rendered":"\n<p>\u2013 Konseptet blir litt som i 2023, med mye forskjellig metal, men det blir ogs\u00e5 en ekstra hyllest til en av tungrockens store s\u00f8nner, Ozzy Osbourne, som d\u00f8de i sommer, forklarer Rasmus Henriksen, som er leder for Egersund Rockeklubb.<\/p>\n<p>Som vanlig er litt av m\u00e5let med arrangementet \u00e5 gi ungdom muligheten til \u00e5 pr\u00f8ve seg p\u00e5 scenen.<\/p>\n<p>\u2013 Vi gj\u00f8r ikke et unntak denne gangen. Henning Grastveit (14), Tristan Ulsund Ognedal (16) og Noah Tingb\u00f8 Pedersen (16) representerer ungdom under 18 \u00e5r, mens Jesper Tuen Ollestad (18) og Simon Mathias Skadberg (20) er noen \u00e5r eldre. Totalt sett er det rekordmange som skal p\u00e5 scenen, forteller Henriksen.<\/p>\n<p>Starter \u00abold school\u00bb \u2013 f\u00f8r det blir nyere metal<\/p>\n<p>F\u00f8r selve \u00abmetalaften\u00bb-konseptet starter, skal ungdommene i Sandnes-bandet Cr\u00fcde \u00d6il p\u00e5 scenen. <\/p>\n<p>\u2013 Trommeslageren i bandet, Jesper Tuen Ollestad fra Egersund, m\u00f8tte gruppa da han deltok med et annet band p\u00e5 UKM-festivalen i Sandnes i v\u00e5r. Cr\u00fcde \u00d6il ble av UKMs fagpanel sendt videre til UKM-landsfinalen i Trondheim. Da de plutselig trengte ny trommeslager, var ikke Jesper vond \u00e5 be, og han har v\u00e6rt med i bandet siden i sommer. Fredag kveld varmer de opp med egne l\u00e5ter, sier Rasmus Henriksen. <\/p>\n<p>Hovedprogrammet starter \u00abold school\u00bb, med musikk av Black Sabbath og Ozzy Osbourne, etterfulgt av litt Mot\u00f6rhead og Iron Maiden.<\/p>\n<p>\u2013 Deretter blir det tyngre metal av nyere dato. Det blir ikke akkurat kronologisk rekkef\u00f8lge p\u00e5 musikken, men vi starter med en del eldre \u00abheavy\u00bb og g\u00e5r deretter over p\u00e5 band som Trivium, Killswitch Engage, Kvelertak og Gojira. Jeg vil tro at vi skal kunne tilby noe for omtrent enhver smak, lover lederen i rockeklubben.<\/p>\n<p>Vil ta konseptet til Sandnes<\/p>\n<p>Musikerne har selv \u00abstemt fram\u00bb sangene som skal spilles. <\/p>\n<p>\u2013 L\u00e5tene som har f\u00e5tt flest \u00abp\u00e5meldte\u00bb musikere, ender opp med \u00e5 bli spilt. Konseptet med \u00e5 ha med mange forskjellige musikere som bytter p\u00e5 \u00e5 st\u00e5 p\u00e5 scenen, stammer fra &laquo;A live tribute to&#8230;&raquo;-konseptet som tidligere ble arrangert hos Tribute i Sandnes. Rockepuben har nylig st\u00e5tt fram med \u00f8konomiske vanskeligheter. H\u00e5pet mitt er \u00e5 ta med &laquo;Metalaften&raquo;-konseptet, med flest mulig av fredagens l\u00e5ter og musikere, til Sandnes for \u00e5 spille veldedighetskonsert for dem seinere i \u00e5r, eller tidlig neste \u00e5r. Vi skal gj\u00f8re det vi kan for \u00e5 f\u00e5 det til, lover Henriksen.<\/p>\n<p>Han mener det har har mye for seg \u00e5 samle store deler av metal-milj\u00f8et i Egersund og resten av S\u00f8r-Rogaland. <\/p>\n<p>\u2013 Det er veldig positivt og sosialt. Enten man er aktiv musiker eller kanskje ikke spiller s\u00e5 mye til vanlig, f\u00e5r man komme seg ut og spille med enten nye bekjentskaper eller gamle venner. Man kan f\u00e5 spilt b\u00e5de favorittl\u00e5ter og ny musikk man ikke hadde kjennskap til fra f\u00f8r. Alt i alt synes deltakerne at dette er et veldig givende opplegg. Folk tar tross alt turen fra J\u00f8rpeland, Stavanger og Moi for \u00e5 v\u00e6re med, p\u00e5peker Rasmus Henriksen.<\/p>\n","protected":false},"excerpt":{"rendered":"\u2013 Konseptet blir litt som i 2023, med mye forskjellig metal, men det blir ogs\u00e5 en ekstra hyllest&hellip;\n","protected":false},"author":2,"featured_media":68344,"comment_status":"","ping_status":"","sticky":false,"template":"","format":"standard","meta":{"footnotes":""},"categories":[58],"tags":[36,88,71,410,221,30,28,29,1510,72],"class_list":{"0":"post-68343","1":"post","2":"type-post","3":"status-publish","4":"format-standard","5":"has-post-thumbnail","7":"category-underholdning","8":"tag-art","9":"tag-eigersund","10":"tag-entertainment","11":"tag-kultur","12":"tag-musikk","13":"tag-no","14":"tag-norge","15":"tag-norway","16":"tag-story","17":"tag-underholdning"},"share_on_mastodon":{"url":"https:\/\/pubeurope.com\/@no\/115425222570478513","error":""},"_links":{"self":[{"href":"https:\/\/www.europesays.com\/no\/wp-json\/wp\/v2\/posts\/68343","targetHints":{"allow":["GET"]}}],"collection":[{"href":"https:\/\/www.europesays.com\/no\/wp-json\/wp\/v2\/posts"}],"about":[{"href":"https:\/\/www.europesays.com\/no\/wp-json\/wp\/v2\/types\/post"}],"author":[{"embeddable":true,"href":"https:\/\/www.europesays.com\/no\/wp-json\/wp\/v2\/users\/2"}],"replies":[{"embeddable":true,"href":"https:\/\/www.europesays.com\/no\/wp-json\/wp\/v2\/comments?post=68343"}],"version-history":[{"count":0,"href":"https:\/\/www.europesays.com\/no\/wp-json\/wp\/v2\/posts\/68343\/revisions"}],"wp:featuredmedia":[{"embeddable":true,"href":"https:\/\/www.europesays.com\/no\/wp-json\/wp\/v2\/media\/68344"}],"wp:attachment":[{"href":"https:\/\/www.europesays.com\/no\/wp-json\/wp\/v2\/media?parent=68343"}],"wp:term":[{"taxonomy":"category","embeddable":true,"href":"https:\/\/www.europesays.com\/no\/wp-json\/wp\/v2\/categories?post=68343"},{"taxonomy":"post_tag","embeddable":true,"href":"https:\/\/www.europesays.com\/no\/wp-json\/wp\/v2\/tags?post=68343"}],"curies":[{"name":"wp","href":"https:\/\/api.w.org\/{rel}","templated":true}]}}