{"id":68357,"date":"2025-10-23T20:05:11","date_gmt":"2025-10-23T20:05:11","guid":{"rendered":"https:\/\/www.europesays.com\/no\/68357\/"},"modified":"2025-10-23T20:05:11","modified_gmt":"2025-10-23T20:05:11","slug":"millioner-av-rode-krabber-starter-spektakulaer-vandring","status":"publish","type":"post","link":"https:\/\/www.europesays.com\/no\/68357\/","title":{"rendered":"Millioner av r\u00f8de krabber starter spektakul\u00e6r vandring"},"content":{"rendered":"\n<p class=\"_lead_o9xde_2 _lead_xtcu6_50 layout-component text-serif-m layout-normal text-serif-l layout-component layout-normal layout-padded layout-padded\">Se opp! N\u00e5 er 50 millioner krabber p\u00e5 vandring.<\/p>\n<p><img alt=\" Foto: Parks Australia via AP\" class=\"_image_qp4xg_65 layout-component layout-wide\" data-fullscreen- data-track-element-type=\"Article image fullscreen\" data-track-name=\"ImageFullscreen\" fetchpriority=\"high\" decoding=\"sync\" loading=\"eager\" height=\"1027\" itemprop=\"image\"  src=\"https:\/\/www.europesays.com\/no\/wp-content\/uploads\/2025\/10\/296c9751-4283-41a6-b929-1ca7d839fe8b\"  style=\"object-position:0% 0%\" width=\"1349\"\/> Foto: Parks Australia via AP<\/p>\n<ul aria-hidden=\"true\" class=\"_images_18f0k_111\">\n<li><a class=\"_link_18f0k_116\" href=\"https:\/\/www.vg.no\/forfatter\/thomas-andreassen-2\" style=\"z-index:1\" title=\"Thomas Andreassen\" rel=\"nofollow noopener\" target=\"_blank\"><img alt=\"Bilde av Thomas Andreassen\" class=\"_image_18f0k_93\" fetchpriority=\"low\" loading=\"lazy\" decoding=\"async\" itemprop=\"image\"  src=\"https:\/\/www.europesays.com\/no\/wp-content\/uploads\/2025\/10\/1761249909_165_53492b61-0913-4564-9106-006d60b8d9f3\"  width=\"480\"\/><\/a><\/li>\n<\/ul>\n<p> Torsdag 23. oktober kl. 21:35     <\/p>\n<p class=\"_paragraph_o9xde_4 _paragraph_xtcu6_10 layout-component text-serif-m layout-normal text-serif-m layout-padded\">De r\u00f8de krabbene har startet sin \u00e5rlige vandring p\u00e5 Christmas Island. \u00d8ya, som ligger utenfor Australia n\u00e6r Indonesia, blir hvert \u00e5r forvandlet til et spektakul\u00e6rt r\u00f8dt teppe n\u00e5r krabbene beveger seg fra sine hjem ned til strendene for \u00e5 legge egg.<\/p>\n<p><img alt=\"Foto: Parks Australia via AP\" class=\"_image_qp4xg_65 layout-component layout-normal\" data-fullscreen- data-track-element-type=\"Article image fullscreen\" data-track-name=\"ImageFullscreen\" decoding=\"async\" loading=\"lazy\" height=\"1025\" itemprop=\"image\"  src=\"https:\/\/www.europesays.com\/no\/wp-content\/uploads\/2025\/10\/a792bf47-438e-45f3-ad20-44874d23d23a\"  style=\"object-position:0% 0%\" width=\"1537\"\/>Foto: Parks Australia via AP<\/p>\n<p class=\"_paragraph_o9xde_4 _paragraph_xtcu6_10 layout-component text-serif-m layout-normal text-serif-m layout-padded\">Vandringen skjer hver sommer og er s\u00e5 omfattende at lokale radiostasjoner gir folk oppdateringer om krabbenes bevegelser, melder <a href=\"https:\/\/www.bbc.com\/news\/videos\/cx206pvyld5o\" class=\"_link_o9xde_39\" rel=\"nofollow noopener\" target=\"_blank\">BBC<\/a>.<\/p>\n<p class=\"_paragraph_o9xde_4 _paragraph_xtcu6_10 layout-component text-serif-m layout-normal text-serif-m layout-padded\">Myndighetene har bygget egne krabbebroer for \u00e5 hjelpe skalldyrene over vanskelige hindringer. B\u00e5de veiene og vegetasjonen blir helt dekket av de r\u00f8de krabbene under den spektakul\u00e6re utflukten.<\/p>\n<p><img alt=\"Foto: Parks Australia via AP\" class=\"_image_qp4xg_65 layout-component layout-normal\" data-fullscreen- data-track-element-type=\"Article image fullscreen\" data-track-name=\"ImageFullscreen\" decoding=\"async\" loading=\"lazy\" height=\"4971\" itemprop=\"image\"  src=\"https:\/\/www.europesays.com\/no\/wp-content\/uploads\/2025\/10\/15e96fa1-5b3a-4ba4-926e-6ef3bc64284c\"  style=\"object-position:0% 0%\" width=\"3826\"\/>Foto: Parks Australia via AP<\/p>\n<p class=\"_paragraph_o9xde_4 _paragraph_xtcu6_10 layout-component text-serif-m layout-normal text-serif-m layout-padded\">If\u00f8lge Parks Australia vil vandringen kulminere i en stor gyteperiode rundt midten av november, etterfulgt av en ny gyteperiode en m\u00e5ned senere. Babykrabbene vil returnere til kysten i neste \u00e5r.<\/p>\n<p><img alt=\"Foto: Parks Australia via AP\" class=\"_image_qp4xg_65 layout-component layout-normal\" data-fullscreen- data-track-element-type=\"Article image fullscreen\" data-track-name=\"ImageFullscreen\" decoding=\"async\" loading=\"lazy\" height=\"1840\" itemprop=\"image\"  src=\"https:\/\/www.europesays.com\/no\/wp-content\/uploads\/2025\/10\/4dfe4cad-bedf-42b9-a673-71bd2f3aff56\"  style=\"object-position:0% 0%\" width=\"1472\"\/>Foto: Parks Australia via AP<\/p>\n<p class=\"_paragraph_o9xde_4 _paragraph_xtcu6_10 layout-component text-serif-m layout-normal text-serif-m layout-padded _medium_xtcu6_25\"><strong class=\"_strong_o9xde_25\">Her kan du f\u00f8lge <a href=\"https:\/\/www.instagram.com\/vgfoto\/\" class=\"_link_o9xde_39\" rel=\"nofollow noopener\" target=\"_blank\">VGs fotojournalister p\u00e5 Instagram<\/a><\/strong><\/p>\n<p class=\"_paragraph_o9xde_4 _paragraph_xtcu6_10 layout-component text-serif-m layout-normal text-serif-m layout-padded _medium_xtcu6_25\"><strong class=\"_strong_o9xde_25\">Her kan du lese flere bildesaker:<\/strong><\/p>\n<p>Les ogs\u00e5<br \/>\n    <script async src=\"\/\/www.instagram.com\/embed.js\"><\/script><\/p>\n","protected":false},"excerpt":{"rendered":"Se opp! N\u00e5 er 50 millioner krabber p\u00e5 vandring. Foto: Parks Australia via AP Torsdag 23. oktober kl.&hellip;\n","protected":false},"author":2,"featured_media":68358,"comment_status":"","ping_status":"","sticky":false,"template":"","format":"standard","meta":{"footnotes":""},"categories":[12],"tags":[290,20,21,24,25,15,9684,22,23,13,30,28,29,14,16,26,27,42,46,43,44,45],"class_list":{"0":"post-68357","1":"post","2":"type-post","3":"status-publish","4":"format-standard","5":"has-post-thumbnail","7":"category-verden","8":"tag-bildefortellingen","9":"tag-breaking-news","10":"tag-breakingnews","11":"tag-featured-news","12":"tag-featurednews","13":"tag-headlines","14":"tag-krabbe","15":"tag-latest-news","16":"tag-latestnews","17":"tag-news","18":"tag-no","19":"tag-norge","20":"tag-norway","21":"tag-nyheter","22":"tag-overskrifter","23":"tag-top-stories","24":"tag-topstories","25":"tag-verden","26":"tag-vgai","27":"tag-world","28":"tag-world-news","29":"tag-worldnews"},"share_on_mastodon":{"url":"https:\/\/pubeurope.com\/@no\/115425281792643391","error":""},"_links":{"self":[{"href":"https:\/\/www.europesays.com\/no\/wp-json\/wp\/v2\/posts\/68357","targetHints":{"allow":["GET"]}}],"collection":[{"href":"https:\/\/www.europesays.com\/no\/wp-json\/wp\/v2\/posts"}],"about":[{"href":"https:\/\/www.europesays.com\/no\/wp-json\/wp\/v2\/types\/post"}],"author":[{"embeddable":true,"href":"https:\/\/www.europesays.com\/no\/wp-json\/wp\/v2\/users\/2"}],"replies":[{"embeddable":true,"href":"https:\/\/www.europesays.com\/no\/wp-json\/wp\/v2\/comments?post=68357"}],"version-history":[{"count":0,"href":"https:\/\/www.europesays.com\/no\/wp-json\/wp\/v2\/posts\/68357\/revisions"}],"wp:featuredmedia":[{"embeddable":true,"href":"https:\/\/www.europesays.com\/no\/wp-json\/wp\/v2\/media\/68358"}],"wp:attachment":[{"href":"https:\/\/www.europesays.com\/no\/wp-json\/wp\/v2\/media?parent=68357"}],"wp:term":[{"taxonomy":"category","embeddable":true,"href":"https:\/\/www.europesays.com\/no\/wp-json\/wp\/v2\/categories?post=68357"},{"taxonomy":"post_tag","embeddable":true,"href":"https:\/\/www.europesays.com\/no\/wp-json\/wp\/v2\/tags?post=68357"}],"curies":[{"name":"wp","href":"https:\/\/api.w.org\/{rel}","templated":true}]}}