{"id":68363,"date":"2025-10-23T20:09:09","date_gmt":"2025-10-23T20:09:09","guid":{"rendered":"https:\/\/www.europesays.com\/no\/68363\/"},"modified":"2025-10-23T20:09:09","modified_gmt":"2025-10-23T20:09:09","slug":"durek-verrett-og-prinsesse-martha-louise-snakker-ut-pa-svt-nrk-norge-oversikt-over-nyheter-fra-ulike-deler-av-landet","status":"publish","type":"post","link":"https:\/\/www.europesays.com\/no\/68363\/","title":{"rendered":"Durek Verrett og prinsesse M\u00e4rtha Louise snakker ut p\u00e5 SVT \u2013 NRK Norge \u2013 Oversikt over nyheter fra ulike deler av landet"},"content":{"rendered":"<p>Mandag forrige uke ble prinsesse M\u00e4rtha Louise og Durek Verrett intervjuet av den svenske journalisten Carina Bergfeldt til talkshowet med samme navn.<\/p>\n<p>Programmet g\u00e5r p\u00e5 SVT fredag.<\/p>\n<p>P\u00e5 sin instagramkonto skriver Bergfeldt at hun f\u00e5r bes\u00f8k av \u00aben norsk prinsesse og en amerikansk sjaman som for f\u00f8rste gang snakker om den massive kritikken i Norge\u00bb.<\/p>\n<p>Under intervjuet blir prinsessetittelen tema.<\/p>\n<p><img decoding=\"async\"   src=\"data:image\/gif;base64,R0lGODlhAQABAIAAAAAAAP\/\/\/yH5BAEAAAAALAAAAAABAAEAAAIBRAA7\" loading=\"eager\" alt=\"en gruppe mennesker som sitter p\u00e5 en sofa\" title=\"Foto: KARIN TORNBLOM\/SVT \/ KARIN TORNBLOM\"\/><\/p>\n<p class=\"\">Episoden g\u00e5r p\u00e5 SVT fredag.<\/p>\n<p>Foto: KARIN TORNBLOM\/SVT \/ KARIN TORNBLOM<\/p>\n<p>Bakgrunnen er en <a href=\"https:\/\/www.nrk.no\/norge\/folket-slar-ring-om-kongen-_-klar-okning-i-stotten-til-monarkiet-1.17586496\" ec-id=\"pp:article:1.17586496\" ec-name=\"unders\u00f8kelse Norstat gjennomf\u00f8rte for NRK\" rel=\"nofollow noopener\" target=\"_blank\">unders\u00f8kelse Norstat gjennomf\u00f8rte for NRK<\/a> i september, hvor syv av ti mente at kongen m\u00e5 frata prinsesse M\u00e4rtha Louise tittelen. M\u00e5lingen ble gjort etter at Netflix-dokumentaren om paret, kalt \u00abRebel royals\u00bb, kom ut.<\/p>\n<p>Bergfeldt spurte prinsessen om meningsm\u00e5lingen.<\/p>\n<p>\u2013 Blir du s\u00e5ret?<\/p>\n<p><strong>\u2013 Det har v\u00e6rt s\u00e5 mange ganger hvor folk har \u00f8nsket at jeg skulle gi fra meg tittelen. Jeg h\u00f8rer dem, jeg ser dem og jeg forst\u00e5r hvorfor de sier det de sier. Men samtidig har jeg levd gjennom en del slike, sier hun til programleder Carina Bergfeldt.<\/strong><\/p>\n<p>Hun sier prinsessetittelen fortsatt er navnet hennes, men at hun ikke bruker det kommersielt.<\/p>\n<p>\u2013 Jeg tror det er viktig \u00e5 h\u00f8re p\u00e5 hva det er de faktisk sier, og det gj\u00f8r jeg og jeg tar det inn.<\/p>\n<p>Prinsesse M\u00e4rtha Louise har en rekke ganger f\u00e5tt kritikk for \u00e5 bruke tittelen sin kommersielt. I \u00abRebel royals\u00bb omtalte b\u00e5de prinsesse M\u00e4rtha Louise selv og Durek Verrett hennes prinsessetittel og kongelige tilknytning en rekke ganger.<\/p>\n<p>Kongehuset konstaterte at dette var <a href=\"https:\/\/www.nrk.no\/norge\/kongehuset-om-netflix-dokumentar_-_-brudd-pa-avtalen-med-kongehuset-1.17570631\" ec-id=\"pp:article:1.17570631\" ec-name=\"brudd p\u00e5 en avtale de inngikk i 2022,\" rel=\"nofollow noopener\" target=\"_blank\">brudd p\u00e5 en avtale de inngikk i 2022,<\/a> om at tittelen ikke skulle brukes i kommersielle sammenhenger.<\/p>\n<p>Snakket om rasisme-kommentar<\/p>\n<p>Programmet \u00abCarina Bergfeldt\u00bb ble spilt inn forrige uke med noen uvanlige sikkerhetstiltak, if\u00f8lge <a href=\"https:\/\/www.expressen.se\/noje\/tv-och-streaming\/hemlig-inspelning-av-svts-carina-bergfeldt-\/?utm_source=sdrn%3Avg%3Aarticle%3AjQ8B7A\" ec-id=\"https:\/\/www.expressen.se\/noje\/tv-och-streaming\/hemlig-inspelning-av-svts-carina-bergfeldt-\/\" ec-name=\"Expressen\" rel=\"nofollow noopener\" target=\"_blank\">Expressen<\/a>.<\/p>\n<p>Publikum fikk mobilforbud, noe som bare har skjedd \u00e9n gang f\u00f8r p\u00e5 talkshowet, da Tom Hanks var gjest.<\/p>\n<p>NRK har ikke sett hele programmet, men har f\u00e5tt tilsendt utvalgte klipp fra intervjuet.<\/p>\n<p>Under intervjuet snakker paret ogs\u00e5 om innholdet i Netflix-dokumentaren \u00abRebel royals\u00bb.<\/p>\n<p>I dokumentaren sier Verrett at den norske kongefamilien <a href=\"https:\/\/www.nrk.no\/norge\/durek-verrett-med-rasismeoppgjor-i-ny-dokumentar_-_-kongefamilien-gjorde-ingenting-for-a-hjelpe-meg-1.17567073\" ec-id=\"pp:article:1.17567073\" ec-name=\"\u00abikke visste hva rasisme var\u00bb\" rel=\"nofollow noopener\" target=\"_blank\">\u00abikke visste hva rasisme var\u00bb<\/a>. Uttalelsen vekte sterke reaksjoner, og kong Harald uttalte \u00abat man kan huske ting litt ulikt\u00bb.<\/p>\n<p>\u2013 Mange tok det jeg sa ut av kontekst fordi jeg snakket fra et amerikansk perspektiv. N\u00e5r jeg sier at de ikke forst\u00e5r rasisme betyr det ikke at de ikke kjenner til det, men at de ikke visste hvordan det p\u00e5virket meg, sier Verret til SVT.<\/p>\n<p>Han understreket at det han liker med svigerfamilien sin er at de er s\u00e5 \u00e5pne og snille.\n<\/p>\n<p>\u2013 Durek var min klippe<\/p>\n<p>Verrett har v\u00e6rt \u00e5pen om nyresykdommen han har, og hadde med kamerateamet til Netflix under en av behandlingene sine. Tre dager i uka m\u00e5 han p\u00e5 en fire timers behandling.<\/p>\n<p>\u2013 Hvor lenge kan du leve slik?<\/p>\n<p>\u2013 Det er viktig for meg \u00e5 si til meg selv at jeg lever, og at jeg skal leve til det fulle hver dag. Hvis det kommer en dag hvor gud sier det er p\u00e5 tide at du kommer hjem, s\u00e5 kommer jeg hjem.<\/p>\n<p>\u2013 Men det er ikke n\u00e5, skyter prinsessen inn.<\/p>\n<p><img decoding=\"async\"   src=\"data:image\/gif;base64,R0lGODlhAQABAIAAAAAAAP\/\/\/yH5BAEAAAAALAAAAAABAAEAAAIBRAA7\" loading=\"eager\" alt=\"Prinsesse M\u00e4rtha Louise og Durek Verrett i Netflix-dokumentaren &quot;Royal Rebels&quot;, de sitter i en sofa med lukkede \u00f8yne og mediterer.\" title=\"Foto: Netflix\"\/><\/p>\n<p class=\"\">Prinsesse M\u00e4rtha Louise og Durek Verrett i \u00abRebel royals\u00bb.<\/p>\n<p>Foto: Netflix<\/p>\n<p>P\u00e5 sp\u00f8rsm\u00e5l om n\u00e5r det har v\u00e6rt vanskeligst \u00e5 v\u00e6re stefar til prinsesse M\u00e4rtha Louise sine tre barn svarer Verret at det var rundt Ari Behns d\u00f8dsfall. Han tok sitt eget liv i 2019.<\/p>\n<p>\u2013 Jeg ville v\u00e6re der for dem, uten \u00e5 gi noe input, men gi dem plass, sier Verrett.<\/p>\n<p>\u2013 Durek var min klippe gjennom det hele, sier prinsessen tydelig preget.<\/p>\n<p>Hun blir spurt om det fremdeles er vanskelig \u00e5 prate om.<\/p>\n<p>\u2013 Ja, men det er okei. Jeg gr\u00e5ter s\u00e5 det er okei.<\/p>\n<p>Publisert<\/p>\n<p>23.10.2025, kl. 20.16<\/p>\n","protected":false},"excerpt":{"rendered":"Mandag forrige uke ble prinsesse M\u00e4rtha Louise og Durek Verrett intervjuet av den svenske journalisten Carina Bergfeldt til&hellip;\n","protected":false},"author":2,"featured_media":68364,"comment_status":"","ping_status":"","sticky":false,"template":"","format":"standard","meta":{"footnotes":""},"categories":[58],"tags":[71,30,28,29,72],"class_list":{"0":"post-68363","1":"post","2":"type-post","3":"status-publish","4":"format-standard","5":"has-post-thumbnail","7":"category-underholdning","8":"tag-entertainment","9":"tag-no","10":"tag-norge","11":"tag-norway","12":"tag-underholdning"},"share_on_mastodon":{"url":"https:\/\/pubeurope.com\/@no\/115425297197101290","error":""},"_links":{"self":[{"href":"https:\/\/www.europesays.com\/no\/wp-json\/wp\/v2\/posts\/68363","targetHints":{"allow":["GET"]}}],"collection":[{"href":"https:\/\/www.europesays.com\/no\/wp-json\/wp\/v2\/posts"}],"about":[{"href":"https:\/\/www.europesays.com\/no\/wp-json\/wp\/v2\/types\/post"}],"author":[{"embeddable":true,"href":"https:\/\/www.europesays.com\/no\/wp-json\/wp\/v2\/users\/2"}],"replies":[{"embeddable":true,"href":"https:\/\/www.europesays.com\/no\/wp-json\/wp\/v2\/comments?post=68363"}],"version-history":[{"count":0,"href":"https:\/\/www.europesays.com\/no\/wp-json\/wp\/v2\/posts\/68363\/revisions"}],"wp:featuredmedia":[{"embeddable":true,"href":"https:\/\/www.europesays.com\/no\/wp-json\/wp\/v2\/media\/68364"}],"wp:attachment":[{"href":"https:\/\/www.europesays.com\/no\/wp-json\/wp\/v2\/media?parent=68363"}],"wp:term":[{"taxonomy":"category","embeddable":true,"href":"https:\/\/www.europesays.com\/no\/wp-json\/wp\/v2\/categories?post=68363"},{"taxonomy":"post_tag","embeddable":true,"href":"https:\/\/www.europesays.com\/no\/wp-json\/wp\/v2\/tags?post=68363"}],"curies":[{"name":"wp","href":"https:\/\/api.w.org\/{rel}","templated":true}]}}