{"id":68369,"date":"2025-10-23T20:17:35","date_gmt":"2025-10-23T20:17:35","guid":{"rendered":"https:\/\/www.europesays.com\/no\/68369\/"},"modified":"2025-10-23T20:17:35","modified_gmt":"2025-10-23T20:17:35","slug":"debatten-debatt-mange-arrangementer-er-luksus-men-selv-luksus-ma-doseres","status":"publish","type":"post","link":"https:\/\/www.europesays.com\/no\/68369\/","title":{"rendered":"Debatten, Debatt | Mange arrangementer er luksus \u2013 men selv luksus m\u00e5 doseres"},"content":{"rendered":"\n<p>Helgen 24.\u201326. oktober er helgen da alt skjer i d\u00f8labyen. Det er som om hele kulturkalenderen har t\u00f8mt seg over tre dager.<\/p>\n<p>Lilyhammericana fyller byen med country og americana, Heartbox \u00e5pner d\u00f8rene i L\u00f8kkegata, i Maihaugsalen synger ABBA-hyllesten Waterloo for utsolgte hus og Hockey Classic pr\u00f8ver \u00e5 trekke tusenvis til H\u00e5kons hall. Samtidig er det tangohelg og rock i Kulturhuset Banken.<\/p>\n<p>Det koker i kalenderen \u2013 men ikke alle f\u00e5r billettene til \u00e5 fyke unna.<\/p>\n<p>Bare de siste ukene er tre konserter blitt avlyst: Atlas p\u00e5 Brenneriet, Christian Ingebrigtsen p\u00e5 Fabrikken og \u00c5ge Sten Nilsen p\u00e5 Hvelvet. Alle med samme beskjed: For f\u00e5 solgte billetter.<\/p>\n<p>Meningene er mange om hvorfor noen m\u00e5 avlyse og om lillehamringene i det hele tatt er flinke til \u00e5 g\u00e5 ut. Noen mener vi tilbringer for mye tid p\u00e5 trening, Strava og fjellet, andre mener vi tilbringer altfor mye tid hjemme og s\u00e5 er det de som mener lillehamringene er kjempeflinke til \u00e5 opps\u00f8ke arrangementer. Ta opp tematikken i lunsjen p\u00e5 jobb og du er garantert en diskusjon med mange sterke meninger.<\/p>\n<p>Vi vil selvf\u00f8lgelig ha puls, men de foreg\u00e5r p\u00e5 mange arenaer samtidig. N\u00e5r arrangementene ligger tett, stjeler de fra det samme publikummet. Ingen rekker \u00e5 f\u00e5 med seg alt, og resultatet er at noen m\u00e5 trekke det korteste str\u00e5et.<\/p>\n<p>Arrang\u00f8rer skylder p\u00e5 at arrangementene er for mange og at det er for lite samarbeid. Men selvf\u00f8lgelig spiller ogs\u00e5 markedsf\u00f8ring og popularitet inn. Stjerneskuddet Tobias Sten sin konsert p\u00e5 Maihaugen onsdag ble utsolgt lenge f\u00f8r d\u00f8rene \u00e5pnet.<\/p>\n<p>\u00d8konomien spiller ogs\u00e5 selvf\u00f8lgelig inn. Det er tryggere \u00e5 bruke pengene p\u00e5 noe kjent enn noe nytt. Det gj\u00f8r noe med kulturlivet. Kjente navn selger ut, mens de sm\u00e5 og nyskapende kan forsvinne. N\u00e5r tryggheten styrer, blir kulturlivet gr\u00e5ere.<\/p>\n<p>Lillehammer har samtidig en identitet som b\u00e5de kulturby og idrettsby. To sterke bein vi m\u00e5 klare \u00e5 balansere videre p\u00e5, uten \u00e5 sette det ene milj\u00f8et opp mot det andre.<\/p>\n<p>Problemet er ikke at Lillehammer mangler initiativ. Problemet er at vi mangler koordinasjon. N\u00e5r alle drar i hver sin retning, blir det vanskelig \u00e5 f\u00e5 tak i den felles rytmen som trengs for at byen skal sl\u00e5 i takt.<\/p>\n<p>Det er gledelig at nettsiden \u00abVi leverer Kultur\u00bb samler arrang\u00f8rer for \u00e5 samkj\u00f8re kalenderen. Det er p\u00e5 h\u00f8y tid. For i en liten by kan vi ikke konkurrere som i en storby. Her m\u00e5 vi samarbeide.<\/p>\n<p>\u00abVi leverer Kultur\u00bb er et viktig steg. Men det er bare begynnelsen. Samarbeid handler ikke bare om \u00e5 samkj\u00f8re datoer \u2013 det handler om \u00e5 bygge en felles strategi. Om \u00e5 t\u00f8rre \u00e5 st\u00e5 over en helg, slik at naboen kan lykkes.<\/p>\n<p>Hvis alle skal arrangere alt samtidig, vinner ingen. Mange arrangementer er luksus \u2013 men selv luksus m\u00e5 doseres.<\/p>\n<p>  <a href=\"https:\/\/www.gd.no\/5-18-2386837\" class=\"related-teaser has-image default-story-teaser article--c-eRUmMG article--c-eRUmMG-jKCPdD-design-default\" rel=\"nofollow noopener\" target=\"_blank\"><\/p>\n<p>    <img decoding=\"async\" loading=\"lazy\"  src=\"https:\/\/www.europesays.com\/no\/wp-content\/uploads\/2025\/10\/image_00D6934C-810A-4666-8299-214ED7D3AC17_1761156355.jpeg\" alt=\"\" class=\"brick-c-cFOWSL\" style=\"\"\/><\/p>\n<p>\n            Les ogs\u00e5<\/p>\n<p>              Mange sliter med billettsalget, men her var det fullsatt sal onsdag kveld\n        <\/p>\n<p>  <\/a><\/p>\n<p>  <a href=\"https:\/\/www.gd.no\/5-18-2386703\" class=\"related-teaser has-image default-story-teaser article--c-eRUmMG article--c-eRUmMG-jKCPdD-design-default\" rel=\"nofollow noopener\" target=\"_blank\"><\/p>\n<p>    <img decoding=\"async\" loading=\"lazy\"  src=\"https:\/\/www.europesays.com\/no\/wp-content\/uploads\/2025\/10\/image_3FAF22BE-3648-4F51-BF85-E2F60595B035_1761050742.jpeg\" alt=\"\" class=\"brick-c-cFOWSL\" style=\"\"\/><\/p>\n<p>\n            Les ogs\u00e5<\/p>\n<p>              Reddet festivalen med lurt grep: \u2013 Vi m\u00e5 samarbeide bedre\n        <\/p>\n<p>  <\/a><\/p>\n<p>  <a href=\"https:\/\/www.gd.no\/5-18-2356660\" class=\"related-teaser has-image default-story-teaser article--c-eRUmMG article--c-eRUmMG-jKCPdD-design-default\" rel=\"nofollow noopener\" target=\"_blank\"><\/p>\n<p>    <img decoding=\"async\" loading=\"lazy\"  src=\"https:\/\/www.europesays.com\/no\/wp-content\/uploads\/2025\/09\/Tommy+Andersson+og+Stein+Erik+Juvstad.jpg\" alt=\"\" class=\"brick-c-cFOWSL\" style=\"\"\/><\/p>\n<p>\n            Les ogs\u00e5<\/p>\n<p>              Denne helgen kolliderer alt: \u2013 Hvor ble samarbeidet av?\n        <\/p>\n<p>  <\/a><\/p>\n<p>  <a href=\"https:\/\/www.gd.no\/5-18-2371584\" class=\"related-teaser has-image default-story-teaser article--c-eRUmMG article--c-eRUmMG-jKCPdD-design-default\" rel=\"nofollow noopener\" target=\"_blank\"><\/p>\n<p>    <img decoding=\"async\" loading=\"lazy\"  src=\"https:\/\/www.europesays.com\/no\/wp-content\/uploads\/2025\/10\/Skjermbilde+2025-09-29+142117.png\" alt=\"\" class=\"brick-c-cFOWSL\" style=\"\"\/><\/p>\n<p>\n            Les ogs\u00e5<\/p>\n<p>              Avlyste konsert: \u2013 For d\u00e5rleg billettsal\n        <\/p>\n<p>  <\/a><\/p>\n<p>  <a href=\"https:\/\/www.gd.no\/5-18-2069288\" class=\"related-teaser has-image default-story-teaser article--c-eRUmMG article--c-eRUmMG-jKCPdD-design-default\" rel=\"nofollow noopener\" target=\"_blank\"><\/p>\n<p>    <img decoding=\"async\" loading=\"lazy\"  src=\"https:\/\/www.europesays.com\/no\/wp-content\/uploads\/2025\/10\/20240511_132934+%281%29.jpg\" alt=\"\" class=\"brick-c-cFOWSL\" style=\"\"\/><\/p>\n<p>\n            Les ogs\u00e5<\/p>\n<p>              \u00c9in m\u00e5nad att til festival \u2013 har knapt selt billettar\n        <\/p>\n<p>  <\/a><\/p>\n<p>  <a href=\"https:\/\/www.gd.no\/5-18-2037081\" class=\"related-teaser has-image default-story-teaser article--c-eRUmMG article--c-eRUmMG-jKCPdD-design-default\" rel=\"nofollow noopener\" target=\"_blank\"><\/p>\n<p>    <img decoding=\"async\" loading=\"lazy\"  src=\"https:\/\/www.europesays.com\/no\/wp-content\/uploads\/2025\/10\/TO-+M%C3%9BLLER+3.jpg\" alt=\"\" class=\"brick-c-cFOWSL\" style=\"\"\/><\/p>\n<p>\n            Les ogs\u00e5<\/p>\n<p>              \u2013 Folk m\u00e5 f\u00e5 r\u00e6va ut av Strava-appen og begynne \u00e5 oppf\u00f8re seg som man gj\u00f8r i en ordentlig by\n        <\/p>\n<p>  <\/a><\/p>\n<p>  <a href=\"https:\/\/www.gd.no\/5-18-2041822\" class=\"related-teaser has-image default-opinion-teaser article--c-eRUmMG article--c-eRUmMG-jKCPdD-design-default\" rel=\"nofollow noopener\" target=\"_blank\"><\/p>\n<p>    <img decoding=\"async\" loading=\"lazy\"  src=\"https:\/\/www.europesays.com\/no\/wp-content\/uploads\/2025\/10\/Birken+kommentar.jpg\" alt=\"\" class=\"brick-c-cFOWSL\" style=\"\"\/><\/p>\n<p>\n            Les ogs\u00e5<\/p>\n<p>              Selv Strava-folk g\u00e5r p\u00e5 festival\n        <\/p>\n<p>  <\/a><\/p>\n","protected":false},"excerpt":{"rendered":"Helgen 24.\u201326. oktober er helgen da alt skjer i d\u00f8labyen. Det er som om hele kulturkalenderen har t\u00f8mt&hellip;\n","protected":false},"author":2,"featured_media":68370,"comment_status":"","ping_status":"","sticky":false,"template":"","format":"standard","meta":{"footnotes":""},"categories":[58],"tags":[36,37,5518,71,497,155,410,1427,30,28,29,1533,83,72],"class_list":{"0":"post-68369","1":"post","2":"type-post","3":"status-publish","4":"format-standard","5":"has-post-thumbnail","7":"category-underholdning","8":"tag-art","9":"tag-debatt","10":"tag-debatten","11":"tag-entertainment","12":"tag-festival","13":"tag-konsert","14":"tag-kultur","15":"tag-lillehammer","16":"tag-no","17":"tag-norge","18":"tag-norway","19":"tag-opinion","20":"tag-sport","21":"tag-underholdning"},"share_on_mastodon":{"url":"https:\/\/pubeurope.com\/@no\/115425328771316458","error":""},"_links":{"self":[{"href":"https:\/\/www.europesays.com\/no\/wp-json\/wp\/v2\/posts\/68369","targetHints":{"allow":["GET"]}}],"collection":[{"href":"https:\/\/www.europesays.com\/no\/wp-json\/wp\/v2\/posts"}],"about":[{"href":"https:\/\/www.europesays.com\/no\/wp-json\/wp\/v2\/types\/post"}],"author":[{"embeddable":true,"href":"https:\/\/www.europesays.com\/no\/wp-json\/wp\/v2\/users\/2"}],"replies":[{"embeddable":true,"href":"https:\/\/www.europesays.com\/no\/wp-json\/wp\/v2\/comments?post=68369"}],"version-history":[{"count":0,"href":"https:\/\/www.europesays.com\/no\/wp-json\/wp\/v2\/posts\/68369\/revisions"}],"wp:featuredmedia":[{"embeddable":true,"href":"https:\/\/www.europesays.com\/no\/wp-json\/wp\/v2\/media\/68370"}],"wp:attachment":[{"href":"https:\/\/www.europesays.com\/no\/wp-json\/wp\/v2\/media?parent=68369"}],"wp:term":[{"taxonomy":"category","embeddable":true,"href":"https:\/\/www.europesays.com\/no\/wp-json\/wp\/v2\/categories?post=68369"},{"taxonomy":"post_tag","embeddable":true,"href":"https:\/\/www.europesays.com\/no\/wp-json\/wp\/v2\/tags?post=68369"}],"curies":[{"name":"wp","href":"https:\/\/api.w.org\/{rel}","templated":true}]}}