{"id":68379,"date":"2025-10-23T20:27:11","date_gmt":"2025-10-23T20:27:11","guid":{"rendered":"https:\/\/www.europesays.com\/no\/68379\/"},"modified":"2025-10-23T20:27:11","modified_gmt":"2025-10-23T20:27:11","slug":"kong-frederik-kritiseres-for-ferievanene-sine","status":"publish","type":"post","link":"https:\/\/www.europesays.com\/no\/68379\/","title":{"rendered":"Kong Frederik kritiseres for ferievanene sine"},"content":{"rendered":"<p class=\"kicker \" style=\"\">Kong Frederik:\u00a0<\/p>\n<p>  Eksperter kommer med advarsel til danskekongen.\u00a0<\/p>\n<p>\n    FERIEKONGE: Kong Frederik og dronning Mary er ikke fremmed for \u00e5 ta seg en ferie eller to. Dette skaper reaksjoner. Foto: Martin H\u00f8ie \/ Aller Media Danmark\n  <\/p>\n<p>Kong Frederik (56) har hatt ni utenlandsferier bare i \u00e5r, og n\u00e5 advarer eksperter om at det kan bli et problem for monarkiet.<\/p>\n<p>    <a itemprop=\"url\" href=\"https:\/\/www.seher.no\/kongelig\/var-min-klippe\/83761546\" rel=\"nofollow noopener\" target=\"_blank\"><\/p>\n<p>      <img loading=\"lazy\" decoding=\"async\" src=\"https:\/\/www.europesays.com\/no\/wp-content\/uploads\/2025\/10\/1761251229_653_83761570.webp\" width=\"147\" height=\"98\" title=\"- Var min klippe\" alt=\"\" class=\"lazyload\" style=\"--aspect-ratio-image: 1.50; \"\/><\/p>\n<p>        &#8211; Var min klippe<\/p>\n<p>    <\/a><\/p>\n<p>Danskekongen var tydelig i boken \u00abKongeord\u00bb om at han kom til \u00e5 trenge ferie &#8211; eller \u00abtimeouts\u00bb, som han selv kalte det. I boken understreket han \u00abhvor viktig det er at familien veksler mellom jobb og fritid\u00bb.\u00a0<\/p>\n<p class=\"font-weight-bold m-font-weight-bold\" data-lab-font_weight=\"font-weight-bold\">Og det l\u00f8ftet har han definitivt holdt.\u00a0<\/p>\n<p>        SPORL\u00d8ST FORSVUNNET: Gunilla Persson skal finne kj\u00e6rligheten i Norge med serien \u00abDen rette for Gunilla\u00bb, men etter skogbrannene i Los Angeles kunne hollywoodfruen n\u00e5 avsl\u00f8re at eksen er saks\u00f8kt. Video: Viaplay &#8211; \u00abDen rette for Gunilla\u00bb \/ H\u00e5vard Bj\u00f8rnerem<\/p>\n<p>If\u00f8lge den offisielle kongelige kalenderen har kong Frederik hatt hele 47 feriedager i utlandet hittil i \u00e5r, fordelt p\u00e5 ni ulike reiser. Det tilsvarer nesten syv ukers ferie, skriver danske <a href=\"https:\/\/ekstrabladet.dk\/underholdning\/kongelige\/danskekongelige\/engell-om-feriekongen-frederik-skal-passe-paa\/10985307\" rel=\"nofollow noopener\" target=\"_blank\">Ekstra Bladet.<\/a><\/p>\n<p class=\"font-weight-bold m-font-weight-bold\" data-lab-font_weight=\"font-weight-bold\">N\u00e5 advarer den politiske kommentatoren Hans Engell (77) om at danskekongens massive feriebehov kan bli et problem. Han mener Frederik m\u00e5 v\u00e6re forsiktig med inntrykket han gir det danske folk.<\/p>\n<p>          <img loading=\"lazy\" decoding=\"async\" src=\"https:\/\/www.europesays.com\/no\/wp-content\/uploads\/2025\/10\/83763229.webp\" width=\"686\" height=\"515\" title=\"REISEGLADE: Kong Frederik og dronning Mary avbildet p\u00e5 en ferie til Sardinia i Middelhavet i fjor sommer. Foto: NTB\" alt=\"\" class=\"\" style=\"--aspect-ratio-image: 1.33; \"\/><\/p>\n<p>\n          REISEGLADE: Kong Frederik og dronning Mary avbildet p\u00e5 en ferie til Sardinia i Middelhavet i fjor sommer. Foto: NTB\n      <\/p>\n<p>&#8211; Begynner \u00e5 bli et problem\u00a0\t<\/p>\n<p>Engell understreker at kong Frederik ikke har droppet noen offisielle plikter han burde ha deltatt p\u00e5, men at det handler om hvordan det oppfattes utad.<\/p>\n<p>    <a itemprop=\"url\" href=\"https:\/\/www.seher.no\/kongelig\/krysset-mammas-siste-grense\/83755346\" rel=\"nofollow noopener\" target=\"_blank\"><\/p>\n<p>      <img loading=\"lazy\" decoding=\"async\" src=\"https:\/\/www.europesays.com\/no\/wp-content\/uploads\/2025\/10\/1761251229_971_83009676.webp\" width=\"147\" height=\"98\" title=\"Krysset mammas siste grense\" alt=\"\" class=\"lazyload\" style=\"--aspect-ratio-image: 1.50; \"\/><\/p>\n<p>        Krysset mammas siste grense<\/p>\n<p>    <\/a><\/p>\n<p>&#8211; Jeg synes det g\u00e5r s\u00e5nn noenlunde forel\u00f8pig, men jeg synes det begynner \u00e5 bli litt av et problem hvis folk legger merke til alle gangene han tar ferie, enn dagene han faktisk gj\u00f8r noe, sier Engell, og legger til:<\/p>\n<p class=\"font-weight-bold m-font-weight-bold\" data-lab-font_weight=\"font-weight-bold\">&#8211; Frederik m\u00e5 passe seg for at det ikke dannes et bilde av at han har mye fri. Hvis han f\u00f8rst f\u00e5r stempelet som en som ikke gidder \u00e5 gj\u00f8re jobben sin, blir det veldig vanskelig for ham \u00e5 endre det.<\/p>\n<p>          <img loading=\"lazy\" decoding=\"async\" src=\"https:\/\/www.europesays.com\/no\/wp-content\/uploads\/2025\/10\/83763259.webp\" width=\"686\" height=\"680\" title=\"BADENYMFER: Frederik og Mary er sv\u00e6rt glade i \u00e5 reise til varmere str\u00f8k, gjerne flere ganger i \u00e5ret. Her fra 2019. Foto: All Over\" alt=\"\" class=\"\" style=\"--aspect-ratio-image: 1.01; \"\/><\/p>\n<p>\n          BADENYMFER: Frederik og Mary er sv\u00e6rt glade i \u00e5 reise til varmere str\u00f8k, gjerne flere ganger i \u00e5ret. Her fra 2019. Foto: All Over\n      <\/p>\n<p>Kommentatoren trekker ogs\u00e5 frem at kong Frederiks arbeidsmengde skiller seg fra andre kongehus og statsledere, og p\u00e5peker at det heller ikke som kronprins var slik at han var spesielt overbelastet med oppgaver.<\/p>\n<p>Ekstra Bladet har tidligere kunnet avsl\u00f8re at kong Frederik blant annet har hatt \u00abtimeouts\u00bb i Sveits, hvor han var 13 av februars 28 dager.<\/p>\n<p>        \u00c5PNER OPP: &#8211; Durek var min klippe gjennom hele hendelsen, sier M\u00e4rtha Louise om tiden etter Ari Behns d\u00f8dsfall i et intervju med SVTs Carina Bergfeldt. Video: SVT <\/p>\n<p>Holder destinasjonene hemmelige\t<\/p>\n<p>I motsetning til under dronning Margrethe (85), f\u00e5r ikke det danske folket lenger vite hvor kongeparet befinner seg n\u00e5r de er p\u00e5 privat ferie.<\/p>\n<p class=\"font-weight-bold m-font-weight-bold\" data-lab-font_weight=\"font-weight-bold\">Det er en ny praksis som skiller seg fra tidligere tider, forklarer Jakob Steen Olsen, kongehuskommentator i Berlingske, til Ekstra Bladet.\u00a0<\/p>\n<p>    <a itemprop=\"url\" href=\"https:\/\/www.seher.no\/kongelig\/rasende-pa-politiet\/83748974\" rel=\"nofollow noopener\" target=\"_blank\"><\/p>\n<p>      <img loading=\"lazy\" decoding=\"async\" src=\"https:\/\/www.europesays.com\/no\/wp-content\/uploads\/2025\/10\/1761251230_303_83749212.webp\" width=\"980\" height=\"441\" title=\"- Rasende p\u00e5 politiet\" alt=\"\" class=\"lazyload\" style=\"--aspect-ratio-image: 2.22; \"\/><\/p>\n<p>        &#8211; Rasende p\u00e5 politiet<\/p>\n<p>    <\/a><\/p>\n<p>&#8211; N\u00e5r man sammenligner med dronning Margrethe, hadde man en annen f\u00f8lelse av plikt til \u00e5 fortelle danskene hvor regenten befant seg. Det nye kongeparet derimot, verner om feriene sine, der pressen ikke f\u00e5r adgang &#8211; og det st\u00e5r de fast p\u00e5, sier Steen Olsen.\u00a0<\/p>\n<p>          <img loading=\"lazy\" decoding=\"async\" src=\"https:\/\/www.europesays.com\/no\/wp-content\/uploads\/2025\/10\/83763262.webp\" width=\"686\" height=\"762\" title=\"ANDRE TIDER: Det danske folk f\u00e5r ikke lenger vite hvor kongeparet er p\u00e5 ferie. Foto: Hanne Juul\" alt=\"\" class=\"\" style=\"--aspect-ratio-image: 0.90; \"\/><\/p>\n<p>\n          ANDRE TIDER: Det danske folk f\u00e5r ikke lenger vite hvor kongeparet er p\u00e5 ferie. Foto: Hanne Juul\n      <\/p>\n<p>Onsdag bekreftet det danske kongehuset at Frederik og dronning Mary er p\u00e5 en privat reise sammen. Det meldte<a href=\"https:\/\/www.bt.dk\/royale\/kongehuset-bekraefter-frederik-og-mary-er-paa-rejse\" rel=\"nofollow noopener\" target=\"_blank\"> B.T.<\/a>\u00a0<\/p>\n<p>Destinasjonen ble derimot holdt hemmelig, og kronprins Christian (19) fungerer som regent mens foreldrene er borte.\u00a0<\/p>\n<p>I neste uke venter et tett program for det danske kongeparet, med blant annet bes\u00f8k i Randers og et offisielt statsbes\u00f8k til Letland, skriver B.T.<\/p>\n<p>        \u00abNORGES DUMMESTE\u00bb: Cristian Brennhovd fikk kjenne p\u00e5 p\u00e5 stresset under en av konkurransene. Video: \u00abNorges dummeste\u00bb\/TV 2<\/p>\n<p>Reiste midt i Gr\u00f8nland-krisen\t<\/p>\n<p>Det er ikke f\u00f8rste gang kong Frederiks ferievaner har skapt hodebry. I januar i fjor, bare en m\u00e5ned etter at han overtok tronen fra moren, <a href=\"https:\/\/www.seher.no\/kongelig\/ferie-skaper-reaksjoner\/80973939\" rel=\"nofollow noopener\" target=\"_blank\">reiste han og familien p\u00e5 vinterferie.<\/a><\/p>\n<p>    <a itemprop=\"url\" href=\"https:\/\/www.seher.no\/kongelig\/heier-pa-mamma\/83714608\" rel=\"nofollow noopener\" target=\"_blank\"><\/p>\n<p>      <img loading=\"lazy\" decoding=\"async\" src=\"https:\/\/www.europesays.com\/no\/wp-content\/uploads\/2025\/10\/1761251230_413_83714616.webp\" width=\"147\" height=\"98\" title=\"F\u00e5r ikke komme p\u00e5 bes\u00f8k\" alt=\"\" class=\"lazyload\" style=\"--aspect-ratio-image: 1.50; \"\/><\/p>\n<p>        F\u00e5r ikke komme p\u00e5 bes\u00f8k<\/p>\n<p>    <\/a><\/p>\n<p>Den gang syntes den danske kongehuseksperten og hoffhistorikeren Lars Hovbakke S\u00f8rensen at det var bemerkelsesverdig at kongeparet tok ferie allerede da, if\u00f8lge danske\u00a0<a href=\"https:\/\/www.bt.dk\/royale\/dronning-margrethe-er-rigsforstander-for-foerste-gang-nogensinde\" rel=\"nofollow noopener\" target=\"_blank\">B.T.<\/a>. <\/p>\n<p>          <img loading=\"lazy\" decoding=\"async\" src=\"https:\/\/www.europesays.com\/no\/wp-content\/uploads\/2025\/10\/83763269.webp\" width=\"686\" height=\"501\" title=\"SAMLET: Fra venstre prinsesse Isabella, dronning Margrethe, kong Frederik, prins Vincent, prinsesse Josephine og dronning Mary. Foto: Hanne Juul\" alt=\"\" class=\"\" style=\"--aspect-ratio-image: 1.37; \"\/><\/p>\n<p>\n          SAMLET: Fra venstre prinsesse Isabella, dronning Margrethe, kong Frederik, prins Vincent, prinsesse Josephine og dronning Mary. Foto: Hanne Juul\n      <\/p>\n<p class=\"font-weight-bold m-font-weight-bold\" data-lab-font_weight=\"font-weight-bold\">&#8211; Det overrasker meg at kongeparet tar vinterferie allerede en m\u00e5ned etter tronskiftet, spesielt fordi det skjedde i all hast, sa han, og la til:\u00a0<\/p>\n<p>&#8211; Man skulle tro at det var nok \u00e5 gj\u00f8re, men de har tydeligvis valgt \u00e5 holde seg til \u00e5 ha vinterferie, og at dronning Margrethe da tiltrer i disse dager.<\/p>\n<p>I mars samme \u00e5r meldte\u00a0danske\u00a0<a href=\"https:\/\/www.bt.dk\/royale\/kong-frederik-paa-ferie-igen-saa-meget-har-han-arbejdet-som-konge\" rel=\"nofollow noopener\" target=\"_blank\">B.T.\u00a0<\/a>at kong Frederik s\u00e5 langt i 2024 hadde hatt 24 arbeidsdager, hvor han hadde jobbet hjemme i fem av dem. Kongen hadde til sammenligning hatt 54 fridager, inkludert to ferier.<\/p>\n<p>        LOS ANGELES, CALIFORNIA: Programledere for CBS News Los Angeles, Juan Fernandez og og Suzie Suh, blir vitne til et dramatisk \u00f8yeblikk under en direktesendt politijakt mandag 20. oktober. Video: CBS News Los Angeles. Reporter: Christina H. Korneliussen<\/p>\n<p>Kallenavnet \u00abkongen og dronningen av ferie\u00bb stoppet derimot ikke kongeparet fra \u00e5 reise bort p\u00e5 p\u00e5skeferie.<\/p>\n<p><a href=\"https:\/\/ekstrabladet.dk\/underholdning\/kongelige\/danskekongelige\/kongen-og-dronningen-af-ferie-holder-mere-fri-end-de-arbejder\/10134205\" rel=\"nofollow noopener\" target=\"_blank\">Ekstra Bladet<\/a> har tidligere skrevet en sak med tittelen \u00abKongen og dronningen af ferie: Holder mere fri end de arbejder\u00bb.<\/p>\n<p>    <a itemprop=\"url\" href=\"https:\/\/www.seher.no\/kongelig\/kan-kreve-prinsessetittel\/83753897\" rel=\"nofollow noopener\" target=\"_blank\"><\/p>\n<p>      <img loading=\"lazy\" decoding=\"async\" src=\"https:\/\/www.europesays.com\/no\/wp-content\/uploads\/2025\/10\/1761251231_587_83754466.webp\" width=\"980\" height=\"441\" title=\"Kan kreve prinsessetittel\" alt=\"\" class=\"lazyload\" style=\"--aspect-ratio-image: 2.22; \"\/><\/p>\n<p>        Kan kreve prinsessetittel<\/p>\n<p>    <\/a><\/p>\n<p>Ekstra Bladets kongehuskommentator Kim Bach har tidligere uttalt at man kan konstatere at det danske kongeparet bruker tid p\u00e5 \u00e5 komme ordentlig i gang i rollene.<\/p>\n<p>&#8211; Inntil videre har s\u00e5kalte time outs, som han skriver om i boken, fylt mest, sa\u00a0 Bach.<\/p>\n","protected":false},"excerpt":{"rendered":"Kong Frederik:\u00a0 Eksperter kommer med advarsel til danskekongen.\u00a0 FERIEKONGE: Kong Frederik og dronning Mary er ikke fremmed for&hellip;\n","protected":false},"author":2,"featured_media":68380,"comment_status":"","ping_status":"","sticky":false,"template":"","format":"standard","meta":{"footnotes":""},"categories":[12],"tags":[20,21,5816,8436,5818,4104,24,25,15,5817,76,22,23,13,30,28,29,14,16,26,27,42,43,44,45],"class_list":{"0":"post-68379","1":"post","2":"type-post","3":"status-publish","4":"format-standard","5":"has-post-thumbnail","7":"category-verden","8":"tag-breaking-news","9":"tag-breakingnews","10":"tag-det-danske-kongehuset","11":"tag-dronning-margrethe","12":"tag-dronning-mary","13":"tag-eksklusivt","14":"tag-featured-news","15":"tag-featurednews","16":"tag-headlines","17":"tag-kong-frederik","18":"tag-kongelig","19":"tag-latest-news","20":"tag-latestnews","21":"tag-news","22":"tag-no","23":"tag-norge","24":"tag-norway","25":"tag-nyheter","26":"tag-overskrifter","27":"tag-top-stories","28":"tag-topstories","29":"tag-verden","30":"tag-world","31":"tag-world-news","32":"tag-worldnews"},"share_on_mastodon":{"url":"https:\/\/pubeurope.com\/@no\/115425368148425998","error":""},"_links":{"self":[{"href":"https:\/\/www.europesays.com\/no\/wp-json\/wp\/v2\/posts\/68379","targetHints":{"allow":["GET"]}}],"collection":[{"href":"https:\/\/www.europesays.com\/no\/wp-json\/wp\/v2\/posts"}],"about":[{"href":"https:\/\/www.europesays.com\/no\/wp-json\/wp\/v2\/types\/post"}],"author":[{"embeddable":true,"href":"https:\/\/www.europesays.com\/no\/wp-json\/wp\/v2\/users\/2"}],"replies":[{"embeddable":true,"href":"https:\/\/www.europesays.com\/no\/wp-json\/wp\/v2\/comments?post=68379"}],"version-history":[{"count":0,"href":"https:\/\/www.europesays.com\/no\/wp-json\/wp\/v2\/posts\/68379\/revisions"}],"wp:featuredmedia":[{"embeddable":true,"href":"https:\/\/www.europesays.com\/no\/wp-json\/wp\/v2\/media\/68380"}],"wp:attachment":[{"href":"https:\/\/www.europesays.com\/no\/wp-json\/wp\/v2\/media?parent=68379"}],"wp:term":[{"taxonomy":"category","embeddable":true,"href":"https:\/\/www.europesays.com\/no\/wp-json\/wp\/v2\/categories?post=68379"},{"taxonomy":"post_tag","embeddable":true,"href":"https:\/\/www.europesays.com\/no\/wp-json\/wp\/v2\/tags?post=68379"}],"curies":[{"name":"wp","href":"https:\/\/api.w.org\/{rel}","templated":true}]}}